{"id":13883,"date":"2021-08-26T11:10:42","date_gmt":"2021-08-26T08:10:42","guid":{"rendered":"http:\/\/akdenizolaygazetesi.com\/?p=13883"},"modified":"2021-08-26T11:10:42","modified_gmt":"2021-08-26T08:10:42","slug":"secer-camliyaylada-mahalle-muhtarlariyla-bir-araya-geldi","status":"publish","type":"post","link":"https:\/\/akdenizolaygazetesi.com\/?p=13883","title":{"rendered":"SE\u00c7ER, \u00c7AMLIYAYLA\u2019DA MAHALLE MUHTARLARIYLA B\u0130R ARAYA GELD\u0130"},"content":{"rendered":"<p>Mersin B\u00fcy\u00fck\u015fehir Belediye Ba\u015fkan\u0131 Vahap Se\u00e7er, k\u0131rsal mahalle ziyaretlerini Tarsus, \u00c7aml\u0131yayla ve Toroslar il\u00e7elerinde muhtar ve vatanda\u015f bulu\u015fmalar\u0131yla s\u00fcrd\u00fcrd\u00fc. Se\u00e7er, b\u00fcrokratlar\u0131 ile birlikte ger\u00e7ekle\u015ftirdi\u011fi ziyaretlerde ilk olarak \u00c7aml\u0131yayla Ergene\u2019de il\u00e7edeki muhtarlarla kahvalt\u0131 etkinli\u011finde bulu\u015ftu. Ba\u015fkan Se\u00e7er, program\u0131n devam\u0131nda \u00c7aml\u0131yayla il\u00e7esinde Kisecik, Tarsus\u2019ta Boztepe, ard\u0131ndan ise Toroslar il\u00e7esinde \u00c7apar mevkii, K\u0131z\u0131lkaya, De\u011firmendere ve Alanyal\u0131 Mahallelerinde vatanda\u015flarla bir araya gelerek sorun ve talepleri yerinde dinledi.<br \/>\n\u201cBirlikten kuvvet do\u011far\u201d<br \/>\nBa\u015fkan Se\u00e7er\u2019in k\u0131rsal mahalle ziyaretlerine CHP Mersin Milletvekili Cengiz G\u00f6k\u00e7el, CHP il ve il\u00e7e y\u00f6neticileri, B\u00fcy\u00fck\u015fehir Belediyesi Meclis \u00fcyeleri ve b\u00fcrokratlar\u0131 kat\u0131ld\u0131. \u00c7aml\u0131yayla mahalle muhtarlar\u0131yla bulu\u015fmas\u0131nda hizmetleri de\u011ferlendiren Ba\u015fkan Se\u00e7er, \u201cHem il\u00e7e belediyemiz hem B\u00fcy\u00fck\u015fehir olarak belediye ba\u015fkanlar\u0131n\u0131n mensup oldu\u011fu siyasi partiye bakmaks\u0131z\u0131n, ortak paydada \u00c7aml\u0131yayla i\u00e7in hizmetleri ne kadar etkin, ne kadar \u00e7abuk, ne kadar kaliteli ula\u015ft\u0131rabiliriz bunun gayreti i\u00e7erisindeyiz. Yakla\u015f\u0131k 29 ayl\u0131k bir y\u00f6netim s\u00fcremizde bug\u00fcne kadar herhangi bir sorun ya\u015famad\u0131\u011f\u0131m\u0131z \u00c7aml\u0131yayla Belediyemiz ile in\u015fallah d\u00f6nemin sonuna kadar da ya\u015famayaca\u011f\u0131m\u0131z\u0131 d\u00fc\u015f\u00fcn\u00fcyorum. Bu hizmetleri muhtarlar\u0131m\u0131z, il\u00e7e belediyemiz, B\u00fcy\u00fck\u015fehir Belediyemiz ve bunlar\u0131 g\u00f6zeten Meclis \u00fcyelerimizin katk\u0131lar\u0131yla s\u00fcrd\u00fcrme zorunlulu\u011fumuz var. Bunu \u00f6nemsememiz laz\u0131m. Birlikten kuvvet do\u011far\u201d dedi.<br \/>\n\u201cVatanda\u015f memnuniyetini \u00f6n plana \u00e7\u0131karmaya gayret ediyoruz\u201d<br \/>\n\u00c7aml\u0131yayla gibi yaz n\u00fcfusu ile k\u0131\u015f n\u00fcfusu aras\u0131nda u\u00e7urumlar\u0131n oldu\u011fu yerle\u015fim yerlerinde en temel taleplerin belli ba\u015fl\u0131klar alt\u0131nda yo\u011funla\u015ft\u0131\u011f\u0131n\u0131 s\u00f6yleyen Ba\u015fkan Se\u00e7er, bu talepleri yol, temiz i\u00e7me suyuna eri\u015fim, \u00e7evre temizli\u011fi ve sinekle m\u00fccadele olarak s\u0131ralad\u0131. Temel talepler konusunda hizmetlerin etkin bir \u015fekilde yap\u0131lmas\u0131 durumunda di\u011fer hizmetlerin de daha rahat bir \u015fekilde yap\u0131labilece\u011fini dile getiren Se\u00e7er, \u201c\u00c7\u00fcnk\u00fc da\u011f\u0131n\u0131k bir il\u00e7e. \u0130nsanlar beni de ar\u0131yor bu b\u00f6lgeyi de iyi tan\u0131d\u0131\u011f\u0131m i\u00e7in. Ben o insana diyemiyorum ki oras\u0131 il\u00e7e belediyesinin. Bunu s\u00f6ylemekten a\u00e7\u0131k\u00e7as\u0131 s\u0131k\u0131l\u0131yorum. \u2018Tamam\u2019 diyorum, \u2018\u00e7\u00f6zeriz\u2019 diyorum. Ya kendi imkanlar\u0131m\u0131z\u0131 seferber ediyoruz, il\u00e7e belediyesinin g\u00f6rev alan\u0131 demeden ya da il\u00e7e belediyesi ile i\u015f birli\u011fi yap\u0131yoruz. Sonu\u00e7 itibariyle vatanda\u015f memnuniyetini \u00f6n plana \u00e7\u0131karmaya gayret ediyoruz. Bug\u00fcne kadar bu konuda yard\u0131mc\u0131 olan herkese ben \u00e7ok te\u015fekk\u00fcr ediyorum\u201d ifadelerini kulland\u0131.<br \/>\n\u201cBu y\u0131l sadece yol asfalt birimine ay\u0131rd\u0131\u011f\u0131m\u0131z b\u00fct\u00e7e yakla\u015f\u0131k olarak 435 milyon lira\u201d<br \/>\nBu y\u0131l yol yap\u0131mlar\u0131nda bir hayli mesafe ald\u0131klar\u0131n\u0131 s\u00f6yleyen Se\u00e7er, \u201cBizim bu y\u0131l sadece yol asfalt birimine ay\u0131rd\u0131\u011f\u0131m\u0131z b\u00fct\u00e7e yakla\u015f\u0131k olarak 435 milyon lira. Biz bunu a\u015faca\u011f\u0131z. Yani b\u00fct\u00e7e ger\u00e7ekle\u015fmesi %100\u2019\u00fcn \u00fczerinde olacak. Di\u011fer dairelerden b\u00fct\u00e7e aktard\u0131k ki \u00e7al\u0131\u015fmalar\u0131m\u0131z\u0131 s\u00fcrd\u00fcrebilelim\u201d diye konu\u015ftu.<br \/>\n\u201cMESK\u0130, su konusunda bu yaz\u0131 k\u0131smi sorunlarla ge\u00e7irmemizi sa\u011flad\u0131\u201d<br \/>\nKurakl\u0131\u011fa ba\u011fl\u0131 su s\u0131k\u0131nt\u0131s\u0131 ve iklim krizi nedeniyle olu\u015fan \u00e7evre sorunlar\u0131na da dikkat \u00e7eken Ba\u015fkan Se\u00e7er, MESK\u0130\u2019nin yaz aylar\u0131n\u0131 minimum su sorunu ile atlatmak ad\u0131na \u00f6nemli \u00e7al\u0131\u015fmalar yapt\u0131\u011f\u0131n\u0131 kaydetti. Ba\u015fkan Se\u00e7er,  \u201cSadece su s\u0131k\u0131nt\u0131s\u0131 de\u011fil \u00e7evre sorunlar\u0131, sel felaketleri en son, ondan \u00f6nce yang\u0131n felaketleri; buradan da k\u00fcresel \u0131s\u0131nman\u0131n ne menem bir konu oldu\u011funu da belirtmek isterim. Bizim \u00f6nemli su kayna\u011f\u0131m\u0131z Papaz\u0131n Ba\u011f\u0131. Orada dahi suyun kurudu\u011funu biliyorsunuz. Orada \u00f6nlemler ald\u0131 MESK\u0130, bizim bu yaz\u0131 k\u0131smi sorunlarla ge\u00e7irmemizi sa\u011flad\u0131lar. Ger\u00e7ekten MESK\u0130 bu konuda \u00e7ok \u00f6nemli, \u00e7ok de\u011ferli \u00e7al\u0131\u015fmalar yapt\u0131\u201d dedi.<br \/>\n\u201cBu y\u0131l 42 milyon TL sinekle m\u00fccadele i\u00e7in kimyasallara \u00f6dedi\u011fimiz para\u201d<br \/>\nSinekle m\u00fccadele i\u00e7in ay\u0131rd\u0131klar\u0131 b\u00fct\u00e7e miktar\u0131n\u0131 da payla\u015fan Ba\u015fkan Se\u00e7er, \u201cBu y\u0131l 42 milyon TL sinekle m\u00fccadele i\u00e7in kimyasallara \u00f6dedi\u011fimiz para. Biyolojik \u00e7al\u0131\u015fmalar\u0131 ayr\u0131 tutuyorum. Yani bu sulama havuzlar\u0131na lepistes bal\u0131\u011f\u0131 b\u0131rak\u0131yoruz o yumurtalar\u0131 yok etsin diye. Sulama havuzlar\u0131 da b\u00fcy\u00fck sorun yarat\u0131yor bize. Biz atmosferi kirletiyoruz \u00e7\u00fcnk\u00fc atmosfere zehir s\u0131k\u0131yoruz, kimyasal s\u0131k\u0131yoruz. L\u00fctfen \u00e7evre sa\u011fl\u0131\u011f\u0131 i\u00e7in, toplum sa\u011fl\u0131\u011f\u0131 i\u00e7in, param\u0131z\u0131n zayi olmamas\u0131 i\u00e7in, g\u00fczel bir \u00e7evrede ya\u015famam\u0131z i\u00e7in vatanda\u015flar\u0131m\u0131z \u00e7evre temizli\u011fine dikkat etsinler\u201d diye konu\u015ftu.<br \/>\n\u201cSe\u00e7im i\u00e7in de\u011fil, hizmet i\u00e7in var\u0131m\u201d<br \/>\nK\u0131z\u0131lkaya ziyaretinde kat\u0131ld\u0131\u011f\u0131 canl\u0131 yay\u0131nda konu\u015fan ve g\u00fcn sonu de\u011ferlendirmesi yapan Ba\u015fkan Se\u00e7er, ger\u00e7ekle\u015ftirdikleri gezilerin \u00f6nemini, \u201cVatanda\u015flar\u0131m\u0131z a\u00e7\u0131s\u0131ndan \u00f6nemli, de\u011ferli. Onlar\u0131n morali y\u00fckseliyor bizleri g\u00f6r\u00fcnce. Bizim de do\u011fal olarak moralimiz y\u00fckseliyor\u201d c\u00fcmleleriyle anlatt\u0131. Ba\u015fkan Se\u00e7er, memnuniyetin ve taleplerin kendilerine iletildi\u011fini ifade ederek, \u201cG\u00f6r\u00fcl\u00fcyor ki memnuniyet var ger\u00e7ekten. Bu da benim \u00e7al\u0131\u015fma azmimi, \u015fevkimi art\u0131r\u0131yor. Biz de b\u00f6yle memnuniyet olduk\u00e7a, g\u00fclen y\u00fczler bizi kar\u015f\u0131lad\u0131k\u00e7a ertesi sabah daha erken ve zinde kalk\u0131yoruz yata\u011f\u0131m\u0131zdan\u201d diye konu\u015ftu.<br \/>\nSe\u00e7im d\u00f6neminde s\u00f6yledi\u011fi, \u201cSe\u00e7im i\u00e7in de\u011fil, hizmet i\u00e7in var\u0131m\u201d anlay\u0131\u015f\u0131n\u0131n devam etti\u011fini ifade eden Ba\u015fkan Se\u00e7er, \u201cSe\u00e7ime az bir s\u00fcre kald\u0131. O zaman \u00e7\u0131kar\u0131z er meydan\u0131na, el mi yaman bey mi yaman orada g\u00f6r\u00fcr\u00fcz. Nelerin olaca\u011f\u0131n\u0131 orada g\u00f6r\u00fcr\u00fcz. O zaman bizim de s\u00f6yleyece\u011fimiz s\u00f6zler olur ama \u015fimdi herkes bizlere yard\u0131mc\u0131 olmaya gayret etsin. Biz ne s\u00f6yl\u00fcyorsak do\u011frular\u0131 s\u00f6yl\u00fcyoruz. Onlar daha \u00e7ok siyaseten bunu yap\u0131yorlar. B\u00f6yle al\u0131\u015fm\u0131\u015flar, T\u00fcrk siyaseti b\u00f6yle gelmi\u015f ama bundan sonra b\u00f6yle gitme \u015fans\u0131 yok. Sistem \u00e7\u00f6k\u00fcyor. Siz d\u00fcnyaya ayak uyduramazsan\u0131z \u00e7\u00f6keceksiniz. Z ku\u015fa\u011f\u0131n\u0131n yan\u0131ndan ge\u00e7ecek siyaset\u00e7iler de\u011fil bu anlay\u0131\u015fta siyaset\u00e7iler. Dolay\u0131s\u0131yla sizin kendinizi g\u00fcncellemeniz laz\u0131m. Zaten millet kavgadan, g\u00fcr\u00fclt\u00fcden b\u0131km\u0131\u015f, bezmi\u015f\u201d diye konu\u015ftu.<br \/>\n\u201c1 lira bor\u00e7 kulland\u0131rm\u0131yorlar ama ge\u00e7mi\u015f d\u00f6nemin borcunu \u00f6detiyorlar\u201d<br \/>\nMeclis\u2019te engellenmek istemediklerini s\u00f6zlerine ekleyen Ba\u015fkan Se\u00e7er, \u201cBir de bizi Meclis\u2019te engellemesinler. 1 lira bor\u00e7 kulland\u0131rm\u0131yorlar ama ge\u00e7mi\u015f d\u00f6nemin borcunu \u00f6detiyorlar. Bak\u0131n her y\u0131l 200 milyon lira faiz \u00f6d\u00fcyorum ben. \u0130n\u015fallah 2021 y\u0131l\u0131nda art\u0131k azalacak. 1 milyar 561 milyon faizli bor\u00e7 devrald\u0131k, banka borcu devrald\u0131k. Biz bor\u00e7lanam\u0131yoruz. Bir 2019 y\u0131l\u0131nda 164 milyon lira zar zor bor\u00e7lanma ald\u0131k. Ondan sonra sen sa\u011f ben selamet. 2 senedir bor\u00e7lanma alam\u0131yoruz. Zorlan\u0131yoruz. \u00c7ok daha fazla yapar\u0131z, yap\u0131yoruz. Rasyonel kullan\u0131yoruz paray\u0131. Ayaklar\u0131 yere basan projeler \u00fczerinden y\u00fcr\u00fcyoruz. Bak\u0131n geldik her tarafa sald\u0131rmad\u0131k. \u0130lk d\u00f6nem geldi\u011fimiz y\u0131l zaten b\u00fct\u00e7emizi, yat\u0131r\u0131m program\u0131n\u0131, strateji program\u0131 biz yapmam\u0131\u015ft\u0131k. Daha dengeli gittik, ikinci y\u0131l yat\u0131r\u0131mlar\u0131 ask\u0131ya ald\u0131k. Pandemi, farkl\u0131 ko\u015fullar geli\u015fti, ne yapt\u0131\u011f\u0131m\u0131z\u0131 bildik\u201d dedi.<br \/>\n\u201c\u0130\u015fler ray\u0131na oturduk\u00e7a yat\u0131r\u0131mlar\u0131m\u0131z art\u0131yor\u201d<br \/>\nSe\u00e7er, ayaklar\u0131 yere basan projelerle yat\u0131r\u0131mlar yapt\u0131klar\u0131n\u0131 ve bu yat\u0131r\u0131mlar\u0131n ger\u00e7ekle\u015fme oranlar\u0131n\u0131n y\u00fcksek oldu\u011funu ifade ederek, \u201c2020 y\u0131l\u0131nda yol asfalt biriminde tahakkuk edilen yat\u0131r\u0131m miktar\u0131 142 milyon lira, yani ger\u00e7ekle\u015fen. \u015eu anda 15 A\u011fustos itibari ile 2021 y\u0131l\u0131n\u0131n 315 milyon TL. Demek ki i\u015fler ray\u0131na oturduk\u00e7a yat\u0131r\u0131mlar\u0131m\u0131z art\u0131yor. Daha y\u0131l\u0131n tamamlanmas\u0131na yakla\u015f\u0131k olarak 4 ay var. \u0130\u015fte b\u00f6yle bir belediye, ayaklar\u0131 yere basan. \u0130\u015fte bir ihale ger\u00e7ekle\u015ftirdik. 13 firma girdi, canl\u0131 yay\u0131nland\u0131, \u015feffaf. 13 firma girdiyse bu belediye demek ki itibarl\u0131 bir belediye. Baz\u0131 kurumlar \u00f6deme s\u0131k\u0131nt\u0131s\u0131 ya\u015farken, bor\u00e7lanma alamamas\u0131na ra\u011fmen, k\u00f6t\u00fc bor\u00e7 miras\u0131n\u0131 \u00f6demesine ra\u011fmen yine de bu hizmetleri yap\u0131yor\u201d diye belirtti.<br \/>\n\u201cMetro ihalesini sonu\u00e7land\u0131raca\u011f\u0131z\u201d<br \/>\nBa\u015fkan Se\u00e7er, s\u00f6z verdikleri hizmetleri hayata ge\u00e7irmeye devam ettiklerini belirterek, \u015funlar\u0131 s\u00f6yledi:<br \/>\n\u201c \u2018G\u00f6\u00e7men Katl\u0131 Kav\u015fa\u011f\u0131 yap\u0131lacak\u2019 dedik, yap\u0131lacak. \u00c7\u00fcnk\u00fc bu ihale i\u00e7erisinde. Hal Katl\u0131 Kav\u015fa\u011f\u0131 yap\u0131lacak m\u0131, yap\u0131lacak, bu ihale i\u00e7erisinde. Tarsus\u2019ta 2 tane katl\u0131 kav\u015fak yap\u0131lacak m\u0131, yap\u0131lacak, bu ihale i\u00e7erisinde. Tarsus\u2019ta Berdan Nehri \u00fczerine k\u00f6pr\u00fc yap\u0131lacak m\u0131, yap\u0131lacak, bu ihale i\u00e7erisinde. Merkezde yollar yap\u0131lacak m\u0131, yap\u0131lacak, bu ihaleler i\u00e7erisinde. Biz ne yapt\u0131\u011f\u0131m\u0131z\u0131 biliyoruz, emin ad\u0131mlarla gidiyoruz. Metro ihalesini sonu\u00e7land\u0131raca\u011f\u0131z. Hangi firman\u0131n bu ihaleyi ald\u0131\u011f\u0131n\u0131, ne kadar bir ihale bedeli ile hangi ko\u015fullarda ald\u0131\u011f\u0131n\u0131 kamuoyuna a\u00e7\u0131klayaca\u011f\u0131z. \u015eu anda bono ihrac\u0131na \u00e7\u0131kt\u0131k. Hazine Bakanl\u0131\u011f\u0131, Hazine Bakan\u0131\u2019n\u0131n Say\u0131n Elvan\u2019\u0131n imzas\u0131n\u0131 bekliyoruz. Gerekli bilgi notlar\u0131n\u0131 arkada\u015flar\u0131m\u0131z kendilerine ula\u015ft\u0131r\u0131yorlar. K\u0131sa s\u00fcre i\u00e7erisinde imzadan \u00e7\u0131kt\u0131\u011f\u0131 zaman, finansman temin edildi\u011fi zaman da yani imza at\u0131ld\u0131\u011f\u0131 zaman temeli de ataca\u011f\u0131z, yer teslimini yapaca\u011f\u0131z. \u0130n\u015fallah Mersin\u2019e asr\u0131n projesinin ilk etapta 13.4 km\u2019lik 11 istasyondan olu\u015fan metroyu kazand\u0131raca\u011f\u0131z.  Daha sonra tramvay\u0131 fuar alan\u0131ndan GMK \u00fczerinde metro ba\u011flant\u0131l\u0131 \u00dcniversite Hastanesi, \u00fcniversite ve \u00fcniversite yolundan bir ring \u015fekilde yakla\u015f\u0131k olarak 8 km. Yine eski otogardan \u015fu anda metronun do\u011fu noktas\u0131 olan, nihai noktas\u0131 olan eski istasyondan \u015eehir Hastanesi ve yeni otogara kadar da \u00fc\u00e7\u00fcnc\u00fc etab\u0131 hemzemin rayl\u0131 sistemi, hafif rayl\u0131 sistemi g\u00f6t\u00fcrece\u011fiz.\u201d<br \/>\n\u201cGen\u00e7li\u011fe, k\u00fclt\u00fcre, sanata, Mersin\u2019e yapaca\u011f\u0131m\u0131z katk\u0131larla biz ad\u0131m\u0131zdan bahsettirece\u011fiz\u201d<br \/>\nYapt\u0131klar\u0131 her projenin modern bir Mersin i\u00e7in oldu\u011funu ifade eden ve gelecek y\u0131llara b\u0131rak\u0131lacak \u00f6nemli \u00e7al\u0131\u015fmalar oldu\u011funu kaydeden Ba\u015fkan Se\u00e7er, \u201cMersin her \u015feye lay\u0131k. Bak\u0131n 30 kilometre rayl\u0131 sistem projesinden bahsediyorum. Dar alanda vizyonsuz s\u00f6ylem i\u00e7erisinde de\u011filiz. Koca koca binalar vadetmiyoruz. Koca koca binalar yap\u0131p \u00e7ocuklar\u0131m\u0131za bo\u015f binalar\u0131 miras olarak b\u0131rakmayaca\u011f\u0131z. Bu tip modern, \u00e7a\u011fda\u015f, gelece\u011fi olan toplu ta\u015f\u0131ma ara\u00e7lar\u0131n\u0131, daha \u00fcreten bir Mersin i\u00e7in tar\u0131m desteklerini, yoksuluna, geliri d\u00fc\u015f\u00fck insan\u0131na, devletin \u015fefkatine ihtiyac\u0131 olan ailelere yapaca\u011f\u0131m\u0131z sosyal hizmetlerle biz bu memlekete iz b\u0131rakaca\u011f\u0131z. Gen\u00e7lerimizin e\u011fitimine yapt\u0131\u011f\u0131m\u0131z katk\u0131larla, k\u00fclt\u00fcre, sanata, modern bir Mersin\u2019e, gelece\u011fi olan bir Mersin\u2019e yapaca\u011f\u0131m\u0131z katk\u0131larla biz ad\u0131m\u0131zdan bahsettirece\u011fiz.\u201d<br \/>\n\u201c\u0130lk 29 ayda \u00f6nemli i\u015fler yapt\u0131 Mersin B\u00fcy\u00fck\u015fehir Belediyesi\u201d<br \/>\nMersin B\u00fcy\u00fck\u015fehir Belediyesi olarak 29 ayda \u00f6nemli hizmetler yapt\u0131klar\u0131n\u0131, bunu da vatanda\u015flar\u0131n g\u00f6rd\u00fc\u011f\u00fcn\u00fc ifade eden Se\u00e7er, \u201cHizmet eden, halk\u0131n paras\u0131n\u0131 son kuru\u015funa kadar dikkatli kullanan, ak\u0131ll\u0131ca yat\u0131r\u0131mlar yapan, insanlar\u0131 kucaklayan, insanlar\u0131 ay\u0131rmayan; \u00e7\u00fcnk\u00fc \u00e7ok renkli bir memleket Mersin; bu tarz s\u00f6ylemler ve siyaset\u00e7iler kazanacak bundan sonra. \u0130lk 29 ayda \u00f6nemli i\u015fler yapt\u0131 Mersin B\u00fcy\u00fck\u015fehir Belediyesi. G\u00fcne\u015f bal\u00e7\u0131kla s\u0131vanmaz. T\u00fcm T\u00fcrkiye takip ediyor, de\u011ferlendiriyor. Bu konuyla ilgili b\u00fct\u00fcn otoriteler Mersin B\u00fcy\u00fck\u015fehir Belediyesi\u2019nin hizmet noktas\u0131nda \u00e7ok de\u011ferli \u00e7al\u0131\u015fmalar yapt\u0131\u011f\u0131n\u0131 biliyor\u201d dedi.<br \/>\n\u201cGelecek y\u0131l May\u0131s ay\u0131na kadar yeni 100 limon gelecek\u201d<br \/>\nToplu ta\u015f\u0131maya 87 yeni Limon otob\u00fcs kazand\u0131rd\u0131klar\u0131n\u0131 hat\u0131rlatan Ba\u015fkan Se\u00e7er, yeni alacaklar\u0131 Limon otob\u00fcslerin de m\u00fcjdesini vererek, \u201c100 otob\u00fcs al\u0131m\u0131na daha \u00e7\u0131k\u0131yoruz. Uluslararas\u0131 \u0130mar ve Kalk\u0131nma Bankas\u0131\u2019ndan \u00e7ok \u00f6nemli bir hibe kredisi sa\u011flam\u0131\u015ft\u0131k. Cumhurba\u015fkanl\u0131\u011f\u0131\u2019ndan imzadan bekliyorduk, nihayetlendi. 10 ay sonra da olsa nihayetlendi. Bu \u00f6nemli bir ad\u0131m oldu. \u015eimdi o da Hazine Bakanl\u0131\u011f\u0131\u2019nda, imzadan \u00e7\u0131kmas\u0131n\u0131 bekliyoruz. Gelecek y\u0131l May\u0131s ay\u0131na kadar yeni 100 Limon gelecek, 12 metrelik ya da k\u00f6r\u00fckl\u00fc Limon. Bir de ge\u00e7ti\u011fimiz Meclis\u2019te kabul edildi, \u00f6denek aktard\u0131k Ula\u015f\u0131m Dairesi\u2019ne. 56 adet 9 metrelik dizel, daha \u00e7ok k\u0131rsal b\u00f6lgelere; \u015fimdi kulland\u0131\u011f\u0131m\u0131z modeller \u00e7ok demode, \u00e7ok yak\u0131t t\u00fcketen, astar\u0131 y\u00fcz\u00fcnden pahal\u0131, g\u00fcn\u00fc kurtarmak i\u00e7in kullan\u0131lan otob\u00fcsler ama g\u00fcn\u00fc kurtarmak i\u00e7in de\u011fil ger\u00e7ekten ekonomik, \u00e7evre dostu konforlu toplu ta\u015f\u0131ma ara\u00e7lar\u0131n\u0131 da art\u0131k 2022\u2019nin yar\u0131s\u0131na kadar Mersinimize kazand\u0131raca\u011f\u0131z. Uzun bir s\u00fcre art\u0131k yeni otob\u00fcs, lastik tekerlekli toplu ta\u015f\u0131ma arac\u0131na ihtiya\u00e7 olmayacak. Zaten rayl\u0131 sistemleri de k\u0131sa s\u00fcre i\u00e7erisinde devreye ald\u0131\u011f\u0131n\u0131z zaman Mersin merkezde hem lastik tekerlekli toplu ta\u015f\u0131ma ara\u00e7lar\u0131 hem de rayl\u0131 sistem marka kent modern kent bir Mersin resmini ortaya \u00e7\u0131karacak\u201d ifadelerini kulland\u0131.<br \/>\n\u201cTrollerin d\u0131\u015f\u0131nda herkes MESK\u0130\u2019den memnun olmaya ba\u015flad\u0131\u201d<br \/>\nMESK\u0130\u2019nin ger\u00e7ekle\u015ftirdi\u011fi projeleri de de\u011ferlendiren Ba\u015fkan Se\u00e7er, \u201cTrollerin d\u0131\u015f\u0131nda herkes MESK\u0130\u2019den memnun olmaya ba\u015flad\u0131. Trollerin d\u0131\u015f\u0131nda diyorum \u00e7\u00fcnk\u00fc ne olsa MESK\u0130\u2019den bulunuyor. MESK\u0130 iyi i\u015fler yap\u0131yor, yine k\u00f6t\u00fc. Olmayan su faturalar\u0131 sosyal medyada MESK\u0130\u2019yi karalama kampanyas\u0131na d\u00f6n\u00fc\u015ft\u00fcr\u00fcl\u00fcyor\u201d diye konu\u015ftu.<br \/>\nMESK\u0130\u2019de ger\u00e7ekle\u015ftirdikleri \u00f6nemli iyile\u015ftirmelerle vatanda\u015flar\u0131 rahatlatt\u0131klar\u0131n\u0131 ifade eden Ba\u015fkan Se\u00e7er, 12 metrek\u00fcp devrald\u0131klar\u0131 1. kademe kullan\u0131m fiyat\u0131n\u0131 15 metrek\u00fcpe \u00e7\u0131kard\u0131klar\u0131n\u0131 ifade etti. MESK\u0130\u2019nin kenti \u015fantiye alan\u0131na \u00e7evirdi\u011fini belirten Se\u00e7er, \u201cAnamur\u2019dan Tarsus\u2019a kadar her taraf \u015fantiye gibi \u00e7al\u0131\u015f\u0131yor. Muhtarlar, vatanda\u015flar MESK\u0130\u2019nin bu y\u0131l kurakl\u0131k olmas\u0131na ra\u011fmen susuzluk konusunda m\u00fcdahalelerinden memnun\u201d ifadelerini kulland\u0131.<br \/>\nG\u00f6k\u00e7el: \u201cMilletvekili olarak bug\u00fcn \u00e7ok mutluyum\u201d<br \/>\nK\u0131rsal mahalle ziyaretlerinin ard\u0131ndan kat\u0131ld\u0131\u011f\u0131 canl\u0131 yay\u0131nda de\u011ferlendirmelerde bulunan CHP Mersin Milletvekili Cengiz G\u00f6k\u00e7el de konu\u015fmas\u0131nda \u015fu ifadelere yer verdi:<br \/>\n\u201cMilletvekili olarak bug\u00fcn \u00e7ok mutluyum. Mutlulu\u011fum \u015fundan; k\u0131rsalda do\u011fmu\u015f bir k\u00f6y \u00e7ocu\u011fu olarak da k\u00f6ylerimize yap\u0131lan hizmetlerden de ayriyeten mutlu oldum. 14 \u00c7aml\u0131yayla muhtar\u0131n\u0131n 12 tanesi toplant\u0131ya kat\u0131lm\u0131\u015ft\u0131. 12 tanesi de belediyemizin yapt\u0131\u011f\u0131 hizmetlerden memnuniyet duyduklar\u0131n\u0131 belirtti. Yap\u0131lan hizmetlerin kendilerine zaman\u0131nda, kaliteli ula\u015ft\u0131r\u0131ld\u0131\u011f\u0131n\u0131 s\u00f6ylediler. Bu bizim asl\u0131nda \u00fclkemizde Cumhuriyet Halk Partisi\u2019nin vatanda\u015fa hizmet anlay\u0131\u015f\u0131n\u0131n da asl\u0131nda bir yans\u0131mas\u0131yd\u0131. Buradan ben Say\u0131n Vahap Se\u00e7er\u2019e ve onun \u00e7al\u0131\u015fma arkada\u015flar\u0131na te\u015fekk\u00fcr ediyorum.\u201d<br \/>\nMilletvekili olarak CHP Genel Ba\u015fkan\u0131 Kemal K\u0131l\u0131\u00e7daro\u011flu\u2019nun talimatlar\u0131yla se\u00e7im b\u00f6lgelerinde \u00e7al\u0131\u015fmalar yapt\u0131klar\u0131n\u0131 ve vatanda\u015flarla bir araya geldiklerini s\u00f6yleyen G\u00f6k\u00e7el, \u201cBunu Say\u0131n B\u00fcy\u00fck\u015fehir Belediye Ba\u015fkan\u0131m\u0131z Mersin\u2019de g\u00f6steriyor. Vatanda\u015flarla bir araya gelerek, beklentilerini, taleplerini al\u0131yor. \u2018Ekonomik olarak kente ne katabilirimi\u2019 vatanda\u015flar\u0131m\u0131zdan \u00f6\u011freniyor ve ona g\u00f6re hizmetlerini yapmaya \u00e7aba sarf ediyor. \u0130\u015fte bu T\u00fcrk demokrasisini de, T\u00fcrkiye\u2019nin ekonomisini de g\u00fc\u00e7lendirecek bir \u00e7aba, bir \u00e7al\u0131\u015fma. Biz g\u00f6rev ald\u0131\u011f\u0131m\u0131zda \u2018halk\u0131n kaynaklar\u0131n\u0131 sonuna kadar d\u00fcr\u00fcst\u00e7e ve do\u011fru projelerde kullan\u0131p, hem alt yap\u0131s\u0131n\u0131 geli\u015ftirece\u011fiz \u00fclkemizin, hem de ekonomisini g\u00fc\u00e7lendirece\u011fiz\u2019 diyorduk. Belediyelerimiz, \u00f6zellikle Mersin B\u00fcy\u00fck\u015fehir Belediyemiz ve Say\u0131n Vahap Se\u00e7er, kaynaklar\u0131 olumlu ve yerinde kullan\u0131yorlar. Bundan da mutluluk duyuyoruz\u201d dedi.<\/p>\n","protected":false},"excerpt":{"rendered":"<p>Mersin B\u00fcy\u00fck\u015fehir Belediye Ba\u015fkan\u0131 Vahap Se\u00e7er, k\u0131rsal mahalle ziyaretlerini Tarsus, \u00c7aml\u0131yayla ve Toroslar il\u00e7elerinde muhtar ve vatanda\u015f bulu\u015fmalar\u0131yla s\u00fcrd\u00fcrd\u00fc. Se\u00e7er, b\u00fcrokratlar\u0131 ile birlikte ger\u00e7ekle\u015ftirdi\u011fi ziyaretlerde ilk olarak \u00c7aml\u0131yayla Ergene\u2019de il\u00e7edeki &hellip; <a href=\"https:\/\/akdenizolaygazetesi.com\/?p=13883\" class=\"more-link\">Devam\u0131n\u0131 Oku&#8230;<\/a><\/p>\n","protected":false},"author":2,"featured_media":13884,"comment_status":"open","ping_status":"open","sticky":false,"template":"","format":"standard","meta":[],"categories":[34,2,3,5],"tags":[],"_links":{"self":[{"href":"https:\/\/akdenizolaygazetesi.com\/index.php?rest_route=\/wp\/v2\/posts\/13883"}],"collection":[{"href":"https:\/\/akdenizolaygazetesi.com\/index.php?rest_route=\/wp\/v2\/posts"}],"about":[{"href":"https:\/\/akdenizolaygazetesi.com\/index.php?rest_route=\/wp\/v2\/types\/post"}],"author":[{"embeddable":true,"href":"https:\/\/akdenizolaygazetesi.com\/index.php?rest_route=\/wp\/v2\/users\/2"}],"replies":[{"embeddable":true,"href":"https:\/\/akdenizolaygazetesi.com\/index.php?rest_route=%2Fwp%2Fv2%2Fcomments&post=13883"}],"version-history":[{"count":1,"href":"https:\/\/akdenizolaygazetesi.com\/index.php?rest_route=\/wp\/v2\/posts\/13883\/revisions"}],"predecessor-version":[{"id":13885,"href":"https:\/\/akdenizolaygazetesi.com\/index.php?rest_route=\/wp\/v2\/posts\/13883\/revisions\/13885"}],"wp:featuredmedia":[{"embeddable":true,"href":"https:\/\/akdenizolaygazetesi.com\/index.php?rest_route=\/wp\/v2\/media\/13884"}],"wp:attachment":[{"href":"https:\/\/akdenizolaygazetesi.com\/index.php?rest_route=%2Fwp%2Fv2%2Fmedia&parent=13883"}],"wp:term":[{"taxonomy":"category","embeddable":true,"href":"https:\/\/akdenizolaygazetesi.com\/index.php?rest_route=%2Fwp%2Fv2%2Fcategories&post=13883"},{"taxonomy":"post_tag","embeddable":true,"href":"https:\/\/akdenizolaygazetesi.com\/index.php?rest_route=%2Fwp%2Fv2%2Ftags&post=13883"}],"curies":[{"name":"wp","href":"https:\/\/api.w.org\/{rel}","templated":true}]}}