{"id":13886,"date":"2021-08-26T11:31:55","date_gmt":"2021-08-26T08:31:55","guid":{"rendered":"http:\/\/akdenizolaygazetesi.com\/?p=13886"},"modified":"2021-08-26T11:31:55","modified_gmt":"2021-08-26T08:31:55","slug":"toroslarda-zafer-haftasi-karakucak-guresleriyle-senlenecek","status":"publish","type":"post","link":"https:\/\/akdenizolaygazetesi.com\/?p=13886","title":{"rendered":"TOROSLAR&#8217;DA ZAFER HAFTASI, KARAKUCAK G\u00dcRE\u015eLER\u0130YLE \u015eENLENECEK"},"content":{"rendered":"<p>Toroslar Belediyesi, 30 A\u011fustos Zafer Bayram\u0131 kutlamalar\u0131na, Ayvagedi\u011fi, So\u011fucak ve G\u00f6zne Mahallelerinde d\u00fczenleyece\u011fi Geleneksel Karakucak G\u00fcre\u015fleri ile renk katacak.<\/p>\n<p>Ata sporu olan g\u00fcre\u015fi ya\u015fatmak ad\u0131na yap\u0131lan ve Mersinlilerin b\u00fcy\u00fck ilgi g\u00f6sterdi\u011fi etkinlikte bu y\u0131l Geleneksel Karakucak G\u00fcre\u015fleri ve T\u00fcrkiye Y\u0131ld\u0131zlar \u015eampiyonas\u0131&#8217;n\u0131n 7&#8217;ncisi organize edilecek.<\/p>\n<p>T\u00fcrkiye&#8217;nin d\u00f6rt bir yan\u0131ndan sporcular\u0131n, er meydan\u0131nda boy g\u00f6sterece\u011fi g\u00fcre\u015flerin ilki 28 A\u011fustos Cumartesi g\u00fcn\u00fc saat 14.00&#8217;de Ayvagedi\u011fi Mahallesi Futbol Sahas\u0131nda Minikler, Y\u0131ld\u0131zlar ve B\u00fcy\u00fckler kategorilerinde ger\u00e7ekle\u015ftirilecek.<\/p>\n<p>Zafer Bayram\u0131 kutlamalar\u0131, 29 A\u011fustos Pazar g\u00fcn\u00fc saat 14.00&#8217;de So\u011fucak Mahallesi G\u00fcre\u015f Alan\u0131nda, Minikler ve Y\u0131ld\u0131zlar kategorilerinde yap\u0131lacak 7. Geleneksel Karakucak G\u00fcre\u015fleri ve T\u00fcrkiye Y\u0131ld\u0131zlar \u015eampiyonas\u0131&#8217;n\u0131n ard\u0131ndan 30 A\u011fustos Pazartesi g\u00fcn\u00fc saat 14.00&#8217;de G\u00f6zne Mahallesi G\u00fcre\u015f Alan\u0131nda Minikler, Y\u0131ld\u0131zlar ve B\u00fcy\u00fckler kategorilerinde yap\u0131lacak m\u00fcsabakalar ile ta\u00e7lanacak. G\u00fcre\u015f m\u00fcsabakalar\u0131nda kategorilerinde dereceye girenlere madalya ve para \u00f6d\u00fcl\u00fc verilecek.<\/p>\n<p>&#8220;T\u00fcm Sporculara Ba\u015far\u0131lar Dilerim&#8221;<\/p>\n<p>Toroslar Belediye Ba\u015fkan\u0131 Ats\u0131z Af\u015f\u0131n Y\u0131lmaz, t\u00fcm hem\u015fehrilerini m\u00fcsabakalar\u0131 izlemeye davet etti.<\/p>\n<p>30 A\u011fustos Zaferi\u2019nin 99\u2019ncu y\u0131ld\u00f6n\u00fcm\u00fc etkinlikleri kapsam\u0131nda ger\u00e7ekle\u015ftirecekleri g\u00fcre\u015f m\u00fcsabakalar\u0131na kat\u0131lacak t\u00fcm sporculara ba\u015far\u0131lar dileyen Ba\u015fkan Y\u0131lmaz; &#8220;D\u00fczenledi\u011fimiz bu organizasyonla T\u00fcrk k\u00fclt\u00fcr\u00fcn\u00fcn en \u00f6nemli de\u011ferlerinden ata sporu g\u00fcre\u015fi ya\u015fat\u0131yor, k\u00fclt\u00fcr ve tarihimize de sahip \u00e7\u0131km\u0131\u015f oluyoruz. Bundan 99 y\u0131l \u00f6nce birlik ve beraberlik i\u00e7erisinde kanlar\u0131yla, canlar\u0131yla bu topraklar\u0131 vatan yapan, her 30 A\u011fustos&#8217;ta bizlere bu \u015fanl\u0131 zaferin gururunu ya\u015fatan ba\u015fta Cumhuriyetimizin kurucusu Ulu \u00d6nderimiz Gazi Mustafa Kemal Atat\u00fcrk&#8217;\u00fc, silah arkada\u015flar\u0131n\u0131, Kurtulu\u015f Sava\u015f\u0131\u2019n\u0131n t\u00fcm kahramanlar\u0131n\u0131, aziz \u015fehitlerimizi, ebediyete intikal eden gazilerimizi rahmet, sayg\u0131 ve minnetle an\u0131yorum&#8221; ifadelerini kulland\u0131.<\/p>\n<p>Covid-19 ile m\u00fccadele kapsam\u0131nda Karakucak G\u00fcre\u015flerine ve Y\u0131ld\u0131zlar T\u00fcrkiye \u015eampiyonas\u0131&#8217;na kat\u0131lacak olan sporcu, antren\u00f6r, idareci ve hakemler, 48 saat \u00f6nce al\u0131nm\u0131\u015f Covid-19 PCR testi ve HES kodu sorgulamas\u0131 ile m\u00fcsabakalarda yer alacak.<\/p>\n","protected":false},"excerpt":{"rendered":"<p>Toroslar Belediyesi, 30 A\u011fustos Zafer Bayram\u0131 kutlamalar\u0131na, Ayvagedi\u011fi, So\u011fucak ve G\u00f6zne Mahallelerinde d\u00fczenleyece\u011fi Geleneksel Karakucak G\u00fcre\u015fleri ile renk katacak. Ata sporu olan g\u00fcre\u015fi ya\u015fatmak ad\u0131na yap\u0131lan ve Mersinlilerin b\u00fcy\u00fck ilgi &hellip; <a href=\"https:\/\/akdenizolaygazetesi.com\/?p=13886\" class=\"more-link\">Devam\u0131n\u0131 Oku&#8230;<\/a><\/p>\n","protected":false},"author":2,"featured_media":13887,"comment_status":"open","ping_status":"open","sticky":false,"template":"","format":"standard","meta":[],"categories":[34,3,5,10],"tags":[],"_links":{"self":[{"href":"https:\/\/akdenizolaygazetesi.com\/index.php?rest_route=\/wp\/v2\/posts\/13886"}],"collection":[{"href":"https:\/\/akdenizolaygazetesi.com\/index.php?rest_route=\/wp\/v2\/posts"}],"about":[{"href":"https:\/\/akdenizolaygazetesi.com\/index.php?rest_route=\/wp\/v2\/types\/post"}],"author":[{"embeddable":true,"href":"https:\/\/akdenizolaygazetesi.com\/index.php?rest_route=\/wp\/v2\/users\/2"}],"replies":[{"embeddable":true,"href":"https:\/\/akdenizolaygazetesi.com\/index.php?rest_route=%2Fwp%2Fv2%2Fcomments&post=13886"}],"version-history":[{"count":1,"href":"https:\/\/akdenizolaygazetesi.com\/index.php?rest_route=\/wp\/v2\/posts\/13886\/revisions"}],"predecessor-version":[{"id":13888,"href":"https:\/\/akdenizolaygazetesi.com\/index.php?rest_route=\/wp\/v2\/posts\/13886\/revisions\/13888"}],"wp:featuredmedia":[{"embeddable":true,"href":"https:\/\/akdenizolaygazetesi.com\/index.php?rest_route=\/wp\/v2\/media\/13887"}],"wp:attachment":[{"href":"https:\/\/akdenizolaygazetesi.com\/index.php?rest_route=%2Fwp%2Fv2%2Fmedia&parent=13886"}],"wp:term":[{"taxonomy":"category","embeddable":true,"href":"https:\/\/akdenizolaygazetesi.com\/index.php?rest_route=%2Fwp%2Fv2%2Fcategories&post=13886"},{"taxonomy":"post_tag","embeddable":true,"href":"https:\/\/akdenizolaygazetesi.com\/index.php?rest_route=%2Fwp%2Fv2%2Ftags&post=13886"}],"curies":[{"name":"wp","href":"https:\/\/api.w.org\/{rel}","templated":true}]}}