{"id":1389,"date":"2020-11-04T18:21:57","date_gmt":"2020-11-04T15:21:57","guid":{"rendered":"http:\/\/mersinekonomipolitikagazetesi.com\/?p=1389"},"modified":"2020-11-04T18:21:57","modified_gmt":"2020-11-04T15:21:57","slug":"kerebic-bu-ramazanda-sofralarin-vazgecilmez-tatlisi-oldu","status":"publish","type":"post","link":"https:\/\/akdenizolaygazetesi.com\/?p=1389","title":{"rendered":"&#8216;Kerebi\u00e7&#8217; bu Ramazan&#8217;da sofralar\u0131n vazge\u00e7ilmez tatl\u0131s\u0131 oldu"},"content":{"rendered":"<p>Mersin y\u00f6resine \u00f6zg\u00fc bir tatl\u0131 \u00e7e\u015fidi olan ve genellikle Ramazan ay\u0131nda daha fazla imal edilerek t\u00fcketilen &#8216;kerebi\u00e7&#8217;, bu sene de sofralar\u0131n vazge\u00e7ilmezi oldu. 15 kad\u0131n, Ramazan&#8217;\u0131n ilk g\u00fcn\u00fcnden bug\u00fcne kadar sabah\u0131n erken saatlerinden ak\u015fam saatlerine kadar kerebi\u00e7 yap\u0131yorlar.<\/p>\n<p>Mersin&#8217;de uzun y\u0131llard\u0131r kerebi\u00e7 \u00fcretimi ve sat\u0131\u015f\u0131n\u0131 yapan Kerebi\u00e7\u00e7i O\u011fuz, Ramazan ay\u0131nda \u00fcretimi 2 kat art\u0131rd\u0131. Her g\u00fcn 15 kad\u0131n sabah\u0131n erken saatlerinde ba\u015flad\u0131klar\u0131 kerebi\u00e7 yapma i\u015flemini, ak\u015fama kadar s\u00fcrd\u00fcr\u00fcyor. Kerebi\u00e7in yan\u0131nda mamul \u00fcretimi de yapan kad\u0131nlar, g\u00fcnde binlerce kerebi\u00e7 yap\u0131yorlar. \u00dcretimi yapan 15 kad\u0131ndan biri olan ve 8 y\u0131ld\u0131r kerebi\u00e7 i\u015fini yapan Suna Kurucu, Ramazan ay\u0131 dolay\u0131s\u0131yla \u00e7al\u0131\u015fmalar\u0131n\u0131n 2 kat\u0131na \u00e7\u0131kt\u0131\u011f\u0131n\u0131 s\u00f6yledi. Kerebi\u00e7in Ramazan&#8217;a \u00f6zg\u00fc \u00e7ok lezzetli ve faydal\u0131 bir tatl\u0131 oldu\u011funu belirten Kurucu, &#8220;Kerebi\u00e7 su, irmik ve ya\u011f\u0131n kar\u0131\u015f\u0131m\u0131yla olu\u015fur. \u0130\u00e7li k\u00f6fte \u015fekline getirilerek yap\u0131lan kerebi\u00e7in i\u00e7ine f\u0131st\u0131k veya ceviz koyarak tavalara diziyoruz. Daha sonra odun ate\u015finde bir saat pi\u015firdikten sonra \u00f6zel kayma\u011f\u0131m\u0131zla servis yap\u0131yoruz&#8221; dedi.<br \/>\nRamazan ay\u0131nda kerebi\u00e7e yo\u011fun talebin oldu\u011funu vurgulayan Kurucu, &#8220;\u00c7\u00fcnk\u00fc kerebi\u00e7 Ramazan&#8217;a \u00f6zel bir tatl\u0131d\u0131r. Ramazan ay\u0131nda b\u00f6lgemizde sofralar\u0131 kerebi\u00e7 tatl\u0131s\u0131 s\u00fcsl\u00fcyor. Bu ayda \u00e7ok yenilen bir tatl\u0131d\u0131r. Bundan dolay\u0131 herkes severek yiyor. \u0130\u00e7erisine koydu\u011fumuz ceviz veya f\u0131st\u0131k birer besin deposudur. Ayr\u0131ca yine i\u00e7ine koydu\u011fumuz irmikte bu\u011fday oldu\u011fu i\u00e7in onun da besin deposu y\u00fcksek&#8221; diye konu\u015ftu.<br \/>\nKerebi\u00e7in k\u00f6p\u00fc\u011f\u00fc hakk\u0131nda da bilgiler veren Kurucu, &#8220;K\u00f6p\u00fc\u011f\u00fcn yap\u0131lmas\u0131nda \u00e7\u00f6ven k\u00f6k\u00fcn\u00fc kullan\u0131r\u0131z. Bu k\u00f6k \u00f6nce iyice y\u0131kand\u0131ktan sonra 3-4 saat kaynat\u0131l\u0131r. Su kahverengiyi al\u0131nca su s\u00fcz\u00fcl\u00fcr. S\u00fczd\u00fckten sonra so\u011fumaya b\u0131rak\u0131l\u0131r. So\u011fuduktan sonra da \u00e7\u0131rpma makinesiyle iyice \u00e7\u0131rp\u0131l\u0131r. So\u011fuyan su \u00e7\u0131rp\u0131nca beyaz k\u00f6p\u00fck halini almaya ba\u015flar. Sonra s\u0131cak \u015ferbeti d\u00f6kmeye ba\u015flar\u0131z ve beyaz k\u00f6p\u00fck halini al\u0131r&#8221; \u015feklinde konu\u015ftu.<br \/>\n5 y\u0131ld\u0131r kerebi\u00e7 \u00fcretiminde \u00e7al\u0131\u015fan Hayriye K\u0131n\u0131k ise sabah\u0131n erken saatlerinde i\u015fe ba\u015flad\u0131klar\u0131n\u0131 ifade ederek, &#8220;G\u00fcnl\u00fck 100 ile 120 dava aras\u0131nda \u00fcretim yap\u0131yoruz. Her bir dava 184 tane kerebi\u00e7 al\u0131yor. Bu da 20 bin ile 22 bin aras\u0131nda kerebi\u00e7 \u00fcretimi yap\u0131yoruz anlam\u0131na geliyor. Tabi bu tatl\u0131 sadece Ramazan ay\u0131nda de\u011fil t\u00fcm y\u0131l boyunca \u00fcretim s\u00fcr\u00fcyor. Sadece bu ay sofralar\u0131n vazge\u00e7ilmez tatl\u0131s\u0131 oldu\u011fundan dolay\u0131 \u00fcretimi fazla yap\u0131yoruz&#8221; dedi.<\/p>\n","protected":false},"excerpt":{"rendered":"<p>Mersin y\u00f6resine \u00f6zg\u00fc bir tatl\u0131 \u00e7e\u015fidi olan ve genellikle Ramazan ay\u0131nda daha fazla imal edilerek t\u00fcketilen &#8216;kerebi\u00e7&#8217;, bu sene de sofralar\u0131n vazge\u00e7ilmezi oldu. 15 kad\u0131n, Ramazan&#8217;\u0131n ilk g\u00fcn\u00fcnden bug\u00fcne kadar &hellip; <a href=\"https:\/\/akdenizolaygazetesi.com\/?p=1389\" class=\"more-link\">Devam\u0131n\u0131 Oku&#8230;<\/a><\/p>\n","protected":false},"author":1,"featured_media":0,"comment_status":"open","ping_status":"open","sticky":false,"template":"","format":"standard","meta":[],"categories":[],"tags":[],"_links":{"self":[{"href":"https:\/\/akdenizolaygazetesi.com\/index.php?rest_route=\/wp\/v2\/posts\/1389"}],"collection":[{"href":"https:\/\/akdenizolaygazetesi.com\/index.php?rest_route=\/wp\/v2\/posts"}],"about":[{"href":"https:\/\/akdenizolaygazetesi.com\/index.php?rest_route=\/wp\/v2\/types\/post"}],"author":[{"embeddable":true,"href":"https:\/\/akdenizolaygazetesi.com\/index.php?rest_route=\/wp\/v2\/users\/1"}],"replies":[{"embeddable":true,"href":"https:\/\/akdenizolaygazetesi.com\/index.php?rest_route=%2Fwp%2Fv2%2Fcomments&post=1389"}],"version-history":[{"count":0,"href":"https:\/\/akdenizolaygazetesi.com\/index.php?rest_route=\/wp\/v2\/posts\/1389\/revisions"}],"wp:attachment":[{"href":"https:\/\/akdenizolaygazetesi.com\/index.php?rest_route=%2Fwp%2Fv2%2Fmedia&parent=1389"}],"wp:term":[{"taxonomy":"category","embeddable":true,"href":"https:\/\/akdenizolaygazetesi.com\/index.php?rest_route=%2Fwp%2Fv2%2Fcategories&post=1389"},{"taxonomy":"post_tag","embeddable":true,"href":"https:\/\/akdenizolaygazetesi.com\/index.php?rest_route=%2Fwp%2Fv2%2Ftags&post=1389"}],"curies":[{"name":"wp","href":"https:\/\/api.w.org\/{rel}","templated":true}]}}