{"id":13897,"date":"2021-08-27T11:54:22","date_gmt":"2021-08-27T08:54:22","guid":{"rendered":"http:\/\/akdenizolaygazetesi.com\/?p=13897"},"modified":"2021-08-27T11:54:22","modified_gmt":"2021-08-27T08:54:22","slug":"meskiden-kavakli-mahallesine-kapsamli-calisma","status":"publish","type":"post","link":"https:\/\/akdenizolaygazetesi.com\/?p=13897","title":{"rendered":"MESK\u0130\u2019DEN KAVAKLI MAHALLES\u0130\u2019NE KAPSAMLI \u00c7ALI\u015eMA"},"content":{"rendered":"<p>Mersin B\u00fcy\u00fck\u015fehir Belediyesi Mersin Su ve Kanalizasyon \u0130daresi (MESK\u0130) ekipleri, ya\u015fam alanlar\u0131nda sorun olu\u015fturan, a\u00e7\u0131ktan akmalar\u0131 nedeniyle olumsuzluklar yaratan su kanallar\u0131n\u0131 kapatma \u00e7al\u0131\u015fmalar\u0131na devam ediyor.<\/p>\n<p>Tarsus il\u00e7e merkezinde en b\u00fcy\u00fck mahalleler aras\u0131nda yer alan, yeni konutla\u015fman\u0131n da devam etti\u011fi Kavakl\u0131 Mahallesi\u2019nin do\u011fu b\u00f6l\u00fcm\u00fcnde bulunan ve a\u00e7\u0131ktan akmas\u0131ndan dolay\u0131 ba\u015fta sivrisinek ile karasinek olmak \u00fczere di\u011fer zararl\u0131lar\u0131n da \u00fcremesine neden olan kanal, MESK\u0130 ekiplerinin \u00e7al\u0131\u015fmas\u0131yla kapat\u0131ld\u0131. Kavakl\u0131 Mahallesi 2441. Sokak\u2019tan ba\u015flayarak, 2434. Sokak\u2019tan ge\u00e7ip Yavuz Sultan Selim Caddesi\u2019ne kadar uzanan 200 metre uzunlu\u011funda a\u00e7\u0131ktan akan su kanal\u0131n\u0131n, MESK\u0130 ekiplerinin kapsaml\u0131 \u00e7al\u0131\u015fmas\u0131yla yata\u011f\u0131 de\u011fi\u015ftirilip, b\u00fcz borular d\u00f6\u015fenerek kapat\u0131lmas\u0131 sa\u011fland\u0131.<\/p>\n<p>\u201cMahallemizin kanayan yaras\u0131ndan biriydi bu\u201d<\/p>\n<p>Kavakl\u0131 Mahalle Muhtar\u0131 Erol Bal, a\u00e7\u0131ktan akan kanal\u0131n y\u0131llard\u0131r mahallelerinde sorun yaratt\u0131\u011f\u0131n\u0131 ifade ederek, \u201cKavakl\u0131 Mahallesi\u2019nde y\u0131llard\u0131r a\u00e7\u0131k kanaldan akan suyumuzun b\u00fcz i\u00e7ine al\u0131nmas\u0131nda b\u00fcy\u00fck emekleri ge\u00e7en Mersin B\u00fcy\u00fck\u015fehir Belediye Ba\u015fkan\u0131m Say\u0131n Vahap Se\u00e7er\u2019e, MESK\u0130 m\u00fcd\u00fcrlerime ve t\u00fcm ekibine te\u015fekk\u00fcr ediyorum, Allah raz\u0131 olsun. Mahallemizin kanayan yaras\u0131ndan biriydi bu. At\u0131l vaziyette bir kanald\u0131. Ha\u015fere \u00fcretiyordu. B\u00fcz i\u00e7ine al\u0131nd\u0131ktan sonra bu s\u0131k\u0131nt\u0131lar\u0131m\u0131z giderildi. Mahallem ve \u015fahs\u0131m ad\u0131na \u00e7ok te\u015fekk\u00fcr ediyorum\u201d dedi.<\/p>\n","protected":false},"excerpt":{"rendered":"<p>Mersin B\u00fcy\u00fck\u015fehir Belediyesi Mersin Su ve Kanalizasyon \u0130daresi (MESK\u0130) ekipleri, ya\u015fam alanlar\u0131nda sorun olu\u015fturan, a\u00e7\u0131ktan akmalar\u0131 nedeniyle olumsuzluklar yaratan su kanallar\u0131n\u0131 kapatma \u00e7al\u0131\u015fmalar\u0131na devam ediyor. Tarsus il\u00e7e merkezinde en b\u00fcy\u00fck &hellip; <a href=\"https:\/\/akdenizolaygazetesi.com\/?p=13897\" class=\"more-link\">Devam\u0131n\u0131 Oku&#8230;<\/a><\/p>\n","protected":false},"author":2,"featured_media":13898,"comment_status":"open","ping_status":"open","sticky":false,"template":"","format":"standard","meta":[],"categories":[1,3,5],"tags":[],"_links":{"self":[{"href":"https:\/\/akdenizolaygazetesi.com\/index.php?rest_route=\/wp\/v2\/posts\/13897"}],"collection":[{"href":"https:\/\/akdenizolaygazetesi.com\/index.php?rest_route=\/wp\/v2\/posts"}],"about":[{"href":"https:\/\/akdenizolaygazetesi.com\/index.php?rest_route=\/wp\/v2\/types\/post"}],"author":[{"embeddable":true,"href":"https:\/\/akdenizolaygazetesi.com\/index.php?rest_route=\/wp\/v2\/users\/2"}],"replies":[{"embeddable":true,"href":"https:\/\/akdenizolaygazetesi.com\/index.php?rest_route=%2Fwp%2Fv2%2Fcomments&post=13897"}],"version-history":[{"count":1,"href":"https:\/\/akdenizolaygazetesi.com\/index.php?rest_route=\/wp\/v2\/posts\/13897\/revisions"}],"predecessor-version":[{"id":13899,"href":"https:\/\/akdenizolaygazetesi.com\/index.php?rest_route=\/wp\/v2\/posts\/13897\/revisions\/13899"}],"wp:featuredmedia":[{"embeddable":true,"href":"https:\/\/akdenizolaygazetesi.com\/index.php?rest_route=\/wp\/v2\/media\/13898"}],"wp:attachment":[{"href":"https:\/\/akdenizolaygazetesi.com\/index.php?rest_route=%2Fwp%2Fv2%2Fmedia&parent=13897"}],"wp:term":[{"taxonomy":"category","embeddable":true,"href":"https:\/\/akdenizolaygazetesi.com\/index.php?rest_route=%2Fwp%2Fv2%2Fcategories&post=13897"},{"taxonomy":"post_tag","embeddable":true,"href":"https:\/\/akdenizolaygazetesi.com\/index.php?rest_route=%2Fwp%2Fv2%2Ftags&post=13897"}],"curies":[{"name":"wp","href":"https:\/\/api.w.org\/{rel}","templated":true}]}}