{"id":1390,"date":"2020-11-04T18:21:57","date_gmt":"2020-11-04T15:21:57","guid":{"rendered":"http:\/\/mersinekonomipolitikagazetesi.com\/?p=1390"},"modified":"2020-11-04T18:21:57","modified_gmt":"2020-11-04T15:21:57","slug":"silifkede-kaldirim-duzenleme-ve-asfaltlama-calismalari-suruyor","status":"publish","type":"post","link":"https:\/\/akdenizolaygazetesi.com\/?p=1390","title":{"rendered":"Silifke\u2019de kald\u0131r\u0131m d\u00fczenleme ve asfaltlama \u00e7al\u0131\u015fmalar\u0131 s\u00fcr\u00fcyor"},"content":{"rendered":"<p>Silifke Belediye Ba\u015fkan\u0131 Mustafa Turgut, beraberinde ba\u015fkan yard\u0131mc\u0131s\u0131 \u00d6mer Savar, Silifke\u2019nin Ta\u015fucu Mahalle Muhtar\u0131 Mehmet K\u00f6yl\u00fc ve Belediye Meclis \u00dcyesi Kemal Karakaya ile birlikte, Ta\u015fucu Mahallesi\u2019nde ba\u015flat\u0131lan kald\u0131r\u0131m d\u00fczenleme ve asfaltlama \u00e7al\u0131\u015fmalar\u0131n\u0131 yerinde inceledi.<\/p>\n<p>Silifke Belediyesi taraf\u0131ndan \u015fehir merkezi ve mahallelerde ba\u015flat\u0131lan s\u0131cak asfalt \u00e7al\u0131\u015fmalar\u0131, Ta\u015fucu Mahallesinde t\u00fcm h\u0131z\u0131yla devam ediyor. Mahalle sakinleri, yap\u0131lan hizmetlerden dolay\u0131 Silifke Belediye Ba\u015fkan\u0131 Mustafa Turgut\u2019a te\u015fekk\u00fcr ettiler.<br \/>\nTa\u015fucu Mahallesindeki \u00e7al\u0131\u015fmalar\u0131 yerinde inceleyerek, yap\u0131lacak olan \u00e7al\u0131\u015fmalar hakk\u0131nda bilgi alan Ba\u015fkan Turgut, \u201c\u0130mk\u00e2nlar\u0131m\u0131z \u00f6l\u00e7\u00fcs\u00fcnde b\u00fct\u00fcn mahallelerimizde asfaltlama, \u00e7evre d\u00fczenleme, park-bah\u00e7e ve kald\u0131r\u0131m d\u00fczenleme \u00e7al\u0131\u015fmalar\u0131 yapmaktay\u0131z. Plan ve program d\u00e2hilinde yapt\u0131\u011f\u0131m\u0131z \u00e7al\u0131\u015fmalar\u0131m\u0131z\u0131 \u00f6nceden tespit ederek, s\u0131ras\u0131yla bir bir yerine getiriyoruz. Ekiplerimiz gece g\u00fcnd\u00fcz demeden \u00e7al\u0131\u015f\u0131yorlar\u201d dedi.<br \/>\nSilifke\u2019nin \u00e7ehresini de\u011fi\u015ftirecek kentsel d\u00f6n\u00fc\u015f\u00fcm projelerini ba\u015far\u0131yla y\u00fcr\u00fctt\u00fcklerini, bunun yan\u0131 s\u0131ra mahallelerde asfaltlama \u00e7al\u0131\u015fmalar\u0131n\u0131 da t\u00fcm h\u0131z\u0131yla s\u00fcrd\u00fcrd\u00fcklerini a\u00e7\u0131klayan Turgut, \u201c\u00d6ncelikli olarak gerek \u015fehir merkezi ve gerekse mahallelerimizde asfaltlama \u00e7al\u0131\u015fmalar\u0131m\u0131za h\u0131z verdik. \u00c7al\u0131\u015fmalar\u0131m\u0131z kapsam\u0131nda bak\u0131ms\u0131z olan noktalardan ba\u015flayarak, di\u011fer b\u00f6lgelere do\u011fru hareket ediyoruz. \u015euan Ta\u015fucu Mahallemizde yollar\u0131m\u0131z\u0131n asfaltlama i\u015flemi devam ediyor. Bak\u0131ms\u0131z durumda ve yeteri kadar hizmet almayan sokaklar ile semtlere \u00f6ncelik veriyoruz. Kald\u0131r\u0131mlar\u0131 d\u00fczenleyerek, yollar\u0131n bak\u0131m\u0131n\u0131 ve park alanlar\u0131n\u0131 yeniden d\u00fczenliyoruz. \u0130n\u015fallah hep birlikte daha g\u00fczel bir Silifke in\u015fa edece\u011fiz\u201d dedi.<br \/>\nSilifke Belediye Ba\u015fkan\u0131 Dr. Mustafa Turgut\u2019a, mahallenin sorunlar\u0131 ve taleplerine y\u00f6nelik bilgiler aktaran Ta\u015fucu Mahalle Muhtar\u0131 Mehmet K\u00f6yl\u00fc, \u201cBa\u015fkan\u0131m\u0131za ve ekibine te\u015fekk\u00fcr ediyoruz. S\u00f6z verdikleri gibi s\u0131rayla hizmetlerini ger\u00e7ekle\u015ftiriyorlar. Yollar\u0131m\u0131z\u0131n bir b\u00f6l\u00fcm\u00fc asfaltland\u0131 ve kald\u0131r\u0131m\u0131 olmayan yollar\u0131m\u0131z yeniden g\u00fczel bir g\u00f6r\u00fcnt\u00fcye kavu\u015ftu. Park ve bah\u00e7elerin bak\u0131m\u0131 da d\u00fczenli bir \u015fekilde yap\u0131l\u0131yor. Ta\u015fucu sakinleri olarak yap\u0131lan hizmetlerden dolay\u0131 te\u015fekk\u00fcr ediyor, bu hizmetlerin devam\u0131n\u0131 istiyoruz\u201d dedi.<\/p>\n","protected":false},"excerpt":{"rendered":"<p>Silifke Belediye Ba\u015fkan\u0131 Mustafa Turgut, beraberinde ba\u015fkan yard\u0131mc\u0131s\u0131 \u00d6mer Savar, Silifke\u2019nin Ta\u015fucu Mahalle Muhtar\u0131 Mehmet K\u00f6yl\u00fc ve Belediye Meclis \u00dcyesi Kemal Karakaya ile birlikte, Ta\u015fucu Mahallesi\u2019nde ba\u015flat\u0131lan kald\u0131r\u0131m d\u00fczenleme ve &hellip; <a href=\"https:\/\/akdenizolaygazetesi.com\/?p=1390\" class=\"more-link\">Devam\u0131n\u0131 Oku&#8230;<\/a><\/p>\n","protected":false},"author":1,"featured_media":0,"comment_status":"open","ping_status":"open","sticky":false,"template":"","format":"standard","meta":[],"categories":[],"tags":[],"_links":{"self":[{"href":"https:\/\/akdenizolaygazetesi.com\/index.php?rest_route=\/wp\/v2\/posts\/1390"}],"collection":[{"href":"https:\/\/akdenizolaygazetesi.com\/index.php?rest_route=\/wp\/v2\/posts"}],"about":[{"href":"https:\/\/akdenizolaygazetesi.com\/index.php?rest_route=\/wp\/v2\/types\/post"}],"author":[{"embeddable":true,"href":"https:\/\/akdenizolaygazetesi.com\/index.php?rest_route=\/wp\/v2\/users\/1"}],"replies":[{"embeddable":true,"href":"https:\/\/akdenizolaygazetesi.com\/index.php?rest_route=%2Fwp%2Fv2%2Fcomments&post=1390"}],"version-history":[{"count":0,"href":"https:\/\/akdenizolaygazetesi.com\/index.php?rest_route=\/wp\/v2\/posts\/1390\/revisions"}],"wp:attachment":[{"href":"https:\/\/akdenizolaygazetesi.com\/index.php?rest_route=%2Fwp%2Fv2%2Fmedia&parent=1390"}],"wp:term":[{"taxonomy":"category","embeddable":true,"href":"https:\/\/akdenizolaygazetesi.com\/index.php?rest_route=%2Fwp%2Fv2%2Fcategories&post=1390"},{"taxonomy":"post_tag","embeddable":true,"href":"https:\/\/akdenizolaygazetesi.com\/index.php?rest_route=%2Fwp%2Fv2%2Ftags&post=1390"}],"curies":[{"name":"wp","href":"https:\/\/api.w.org\/{rel}","templated":true}]}}