{"id":13900,"date":"2021-08-27T11:56:28","date_gmt":"2021-08-27T08:56:28","guid":{"rendered":"http:\/\/akdenizolaygazetesi.com\/?p=13900"},"modified":"2021-08-27T11:56:28","modified_gmt":"2021-08-27T08:56:28","slug":"doga-bizi-cagiriyor-etkinligi-camliyaylada-gerceklesti","status":"publish","type":"post","link":"https:\/\/akdenizolaygazetesi.com\/?p=13900","title":{"rendered":"\u201cDO\u011eA B\u0130Z\u0130 \u00c7A\u011eIRIYOR\u201d ETK\u0130NL\u0130\u011e\u0130 \u00c7AMLIYAYLA\u2019DA GER\u00c7EKLE\u015eT\u0130"},"content":{"rendered":"<p>Mersin B\u00fcy\u00fck\u015fehir Belediyesi Kad\u0131n ve Aile Hizmetleri Dairesi\u2019nin pandemi \u00f6ncesi \u201cHaydi Birlikte Y\u00fcr\u00fcyelim\u201d  slogan\u0131 ile ba\u015flatt\u0131\u011f\u0131 \u201cDo\u011fa Bizi \u00c7a\u011f\u0131r\u0131yor\u201d etkinlikleri normalle\u015fme s\u00fcreciyle birlikte yeniden ba\u015flad\u0131. \u00c7aml\u0131yayla il\u00e7esinin Korucak Mahallesi\u2019nden ba\u015flayan do\u011fa y\u00fcr\u00fcy\u00fc\u015f\u00fc Dar\u0131p\u0131nar\u0131 Mahallesi Karage\u00e7it Baraj G\u00f6leti\u2019ne var\u0131lmas\u0131yla son buldu. 7 kilometrelik y\u00fcr\u00fcy\u00fc\u015fe 55\u2019i kad\u0131n olmak \u00fczere toplam 67 do\u011fasever kat\u0131ld\u0131.<\/p>\n<p>Do\u011fan\u0131n kalbinde 7 kilometre y\u00fcr\u00fcd\u00fcler<\/p>\n<p>Duyurusu yap\u0131ld\u0131\u011f\u0131 andan itibaren Mersinliler taraf\u0131ndan b\u00fcy\u00fck ilgi g\u00f6ren do\u011fa y\u00fcr\u00fcy\u00fc\u015f\u00fc etkinli\u011fine her ya\u015ftan vatanda\u015f kat\u0131ld\u0131. \u00c7o\u011funlu\u011fu kad\u0131nlardan olu\u015fan grup, etkinlik sayesinde Mersin\u2019in do\u011fal g\u00fczelliklerini g\u00f6rme f\u0131rsat\u0131 yakalarken, temiz havada sosyalle\u015fme imkan\u0131 da buldu. B\u00fcy\u00fck\u015fehir taraf\u0131ndan eski Mezitli Belediyesi kar\u015f\u0131s\u0131, Forum AVM ba\u011flant\u0131 k\u00f6pr\u00fcs\u00fc alt\u0131 ve Tarsus K\u00fclt\u00fcr Merkezi\u2019nden kald\u0131r\u0131lan \u00fccretsiz servislerle etkinli\u011fin ba\u015flang\u0131\u00e7 noktas\u0131na g\u00f6t\u00fcr\u00fclen do\u011faseverler, 7 kilometrelik uzun bir y\u00fcr\u00fcy\u00fc\u015f\u00fcn ard\u0131ndan Dar\u0131p\u0131nar\u0131 Mahallesi Karage\u00e7it Baraj G\u00f6leti\u2019ne vard\u0131. Var\u0131\u015f noktas\u0131ndaki mesire alan\u0131nda dinlenen do\u011faseverlere i\u00e7ecek ve s\u0131kma ikram edildi.<\/p>\n<p>\u201cSa\u011fl\u0131k y\u00fcr\u00fcy\u00fc\u015f\u00fc yapm\u0131\u015f oluyorlar\u201d<\/p>\n<p>B\u00fcy\u00fck\u015fehir Belediyesi Kad\u0131n ve Aile Hizmetleri Dairesi\u2019nde g\u00f6revli R\u0131fat G\u00fcrb\u00fcz, Mersinlileri do\u011fa ile bulu\u015fturmak i\u00e7in \u201cDo\u011fa Bizi \u00c7a\u011f\u0131r\u0131yor\u201d etkinliklerini d\u00fczenlediklerini belirterek, \u201c\u00c7ok be\u011fenilen bir etkinlik. \u00d6zellikle kad\u0131nlar\u0131m\u0131z pandemi s\u00fcresinde en \u00e7ok y\u0131pranan kesim oldu. Bu tip gezilerle sosyalle\u015fiyorlar. G\u00f6rmedikleri yerlere arkada\u015flar\u0131yla kat\u0131l\u0131p ho\u015f\u00e7a vakit ge\u00e7iriyorlar. Ayr\u0131ca sa\u011fl\u0131k y\u00fcr\u00fcy\u00fc\u015f\u00fc yapm\u0131\u015f oluyorlar. Bunlar tabii insanlar\u0131m\u0131z\u0131 mutlu ediyor\u201d dedi.<\/p>\n<p>Yak\u0131n zamanda \u00e7\u0131kan yang\u0131nlardan dolay\u0131 baz\u0131 b\u00f6lgelere getirilen giri\u015f yasaklar\u0131 nedeniyle gezi rotalar\u0131n\u0131 de\u011fi\u015ftirmek zorunda kald\u0131klar\u0131n\u0131 s\u00f6zlerine ekleyen G\u00fcrb\u00fcz, \u201cYang\u0131nlardan dolay\u0131 her b\u00f6lgeye giremiyoruz, planlad\u0131\u011f\u0131m\u0131z b\u00f6lgelerin d\u0131\u015f\u0131na \u00e7\u0131kmak zorunda kal\u0131yoruz. Normalde ba\u015fka bir b\u00f6lgeye d\u00fczenlemeyi planl\u0131yorduk ama yang\u0131nlar sebebiyle Eyl\u00fcl ay\u0131na kadar yasaklar var. Bug\u00fcnk\u00fc y\u00fcr\u00fcy\u00fc\u015f\u00fcm\u00fcz\u00fc Korucak K\u00f6y\u00fc\u2019nden ba\u015flatt\u0131k, Dar\u0131p\u0131nar\u0131\u2019ndaki Karage\u00e7it Baraj G\u00f6leti\u2019ne kadar yakla\u015f\u0131k 7 kilometre y\u00fcr\u00fcd\u00fck. Daha \u00e7ok orman ve stabilize bir yoldu. Tabii hava s\u0131cakl\u0131\u011f\u0131 insanlar\u0131 biraz etkiliyor ama \u015fimdiden bu tempoya al\u0131\u015f\u0131yorlar ve seviyorlar\u201d diye konu\u015ftu.<\/p>\n<p>\u201c\u00c7am kokular\u0131 aras\u0131nda gezmek ve temiz havay\u0131 solumak ger\u00e7ekten \u00e7ok fayda sa\u011flad\u0131\u201d<\/p>\n<p>Do\u011fa y\u00fcr\u00fcy\u00fc\u015f\u00fcne Tarsus\u2019tan kat\u0131lan Selen Ziray, do\u011fayla i\u00e7 i\u00e7e olmalar\u0131 gerekti\u011fini belirterek, \u015funlar\u0131 s\u00f6yledi:<\/p>\n<p>\u201cGeziye sosyal medya arac\u0131l\u0131\u011f\u0131yla ula\u015ft\u0131m. Mersin B\u00fcy\u00fck\u015fehir Belediyesi\u2019ni takip ediyorum. Kendi memleketimde ilk defa yaz d\u00f6neminde bir y\u00fcr\u00fcy\u00fc\u015f yapt\u0131m ve b\u00f6ylesine g\u00fczel bir mekanda y\u00fcr\u00fcy\u00fc\u015f yapmak, \u00f6zellikle \u00e7am kokular\u0131 aras\u0131nda gezmek ve o temiz havay\u0131 solumak ger\u00e7ekten \u00e7ok fayda sa\u011flad\u0131 diyebilirim. Herkesi bu y\u00fcr\u00fcy\u00fc\u015fe davet etmek istiyorum. B\u00f6ylesi g\u00fczel bir f\u0131rsat\u0131 bize tan\u0131d\u0131\u011f\u0131 i\u00e7in Mersin B\u00fcy\u00fck\u015fehir Belediye Ba\u015fkan\u0131m\u0131z Say\u0131n Vahap Se\u00e7er\u2019e \u00e7ok te\u015fekk\u00fcr ediyorum. E\u011fer \u015fu g\u00f6letteki sesi, \u015fu ku\u015flar\u0131n sesini duyabiliyorsak ve do\u011fadaki ye\u015filli\u011fi g\u00f6zlemleyebiliyorsak bunun tad\u0131na varmam\u0131z gerekiyor ve b\u00f6ylesine g\u00fczel bir f\u0131rsat\u0131 bize verdi\u011fi i\u00e7in \u00e7ok te\u015fekk\u00fcr ediyorum.\u201d<\/p>\n<p>B\u00fcy\u00fck\u015fehir Belediyesi\u2019nin d\u00fczenledi\u011fi y\u00fcr\u00fcy\u00fc\u015flere ilk defa kat\u0131ld\u0131\u011f\u0131n\u0131 ve etkinlikten memnun kald\u0131\u011f\u0131n\u0131 ifade eden H\u00fclya G\u00f6ktepeli,  \u201c\u00c7ok g\u00fczeldi, muhte\u015femdi. Ben \u00e7ok mutlu oldum. Arkada\u015flar\u0131m \u00e7ok mutlu oldu. Biz gezi arkada\u015flar\u0131m\u0131zla ara ara bunu yap\u0131yoruz ama bu sefer belediyenin etkinli\u011fine kat\u0131lal\u0131m dedik. \u00c7ok memnun oldum\u201d dedi.<\/p>\n","protected":false},"excerpt":{"rendered":"<p>Mersin B\u00fcy\u00fck\u015fehir Belediyesi Kad\u0131n ve Aile Hizmetleri Dairesi\u2019nin pandemi \u00f6ncesi \u201cHaydi Birlikte Y\u00fcr\u00fcyelim\u201d slogan\u0131 ile ba\u015flatt\u0131\u011f\u0131 \u201cDo\u011fa Bizi \u00c7a\u011f\u0131r\u0131yor\u201d etkinlikleri normalle\u015fme s\u00fcreciyle birlikte yeniden ba\u015flad\u0131. \u00c7aml\u0131yayla il\u00e7esinin Korucak Mahallesi\u2019nden ba\u015flayan &hellip; <a href=\"https:\/\/akdenizolaygazetesi.com\/?p=13900\" class=\"more-link\">Devam\u0131n\u0131 Oku&#8230;<\/a><\/p>\n","protected":false},"author":2,"featured_media":13901,"comment_status":"open","ping_status":"open","sticky":false,"template":"","format":"standard","meta":[],"categories":[34,2,3,5],"tags":[],"_links":{"self":[{"href":"https:\/\/akdenizolaygazetesi.com\/index.php?rest_route=\/wp\/v2\/posts\/13900"}],"collection":[{"href":"https:\/\/akdenizolaygazetesi.com\/index.php?rest_route=\/wp\/v2\/posts"}],"about":[{"href":"https:\/\/akdenizolaygazetesi.com\/index.php?rest_route=\/wp\/v2\/types\/post"}],"author":[{"embeddable":true,"href":"https:\/\/akdenizolaygazetesi.com\/index.php?rest_route=\/wp\/v2\/users\/2"}],"replies":[{"embeddable":true,"href":"https:\/\/akdenizolaygazetesi.com\/index.php?rest_route=%2Fwp%2Fv2%2Fcomments&post=13900"}],"version-history":[{"count":1,"href":"https:\/\/akdenizolaygazetesi.com\/index.php?rest_route=\/wp\/v2\/posts\/13900\/revisions"}],"predecessor-version":[{"id":13902,"href":"https:\/\/akdenizolaygazetesi.com\/index.php?rest_route=\/wp\/v2\/posts\/13900\/revisions\/13902"}],"wp:featuredmedia":[{"embeddable":true,"href":"https:\/\/akdenizolaygazetesi.com\/index.php?rest_route=\/wp\/v2\/media\/13901"}],"wp:attachment":[{"href":"https:\/\/akdenizolaygazetesi.com\/index.php?rest_route=%2Fwp%2Fv2%2Fmedia&parent=13900"}],"wp:term":[{"taxonomy":"category","embeddable":true,"href":"https:\/\/akdenizolaygazetesi.com\/index.php?rest_route=%2Fwp%2Fv2%2Fcategories&post=13900"},{"taxonomy":"post_tag","embeddable":true,"href":"https:\/\/akdenizolaygazetesi.com\/index.php?rest_route=%2Fwp%2Fv2%2Ftags&post=13900"}],"curies":[{"name":"wp","href":"https:\/\/api.w.org\/{rel}","templated":true}]}}