{"id":13917,"date":"2021-08-29T09:06:46","date_gmt":"2021-08-29T06:06:46","guid":{"rendered":"http:\/\/akdenizolaygazetesi.com\/?p=13917"},"modified":"2021-08-29T09:06:46","modified_gmt":"2021-08-29T06:06:46","slug":"bahce-ve-baris-mahallelerinde-de-donusum-basliyor","status":"publish","type":"post","link":"https:\/\/akdenizolaygazetesi.com\/?p=13917","title":{"rendered":"BAH\u00c7E VE BARI\u015e MAHALLELER\u0130NDE DE D\u00d6N\u00dc\u015e\u00dcM BA\u015eLIYOR"},"content":{"rendered":"<p>Akdeniz\u2019de; \u00c7ay Mahallesi\u2019nin ard\u0131ndan Bar\u0131\u015f ve Bah\u00e7e mahallelerini kapsayan \u2018Yerinde Kentsel D\u00f6n\u00fc\u015f\u00fcm Projesi\u2019 de ba\u015fl\u0131yor. Yenileme projesi kapsam\u0131nda 2021 Eyl\u00fcl ay\u0131 i\u00e7erisinde y\u0131k\u0131m \u00e7al\u0131\u015fmalar\u0131na ba\u015flan\u0131lacak.<br \/>\nProjede gelinen s\u00fcre\u00e7 ile ilgili bir de\u011ferlendirme yapan Akdeniz Belediye Ba\u015fkan\u0131 M. Mustafa G\u00fcltak, \u00c7ay Mahallesi\u2019nde TOK\u0130 projesi ile ba\u015flayan Akdeniz\u2019in de\u011fi\u015fim ve d\u00f6n\u00fc\u015f\u00fcm\u00fcn\u00fcn, kent merkezinde yer alan Bah\u00e7e ve Bar\u0131\u015f Mahalleleri ile s\u00fcrece\u011fini, 2 mahalleyi kapsayan yerinde kentsel d\u00f6n\u00fc\u015f\u00fcm projesinin Eyl\u00fcl ay\u0131 i\u00e7erisinde start alaca\u011f\u0131n\u0131 ifade etti.<br \/>\nBa\u015fkan G\u00fcltak; \u201cYerinde kentsel d\u00f6n\u00fc\u015f\u00fcm projesini kapsayan proje alan\u0131nda, arsa alan\u0131 \u00fczerinden hak sahibi vatanda\u015flar\u0131n yakla\u015f\u0131k y\u00fczde 87\u2019si ile anla\u015fma sa\u011fland\u0131; TOK\u0130\u2019ye tapu devir i\u015flemlerinin ise y\u00fczde 45\u2019i tamamland\u0131. Nakit anla\u015fma sa\u011flanan vatanda\u015flar\u0131n tapu devir ve ev teslim i\u015flemlerinin tamamlanmas\u0131na m\u00fcteakip bedelleri, hak sahibi vatanda\u015flar\u0131n hesaplar\u0131na aktar\u0131lacak. \u00c7ay Mahallesi\u2019nden ba\u015flayan Akdeniz\u2019i de\u011fi\u015ftirme, d\u00f6n\u00fc\u015ft\u00fcrme ve gelece\u011fe haz\u0131rlama m\u00fccadelemiz, Bar\u0131\u015f ve Bah\u00e7e ile s\u00fcrecek. Vatanda\u015flar\u0131m\u0131z\u0131 hak ettikleri planl\u0131, d\u00fczenli ve her y\u00f6n\u00fcyle sa\u011fl\u0131kl\u0131 bir kent ya\u015fam\u0131na kavu\u015fturmak i\u00e7in \u00e7al\u0131\u015fmaya aral\u0131ks\u0131z devam edece\u011fiz. Plans\u0131z ve \u00e7arp\u0131k yap\u0131la\u015fma, kentimizin acil \u00e7\u00f6z\u00fcm bekleyen en \u00f6nemli sorunudur. Bu konuda ba\u015fta y\u00f6neticiler, meslek odalar\u0131 ve sivil toplum kurulu\u015flar\u0131 olmak \u00fczere t\u00fcm kentimiz kamuoyunun da deste\u011fini ve katk\u0131lar\u0131n\u0131 bekliyoruz\u201d dedi.<br \/>\nTakas anla\u015fmas\u0131nda kira yard\u0131mlar\u0131 ba\u015flad\u0131<br \/>\nDi\u011fer yandan; kentsel d\u00f6n\u00fc\u015f\u00fcm kapsam\u0131na al\u0131nan eski evlerini \u2018takas\u2019 usul\u00fcyle bo\u015falt\u0131p kiraya ta\u015f\u0131nacak olan m\u00fclk sahiplerine, 2021 y\u0131l\u0131 i\u00e7in konut kullan\u0131mla ba\u011f\u0131ms\u0131z birimlere ayl\u0131k 995 TL ve ticari kullan\u0131ml\u0131 ba\u011f\u0131ms\u0131z birimlere yakla\u015f\u0131k 15TL\/m2 kira \u00f6demeleri yap\u0131lmaya ba\u015fland\u0131.<br \/>\nTapu devir i\u015flemleri s\u00fcr\u00fcyor<br \/>\nAnla\u015fma sa\u011flamak isteyen Bar\u0131\u015f ve Bah\u00e7e Mahallesi sakinleri ile Akdeniz Belediye Ba\u015fkanl\u0131\u011f\u0131\u2019nca halen s\u00f6zle\u015fme i\u015flemleri devam ederken, e\u015f zamanl\u0131 anla\u015f\u0131lan vatanda\u015flar\u0131n tapu devri \u00e7al\u0131\u015fmalar\u0131 da s\u00fcr\u00fcyor. Nitekim anla\u015f\u0131lan hak sahiplerinin arsa alan\u0131 \u00fczerinden y\u00fczde 45\u2019inin tapu devir i\u015flemleri tamamland\u0131.<br \/>\nKira yard\u0131mlar\u0131 pe\u015fin yat\u0131r\u0131ld\u0131<br \/>\nEvlerini bo\u015faltarak, gerekli evraklar ile birlikte Akdeniz Belediyesi\u2019ne teslim eden ve konut anla\u015fmas\u0131 (takas) yapan hak sahiplerine, 24 A\u011fustos 2021 tarihinde, teslim ettikleri tarih itibari ile 31 A\u011fustos 2021 tarihine kadar hak kazand\u0131klar\u0131 ilk kira yard\u0131mlar\u0131 yat\u0131r\u0131lm\u0131\u015f olup, 1 Eyl\u00fcl 2021 tarihinden 30 Kas\u0131m 2021 tarihine kadar 3 ayl\u0131k kira yard\u0131m\u0131 \u00f6demeleri de pe\u015finen yat\u0131r\u0131lacak. Projede, \u2018nakit anla\u015fma\u2019 sa\u011flanan hak sahibi vatanda\u015flar\u0131n nakit bedelleri ise, tapu devir ve ev teslim i\u015flemlerinin tamamlanmas\u0131na m\u00fcteakip vatanda\u015flar\u0131n banka hesaplar\u0131na aktar\u0131lacak. Hak sahiplerine kira yard\u0131mlar\u0131, yeni evlerinin anahtarlar\u0131 teslim edilinceye dek devam edecek. \u00d6te yandan Akdeniz Belediyesi\u2019nce teslim al\u0131nan evlerin y\u0131k\u0131m\u0131na da yine Eyl\u00fcl ay\u0131 i\u00e7erisinde gerekli \u00f6nlemler al\u0131narak ba\u015flanacak.<br \/>\nBah\u00e7e-Bar\u0131\u015f mahalleleri kentsel d\u00f6n\u00fc\u015f\u00fcm projesi\u2026<br \/>\nTOK\u0130 taraf\u0131ndan, Bah\u00e7e ve Bar\u0131\u015f mahallelerinde 37 bin 533 metrekareyi kapsayan 1. etap kentsel d\u00f6n\u00fc\u015f\u00fcm projesi kapsam\u0131nda 415 konut, 50 d\u00fckk\u00e2n, k\u00fclt\u00fcr merkezi, birer cami, kre\u015f ve ticaret merkezi gibi sosyal-k\u00fclt\u00fcrel donat\u0131 alanlar\u0131yla birlikte altyap\u0131 ve \u00e7evre d\u00fczenleme i\u015fleri yap\u0131lacak. Projenin devam\u0131nda, Turgut Reis Mahallesi\u2019nde de 500 adet konut yap\u0131lmas\u0131 hedefleniyor.<br \/>\nB\u00f6lge, riskli alan ilan edilip kamula\u015ft\u0131rma kapsam\u0131na al\u0131nm\u0131\u015ft\u0131<br \/>\nBah\u00e7e ve Bar\u0131\u015f Mahalleleri kentsel d\u00f6n\u00fc\u015f\u00fcm proje alan\u0131 ile ilgili olarak; 6 Ocak 2021 tarih ve 31356 say\u0131l\u0131 Resmi Gazetede 3355 Karar Say\u0131s\u0131 ile 3,75 hektarl\u0131k uygulama alan\u0131 \u201cRiskli Alan\u201d ilan edilmi\u015fti. 26 A\u011fustos 2021 tarih ve 31523 say\u0131l\u0131 Resmi Gazete\u2019nin 4178 say\u0131l\u0131 karar\u0131 ile 2942 say\u0131l\u0131 Kamula\u015ft\u0131rma Kanunu\u2019nun 27\u2019nci maddesince de Bah\u00e7e ve Bar\u0131\u015f mahallelerini kapsayan acele kamula\u015ft\u0131rma karar\u0131 verilmi\u015fti.<\/p>\n","protected":false},"excerpt":{"rendered":"<p>Akdeniz\u2019de; \u00c7ay Mahallesi\u2019nin ard\u0131ndan Bar\u0131\u015f ve Bah\u00e7e mahallelerini kapsayan \u2018Yerinde Kentsel D\u00f6n\u00fc\u015f\u00fcm Projesi\u2019 de ba\u015fl\u0131yor. Yenileme projesi kapsam\u0131nda 2021 Eyl\u00fcl ay\u0131 i\u00e7erisinde y\u0131k\u0131m \u00e7al\u0131\u015fmalar\u0131na ba\u015flan\u0131lacak. Projede gelinen s\u00fcre\u00e7 ile ilgili &hellip; <a href=\"https:\/\/akdenizolaygazetesi.com\/?p=13917\" class=\"more-link\">Devam\u0131n\u0131 Oku&#8230;<\/a><\/p>\n","protected":false},"author":2,"featured_media":13918,"comment_status":"open","ping_status":"open","sticky":false,"template":"","format":"standard","meta":[],"categories":[34,2,3,5,6],"tags":[],"_links":{"self":[{"href":"https:\/\/akdenizolaygazetesi.com\/index.php?rest_route=\/wp\/v2\/posts\/13917"}],"collection":[{"href":"https:\/\/akdenizolaygazetesi.com\/index.php?rest_route=\/wp\/v2\/posts"}],"about":[{"href":"https:\/\/akdenizolaygazetesi.com\/index.php?rest_route=\/wp\/v2\/types\/post"}],"author":[{"embeddable":true,"href":"https:\/\/akdenizolaygazetesi.com\/index.php?rest_route=\/wp\/v2\/users\/2"}],"replies":[{"embeddable":true,"href":"https:\/\/akdenizolaygazetesi.com\/index.php?rest_route=%2Fwp%2Fv2%2Fcomments&post=13917"}],"version-history":[{"count":1,"href":"https:\/\/akdenizolaygazetesi.com\/index.php?rest_route=\/wp\/v2\/posts\/13917\/revisions"}],"predecessor-version":[{"id":13919,"href":"https:\/\/akdenizolaygazetesi.com\/index.php?rest_route=\/wp\/v2\/posts\/13917\/revisions\/13919"}],"wp:featuredmedia":[{"embeddable":true,"href":"https:\/\/akdenizolaygazetesi.com\/index.php?rest_route=\/wp\/v2\/media\/13918"}],"wp:attachment":[{"href":"https:\/\/akdenizolaygazetesi.com\/index.php?rest_route=%2Fwp%2Fv2%2Fmedia&parent=13917"}],"wp:term":[{"taxonomy":"category","embeddable":true,"href":"https:\/\/akdenizolaygazetesi.com\/index.php?rest_route=%2Fwp%2Fv2%2Fcategories&post=13917"},{"taxonomy":"post_tag","embeddable":true,"href":"https:\/\/akdenizolaygazetesi.com\/index.php?rest_route=%2Fwp%2Fv2%2Ftags&post=13917"}],"curies":[{"name":"wp","href":"https:\/\/api.w.org\/{rel}","templated":true}]}}