{"id":13923,"date":"2021-08-29T09:11:19","date_gmt":"2021-08-29T06:11:19","guid":{"rendered":"http:\/\/akdenizolaygazetesi.com\/?p=13923"},"modified":"2021-08-29T09:11:19","modified_gmt":"2021-08-29T06:11:19","slug":"cumhurbaskanindan-odul-alan-baskan-yilmaza-belediyede-coskulu-karsilama","status":"publish","type":"post","link":"https:\/\/akdenizolaygazetesi.com\/?p=13923","title":{"rendered":"CUMHURBA\u015eKANINDAN \u00d6D\u00dcL ALAN BA\u015eKAN YILMAZ&#8217;A, BELED\u0130YEDE CO\u015eKULU KAR\u015eILAMA"},"content":{"rendered":"<p>Gen\u00e7 Dostu \u015eehirler Fikir ve Proje Yar\u0131\u015fmas\u0131&#8217;nda &#8220;Tekno Toroslar Projesiyle&#8221; Cumhurba\u015fkan\u0131 Recep Tayyip Erdo\u011fan&#8217;dan \u00f6d\u00fcl alan Toroslar Belediye Ba\u015fkan\u0131 Ats\u0131z Af\u015f\u0131n Y\u0131lmaz, belediye \u00f6n\u00fcnde personeli taraf\u0131ndan alk\u0131\u015flarla kar\u015f\u0131land\u0131.<\/p>\n<p>&#8220;Bu \u00f6d\u00fclde, t\u00fcm \u00e7al\u0131\u015fma arkada\u015flar\u0131m\u0131n eme\u011fi var. Bu gurur hepimizin. Herkese ayr\u0131 ayr\u0131 te\u015fekk\u00fcr ediyorum&#8221; diyen Ba\u015fkan Y\u0131lmaz ise; &#8220;Hizmet \u00e7\u0131tas\u0131n\u0131 hep birlikte daha da y\u00fckse\u011fe \u00e7\u0131karaca\u011f\u0131z&#8221; dedi.<\/p>\n<p>Toroslar Belediyesi, Ankara&#8217;da d\u00fczenlenen Gen\u00e7 Dostu \u015eehirler Kongre ve Sergisi&#8217;ne, gen\u00e7lere y\u00f6nelik \u00e7al\u0131\u015fmalar\u0131 ve Tekno Toroslar Projesiyle damga vurdu.<\/p>\n<p>Gen\u00e7lik ve Spor Bakanl\u0131\u011f\u0131 ile T\u00fcrkiye Belediyeler Birli\u011fi&#8217;nin ev sahipli\u011finde d\u00fczenlenen etkinlikte, Gen\u00e7 Dostu \u015eehirler Fikir ve Proje Yar\u0131\u015fmas\u0131&#8217;na &#8220;Tekno Toroslar Projesi&#8221; ile kat\u0131lan Toroslar Belediyesi, projenin \u00f6d\u00fcle lay\u0131k g\u00f6r\u00fclmesinin gururunu ya\u015f\u0131yor.<\/p>\n<p>&#8220;Ba\u015far\u0131y\u0131 Hep Birlikte Yakalad\u0131k&#8221;<\/p>\n<p>\u00d6d\u00fcl\u00fc, Cumhurba\u015fkan\u0131 Recep Tayyip Erdo\u011fan&#8217;\u0131n elinden alan Toroslar Belediye Ba\u015fkan\u0131 Ats\u0131z Af\u015f\u0131n Y\u0131lmaz, belediye \u00f6n\u00fcnde personeli taraf\u0131ndan co\u015fkuyla kar\u015f\u0131land\u0131. Ba\u015fkan Y\u0131lmaz, s\u00fcrpriz kar\u015f\u0131lama dolay\u0131s\u0131yla personeline te\u015fekk\u00fcr etti.<\/p>\n<p>Toroslar halk\u0131na en g\u00fczel ve en yenilik\u00e7i hizmetler sunman\u0131n \u00e7abas\u0131 i\u00e7erisinde olduklar\u0131n\u0131 belirten Ba\u015fkan Y\u0131lmaz; &#8220;Projeye katk\u0131 sunan ekibimizin yan\u0131 s\u0131ra bu \u00f6d\u00fclde t\u00fcm \u00e7al\u0131\u015fma arkada\u015flar\u0131m\u0131z\u0131n eme\u011fi var. Herkese ayr\u0131 ayr\u0131 te\u015fekk\u00fcr ediyorum. Ayn\u0131 zamanda irademiz, imkan\u0131m\u0131z, insan kayna\u011f\u0131m\u0131z ve bizlerle bir olan vatanda\u015f\u0131m\u0131z var. Bu \u00f6d\u00fcller, bizi daha da motive ediyor ve daha g\u00fczelini yapmaya te\u015fvik ediyor. Toroslar\u0131m\u0131za en g\u00fczel hizmeti sunmaya hep birlikte devam edece\u011fiz&#8221; \u015feklinde konu\u015ftu.<\/p>\n<p>&#8220;Genel Ba\u015fkan\u0131m\u0131z Say\u0131n Devlet Bah\u00e7eli&#8217;nin Selam\u0131n\u0131 Getirdim&#8221;<\/p>\n<p>Toroslar Belediye Ba\u015fkan\u0131 Ats\u0131z Af\u015f\u0131n Y\u0131lmaz, Malazgirt Zaferi&#8217;nin 950. y\u0131l d\u00f6n\u00fcm\u00fc dolay\u0131s\u0131yla Cumhurba\u015fkan\u0131 Recep Tayyip Erdo\u011fan ve MHP Genel Ba\u015fkan\u0131 Devlet Bah\u00e7eli&#8217;nin te\u015frifleriyle Mu\u015f&#8217;un Malazgirt il\u00e7esinde d\u00fczenlenen programa kat\u0131ld\u0131\u011f\u0131n\u0131 da hat\u0131rlatarak; &#8220;Malazgirt&#8217;te Genel Ba\u015fkan\u0131m\u0131z Say\u0131n Devlet Bah\u00e7eli Bey ile g\u00f6r\u00fc\u015fme f\u0131rsat\u0131 bulduk. Say\u0131n Genel Ba\u015fkan\u0131m\u0131z\u0131n hepinize selam\u0131n\u0131 getirdim&#8221; dedi.<\/p>\n","protected":false},"excerpt":{"rendered":"<p>Gen\u00e7 Dostu \u015eehirler Fikir ve Proje Yar\u0131\u015fmas\u0131&#8217;nda &#8220;Tekno Toroslar Projesiyle&#8221; Cumhurba\u015fkan\u0131 Recep Tayyip Erdo\u011fan&#8217;dan \u00f6d\u00fcl alan Toroslar Belediye Ba\u015fkan\u0131 Ats\u0131z Af\u015f\u0131n Y\u0131lmaz, belediye \u00f6n\u00fcnde personeli taraf\u0131ndan alk\u0131\u015flarla kar\u015f\u0131land\u0131. &#8220;Bu \u00f6d\u00fclde, &hellip; <a href=\"https:\/\/akdenizolaygazetesi.com\/?p=13923\" class=\"more-link\">Devam\u0131n\u0131 Oku&#8230;<\/a><\/p>\n","protected":false},"author":2,"featured_media":13924,"comment_status":"open","ping_status":"open","sticky":false,"template":"","format":"standard","meta":[],"categories":[1,2,3],"tags":[],"_links":{"self":[{"href":"https:\/\/akdenizolaygazetesi.com\/index.php?rest_route=\/wp\/v2\/posts\/13923"}],"collection":[{"href":"https:\/\/akdenizolaygazetesi.com\/index.php?rest_route=\/wp\/v2\/posts"}],"about":[{"href":"https:\/\/akdenizolaygazetesi.com\/index.php?rest_route=\/wp\/v2\/types\/post"}],"author":[{"embeddable":true,"href":"https:\/\/akdenizolaygazetesi.com\/index.php?rest_route=\/wp\/v2\/users\/2"}],"replies":[{"embeddable":true,"href":"https:\/\/akdenizolaygazetesi.com\/index.php?rest_route=%2Fwp%2Fv2%2Fcomments&post=13923"}],"version-history":[{"count":1,"href":"https:\/\/akdenizolaygazetesi.com\/index.php?rest_route=\/wp\/v2\/posts\/13923\/revisions"}],"predecessor-version":[{"id":13925,"href":"https:\/\/akdenizolaygazetesi.com\/index.php?rest_route=\/wp\/v2\/posts\/13923\/revisions\/13925"}],"wp:featuredmedia":[{"embeddable":true,"href":"https:\/\/akdenizolaygazetesi.com\/index.php?rest_route=\/wp\/v2\/media\/13924"}],"wp:attachment":[{"href":"https:\/\/akdenizolaygazetesi.com\/index.php?rest_route=%2Fwp%2Fv2%2Fmedia&parent=13923"}],"wp:term":[{"taxonomy":"category","embeddable":true,"href":"https:\/\/akdenizolaygazetesi.com\/index.php?rest_route=%2Fwp%2Fv2%2Fcategories&post=13923"},{"taxonomy":"post_tag","embeddable":true,"href":"https:\/\/akdenizolaygazetesi.com\/index.php?rest_route=%2Fwp%2Fv2%2Ftags&post=13923"}],"curies":[{"name":"wp","href":"https:\/\/api.w.org\/{rel}","templated":true}]}}