{"id":13926,"date":"2021-08-29T09:13:42","date_gmt":"2021-08-29T06:13:42","guid":{"rendered":"http:\/\/akdenizolaygazetesi.com\/?p=13926"},"modified":"2021-08-29T09:13:42","modified_gmt":"2021-08-29T06:13:42","slug":"akdenizde-yaz-aksamlari-coskuyla-suruyor","status":"publish","type":"post","link":"https:\/\/akdenizolaygazetesi.com\/?p=13926","title":{"rendered":"AKDEN\u0130Z&#8217;DE YAZ AK\u015eAMLARI CO\u015eKUYLA S\u00dcR\u00dcYOR"},"content":{"rendered":"<p>Akdeniz Belediyesi, vatanda\u015flar\u0131n uzun s\u00fcredir \u00f6zlem duydu\u011fu k\u00fclt\u00fcrel ve sanatsal etkinliklerini h\u0131z kesmeden ba\u015far\u0131yla devam ettiriyor. Ba\u015fkan Mustafa G\u00fcltak; &#8220;B\u00fcy\u00fck bir heyecanla ba\u015flad\u0131\u011f\u0131m\u0131z Akdeniz&#8217;de Yaz Ak\u015famlar\u0131 etkinliklerimiz her ya\u015f ve kesimden vatanda\u015flar\u0131n kat\u0131l\u0131m\u0131yla co\u015fku i\u00e7inde s\u00fcr\u00fcyor&#8221; dedi.<br \/>\nAkdeniz Belediyesi K\u00fclt\u00fcr ve Sosyal \u0130\u015fler M\u00fcd\u00fcrl\u00fc\u011f\u00fc&#8217;nce Millet Bah\u00e7esi&#8217;nde ger\u00e7ekle\u015ftirilen Akdeniz&#8217;de Yaz Ak\u015famlar\u0131 etkinlikleri her ya\u015ftan ve kesimden vatanda\u015f\u0131n kat\u0131l\u0131m\u0131 ile keyif i\u00e7inde devam ediyor.  Yazl\u0131k sinema g\u00f6sterimi ile ba\u015flay\u0131p s\u00fcren yaz ak\u015fam\u0131 etkinlikleri, konserler ve \u00e7ocuklar i\u00e7in de e\u011flenceli faaliyetler ile co\u015fku i\u00e7inde ge\u00e7iyor. Pandemi ko\u015fullar\u0131n\u0131n g\u00f6zetildi\u011fi programlarda vatanda\u015flara patlam\u0131\u015f m\u0131s\u0131r ve gazoz da\u011f\u0131t\u0131larak nostaljik anlar da ya\u015fat\u0131l\u0131yor.<br \/>\n&#8220;Etkinliklerimiz h\u0131z kesmeden s\u00fcrecek&#8221;<br \/>\nEyl\u00fcl ay\u0131n\u0131n ortas\u0131na dek Akdeniz&#8217;in bir\u00e7ok yerinde yazl\u0131k sinema g\u00f6sterimleri ve konserlerin s\u00fcrece\u011fini kaydeden Ba\u015fkan Mustafa G\u00fcltak; &#8220;Vatanda\u015flar\u0131m\u0131z, \u00f6n\u00fcm\u00fczdeki s\u00fcre\u00e7te Ye\u015fil\u00e7am&#8217;\u0131n ve yeni d\u00f6nem T\u00fcrk sinemas\u0131n\u0131n \u00f6nemli filmlerini hem mahallelerimizde hem de Mersin Millet Bah\u00e7esi&#8217;nde izleme f\u0131rsat\u0131 bulacaklar. Ayr\u0131ca \u00e7ocuklar\u0131m\u0131z i\u00e7in de e\u011flence dolu parkurlar, ill\u00fczyon g\u00f6sterileri ve daha bir\u00e7ok etkinlik de programlar\u0131m\u0131z dahilindedir. Vatanda\u015flar\u0131m\u0131z konserimize yo\u011fun ilgi g\u00f6steriyor; bu anlamda da bir\u00e7ok mahallemizde de konserler s\u00fcrecek&#8221; dedi.<br \/>\n&#8220;Karaduvar Bal\u0131k Festivali&#8217;nde s\u00fcrpriz isimler olacak&#8221;<br \/>\nSanat\u0131n ve sanat\u00e7\u0131n\u0131n her daim yan\u0131nda olduklar\u0131n\u0131 kaydeden Ba\u015fkan Mustafa G\u00fcltak, &#8220;K\u00fclt\u00fcr ve sanata verdi\u011fimiz de\u011fer, Akdeniz&#8217;de Yaz Ak\u015famlar\u0131 etkinliklerimizin sonras\u0131nda ta\u00e7lanacak diyebiliriz. Ge\u00e7ti\u011fimiz y\u0131l pandemiden dolay\u0131 ger\u00e7ekle\u015ftiremedi\u011fimiz Karaduvar Bal\u0131k Festivali&#8217;ni de bu y\u0131l g\u00f6rkemli faaliyetlerle s\u00fcsleyece\u011fiz. \u00c7ok s\u00fcrpriz isimlerin konserlerinin olaca\u011f\u0131 festivalimizde vatanda\u015flar\u0131m\u0131z \u00f6zledi\u011fi e\u011flenceye doyacak&#8221; ifadelerini kulland\u0131. <\/p>\n","protected":false},"excerpt":{"rendered":"<p>Akdeniz Belediyesi, vatanda\u015flar\u0131n uzun s\u00fcredir \u00f6zlem duydu\u011fu k\u00fclt\u00fcrel ve sanatsal etkinliklerini h\u0131z kesmeden ba\u015far\u0131yla devam ettiriyor. Ba\u015fkan Mustafa G\u00fcltak; &#8220;B\u00fcy\u00fck bir heyecanla ba\u015flad\u0131\u011f\u0131m\u0131z Akdeniz&#8217;de Yaz Ak\u015famlar\u0131 etkinliklerimiz her ya\u015f ve &hellip; <a href=\"https:\/\/akdenizolaygazetesi.com\/?p=13926\" class=\"more-link\">Devam\u0131n\u0131 Oku&#8230;<\/a><\/p>\n","protected":false},"author":2,"featured_media":13927,"comment_status":"open","ping_status":"open","sticky":false,"template":"","format":"standard","meta":[],"categories":[3,5],"tags":[],"_links":{"self":[{"href":"https:\/\/akdenizolaygazetesi.com\/index.php?rest_route=\/wp\/v2\/posts\/13926"}],"collection":[{"href":"https:\/\/akdenizolaygazetesi.com\/index.php?rest_route=\/wp\/v2\/posts"}],"about":[{"href":"https:\/\/akdenizolaygazetesi.com\/index.php?rest_route=\/wp\/v2\/types\/post"}],"author":[{"embeddable":true,"href":"https:\/\/akdenizolaygazetesi.com\/index.php?rest_route=\/wp\/v2\/users\/2"}],"replies":[{"embeddable":true,"href":"https:\/\/akdenizolaygazetesi.com\/index.php?rest_route=%2Fwp%2Fv2%2Fcomments&post=13926"}],"version-history":[{"count":1,"href":"https:\/\/akdenizolaygazetesi.com\/index.php?rest_route=\/wp\/v2\/posts\/13926\/revisions"}],"predecessor-version":[{"id":13928,"href":"https:\/\/akdenizolaygazetesi.com\/index.php?rest_route=\/wp\/v2\/posts\/13926\/revisions\/13928"}],"wp:featuredmedia":[{"embeddable":true,"href":"https:\/\/akdenizolaygazetesi.com\/index.php?rest_route=\/wp\/v2\/media\/13927"}],"wp:attachment":[{"href":"https:\/\/akdenizolaygazetesi.com\/index.php?rest_route=%2Fwp%2Fv2%2Fmedia&parent=13926"}],"wp:term":[{"taxonomy":"category","embeddable":true,"href":"https:\/\/akdenizolaygazetesi.com\/index.php?rest_route=%2Fwp%2Fv2%2Fcategories&post=13926"},{"taxonomy":"post_tag","embeddable":true,"href":"https:\/\/akdenizolaygazetesi.com\/index.php?rest_route=%2Fwp%2Fv2%2Ftags&post=13926"}],"curies":[{"name":"wp","href":"https:\/\/api.w.org\/{rel}","templated":true}]}}