{"id":13929,"date":"2021-08-29T09:16:28","date_gmt":"2021-08-29T06:16:28","guid":{"rendered":"http:\/\/akdenizolaygazetesi.com\/?p=13929"},"modified":"2021-08-29T09:16:28","modified_gmt":"2021-08-29T06:16:28","slug":"mersin-buyuksehirden-yangin-magduru-ureticilere-yem-destegi","status":"publish","type":"post","link":"https:\/\/akdenizolaygazetesi.com\/?p=13929","title":{"rendered":"MERS\u0130N B\u00dcY\u00dcK\u015eEH\u0130R\u2019DEN YANGIN MA\u011eDURU \u00dcRET\u0130C\u0130LERE YEM DESTE\u011e\u0130"},"content":{"rendered":"<p>Mersin B\u00fcy\u00fck\u015fehir Belediyesi, A\u011fustos ay\u0131n\u0131n ba\u015f\u0131nda Ayd\u0131nc\u0131k il\u00e7esinde \u00e7\u0131kan yang\u0131nlarda ma\u011fdur olan vatanda\u015flar\u0131n ve \u00fcreticilerin yaralar\u0131na merhem olmaya devam ediyor. Yang\u0131n\u0131n ilk an\u0131ndan itibaren t\u00fcm birimleri ile b\u00f6lgede seferber olan B\u00fcy\u00fck\u015fehir Belediyesi, k\u00fc\u00e7\u00fckba\u015f hayvan yeti\u015ftiricilerini de unutmad\u0131.<\/p>\n<p>Yang\u0131zedeler yem maliyetinden B\u00fcy\u00fck\u015fehir sayesinde kurtuldu<\/p>\n<p>\u0130l\u00e7ede \u00e7\u0131kan yang\u0131nlarda, evleri ile a\u011f\u0131llar\u0131n\u0131n yan\u0131 s\u0131ra hayvanlar\u0131n\u0131 otlatt\u0131klar\u0131 mera ve otlaklar da yanan b\u00f6lge \u00fcreticisi yeni bir s\u0131k\u0131nt\u0131 ile kar\u015f\u0131 kar\u015f\u0131ya kald\u0131. Mera ve otlaklar\u0131n yanmas\u0131 nedeniyle hayvanlar\u0131n\u0131 otlatamad\u0131\u011f\u0131 i\u00e7in haz\u0131r yeme ihtiya\u00e7 duyan ve ciddi yem maliyetleriyle kar\u015f\u0131 kar\u015f\u0131ya gelen k\u00fc\u00e7\u00fck \u00f6l\u00e7ekli k\u00fc\u00e7\u00fckba\u015f hayvan yeti\u015ftiricilerinin imdad\u0131na yine B\u00fcy\u00fck\u015fehir Belediyesi yeti\u015fti.<\/p>\n<p>86 \u00fcreticiye 25 ton k\u00fc\u00e7\u00fckba\u015f hayvan besi yemi da\u011f\u0131t\u0131ld\u0131<\/p>\n<p>\u00dcreticilerin yem ihtiyac\u0131 \u00fczerine harekete ge\u00e7en Tar\u0131msal ve Veteriner Hizmetleri Dairesi ekipleri, \u0130l\u00e7e Tar\u0131m ve Orman M\u00fcd\u00fcrl\u00fc\u011f\u00fc\u2019n\u00fcn yerinde incelemeleri sonucunda olu\u015fturdu\u011fu listeden ve B\u00fcy\u00fck\u015fehir Belediyesi\u2019ne ba\u015fvuranlar aras\u0131ndan yem ihtiyac\u0131 olan \u00fcreticileri belirledi. Ekipler, \u00e7al\u0131\u015fmalar sonucunda yem ihtiyac\u0131 olan 86 \u00fcreticiye 50\u2019\u015fer kiloluk torbalarla toplam 25 ton k\u00fc\u00e7\u00fckba\u015f hayvan besi yemi da\u011f\u0131tt\u0131. Yap\u0131lan destekle, yang\u0131nzedeler yem maliyetinden B\u00fcy\u00fck\u015fehir Belediyesi sayesinde kurtulmu\u015f oldu.<\/p>\n<p>\u201c\u00dcreticilerimiz hayvanlar\u0131n\u0131 otlatamay\u0131nca haz\u0131r yemlere y\u00f6nelmek zorunda kald\u0131\u201d<\/p>\n<p>Tar\u0131msal ve Veteriner Hizmetleri Dairesi Ba\u015fkan\u0131 Salim Serdar G\u00f6k\u00e7ek, A\u011fustos ay\u0131n\u0131n ba\u015f\u0131nda Ayd\u0131nc\u0131k\u2019ta ya\u015fanan orman yang\u0131nlar\u0131nda yanan mera ve otlaklar\u0131n k\u00fc\u00e7\u00fckba\u015f hayvan yeti\u015ftiricilerini de olumsuz etkiledi\u011fini belirterek, \u201c\u00d6zellikle k\u00fc\u00e7\u00fckba\u015f hayvan \u00fcretimi yapan \u00fcreticilerimiz; otlatma yapt\u0131klar\u0131 meralar ve otlaklar yang\u0131ndan dolay\u0131 zarar g\u00f6rd\u00fc\u011f\u00fc i\u00e7in yemle alakal\u0131 s\u0131k\u0131nt\u0131 ya\u015fad\u0131. Hayvanlar\u0131n\u0131 otlatamay\u0131nca haz\u0131r yemlere y\u00f6nelmek zorunda kald\u0131. \u00dcreticilerimiz i\u00e7in en pahal\u0131 girdilerin ba\u015f\u0131nda yem maliyetleri geliyor. Biz de B\u00fcy\u00fck\u015fehir Belediye Ba\u015fkan\u0131m\u0131z\u0131n iste\u011fi do\u011frultusunda burada k\u00fc\u00e7\u00fckba\u015f hayvan \u00fcretimi yapan \u00fcreticilerimize yem yard\u0131m\u0131nda bulunmak istedik\u201d dedi.<\/p>\n<p>\u201cEskiden sal\u0131p g\u00fcdebiliyorduk, \u015fu an onlar\u0131n hi\u00e7birini yapam\u0131yoruz\u201d<\/p>\n<p>Ayd\u0131nc\u0131k\u2019ta \u00e7\u0131kan yang\u0131ndan a\u011f\u0131l\u0131 zarar g\u00f6ren ve yem deste\u011fi alan \u00fcreticilerden Ay\u015fe Oynar, \u201cHayvanlar\u0131m\u0131z\u0131 kurtard\u0131k ama a\u011f\u0131l\u0131m\u0131z\u0131 kurtaramad\u0131k. Vahap Ba\u015fkan\u0131m\u0131z sa\u011f olsun, Allah raz\u0131 olsun yem yard\u0131m\u0131nda bulundu. Ge\u00e7ici olsa da \u015fu an en az\u0131ndan a\u00e7 de\u011filler. Eskiden sal\u0131p g\u00fcdebiliyorduk, \u015fu an onlar\u0131n hi\u00e7birini yapam\u0131yoruz. Ben Ba\u015fkan\u0131ma ayriyeten te\u015fekk\u00fcr ederim. Kendisi yang\u0131n esnas\u0131nda bir anda geldi; \u2018ge\u00e7mi\u015f olsun\u2019 dedi. Bu bile bizi d\u00fc\u015f\u00fcnd\u00fc\u011f\u00fcn\u00fc g\u00f6steriyor\u201d dedi.<\/p>\n<p>\u201cYan\u0131m\u0131zda olduklar\u0131n\u0131 s\u00fcrekli hissettirdiler\u201d<\/p>\n<p>Ayd\u0131nc\u0131k Karaseki K\u00f6y\u00fc Yard\u0131mla\u015fma ve Dayan\u0131\u015fma Derne\u011fi Ba\u015fkan\u0131 R\u00fcstem S\u00f6nmez, B\u00fcy\u00fck\u015fehir Belediyesi ve Ba\u015fkan Se\u00e7er\u2019in destekleri ile kendilerini yaln\u0131z hissetmediklerini belirterek, \u201cPandemi ve yang\u0131nda B\u00fcy\u00fck\u015fehir Belediye Ba\u015fkan\u0131m\u0131z Vahap Se\u00e7er her zaman yan\u0131m\u0131zda oldu. Her t\u00fcrl\u00fc yard\u0131mlar\u0131n\u0131, desteklerini hissettik, hissettirdiler. Daire ba\u015fkanlar\u0131n\u0131 g\u00f6ndermi\u015flerdi, di\u011fer birimlerini g\u00f6ndermi\u015flerdi. Her t\u00fcrl\u00fc hasar tespitinde geldiler. Yan\u0131m\u0131zda olduklar\u0131n\u0131 s\u00fcrekli hissettirdiler\u201d diye konu\u015ftu.<\/p>\n<p>\u201cBu yeme ger\u00e7ekten \u00e7ok ihtiyac\u0131m\u0131z vard\u0131\u201d<\/p>\n<p>\u00dcreticilerin yang\u0131n dolay\u0131s\u0131yla g\u00f6rd\u00fc\u011f\u00fc zarar\u0131, \u201cYang\u0131ndan dolay\u0131 k\u00fc\u00e7\u00fckba\u015f hayvanc\u0131l\u0131k tamamen bitmi\u015ftir\u201d c\u00fcmleleriyle anlatan S\u00f6nmez,  \u201cBundan dolay\u0131 yem ve samana \u00e7ok ihtiya\u00e7 oldu. Bunu d\u00fc\u015f\u00fcnd\u00fc\u011f\u00fc ve yem g\u00f6nderdi\u011fi i\u00e7in Ba\u015fkan\u0131m\u0131za \u00e7ok te\u015fekk\u00fcr ediyoruz. K\u00fc\u00e7\u00fckba\u015f hayvanc\u0131l\u0131k yapan insanlar\u0131m\u0131z \u00e7o\u011funlukta ve bu yeme ger\u00e7ekten \u00e7ok ihtiyac\u0131m\u0131z vard\u0131. Eme\u011fi ge\u00e7en herkese \u00e7ok te\u015fekk\u00fcr ediyoruz\u201d dedi.<\/p>\n<p>Yang\u0131nda hayvanlar\u0131n\u0131n zarar g\u00f6rd\u00fc\u011f\u00fcn\u00fc ifade eden \u00fcretici Arzu \u00c7elik ise \u201cHayvanlar\u0131m\u0131z dumandan etkilendi, k\u00f6y\u00fcn d\u0131\u015f\u0131na \u00e7\u0131kard\u0131k. Yem olmad\u0131\u011f\u0131 i\u00e7in s\u0131k\u0131nt\u0131lar ya\u015f\u0131yorduk. Saman ve k\u00fcspenin d\u0131\u015f\u0131nda bir \u015fey yemiyorlar. Yard\u0131mlar i\u00e7in te\u015fekk\u00fcr ederiz, Allah raz\u0131 olsun\u201d ifadelerine yer verdi.<\/p>\n","protected":false},"excerpt":{"rendered":"<p>Mersin B\u00fcy\u00fck\u015fehir Belediyesi, A\u011fustos ay\u0131n\u0131n ba\u015f\u0131nda Ayd\u0131nc\u0131k il\u00e7esinde \u00e7\u0131kan yang\u0131nlarda ma\u011fdur olan vatanda\u015flar\u0131n ve \u00fcreticilerin yaralar\u0131na merhem olmaya devam ediyor. Yang\u0131n\u0131n ilk an\u0131ndan itibaren t\u00fcm birimleri ile b\u00f6lgede seferber olan &hellip; <a href=\"https:\/\/akdenizolaygazetesi.com\/?p=13929\" class=\"more-link\">Devam\u0131n\u0131 Oku&#8230;<\/a><\/p>\n","protected":false},"author":2,"featured_media":13930,"comment_status":"open","ping_status":"open","sticky":false,"template":"","format":"standard","meta":[],"categories":[1,3,5],"tags":[],"_links":{"self":[{"href":"https:\/\/akdenizolaygazetesi.com\/index.php?rest_route=\/wp\/v2\/posts\/13929"}],"collection":[{"href":"https:\/\/akdenizolaygazetesi.com\/index.php?rest_route=\/wp\/v2\/posts"}],"about":[{"href":"https:\/\/akdenizolaygazetesi.com\/index.php?rest_route=\/wp\/v2\/types\/post"}],"author":[{"embeddable":true,"href":"https:\/\/akdenizolaygazetesi.com\/index.php?rest_route=\/wp\/v2\/users\/2"}],"replies":[{"embeddable":true,"href":"https:\/\/akdenizolaygazetesi.com\/index.php?rest_route=%2Fwp%2Fv2%2Fcomments&post=13929"}],"version-history":[{"count":1,"href":"https:\/\/akdenizolaygazetesi.com\/index.php?rest_route=\/wp\/v2\/posts\/13929\/revisions"}],"predecessor-version":[{"id":13931,"href":"https:\/\/akdenizolaygazetesi.com\/index.php?rest_route=\/wp\/v2\/posts\/13929\/revisions\/13931"}],"wp:featuredmedia":[{"embeddable":true,"href":"https:\/\/akdenizolaygazetesi.com\/index.php?rest_route=\/wp\/v2\/media\/13930"}],"wp:attachment":[{"href":"https:\/\/akdenizolaygazetesi.com\/index.php?rest_route=%2Fwp%2Fv2%2Fmedia&parent=13929"}],"wp:term":[{"taxonomy":"category","embeddable":true,"href":"https:\/\/akdenizolaygazetesi.com\/index.php?rest_route=%2Fwp%2Fv2%2Fcategories&post=13929"},{"taxonomy":"post_tag","embeddable":true,"href":"https:\/\/akdenizolaygazetesi.com\/index.php?rest_route=%2Fwp%2Fv2%2Ftags&post=13929"}],"curies":[{"name":"wp","href":"https:\/\/api.w.org\/{rel}","templated":true}]}}