{"id":1393,"date":"2020-11-04T18:21:57","date_gmt":"2020-11-04T15:21:57","guid":{"rendered":"http:\/\/mersinekonomipolitikagazetesi.com\/?p=1393"},"modified":"2020-11-04T18:21:57","modified_gmt":"2020-11-04T15:21:57","slug":"2-uluslararasi-mersin-bilim-senligi-basladi","status":"publish","type":"post","link":"https:\/\/akdenizolaygazetesi.com\/?p=1393","title":{"rendered":"2. Uluslararas\u0131 Mersin Bilim \u015eenli\u011fi ba\u015flad\u0131"},"content":{"rendered":"<p>Mersin Valili\u011fi ve Mersin B\u00fcy\u00fck\u015fehir Belediyesi\u2019nin payda\u015flar\u0131 aras\u0131nda yer ald\u0131\u011f\u0131, Mersin \u00dcniversitesi koordinasyonunda, T\u00dcB\u0130TAK Bilim ve Toplum Dairesi 4007-Bilim \u015eenli\u011fi Destekleme Program\u0131 kapsam\u0131nda d\u00fczenlenen, 2. Uluslararas\u0131 Mersin Bilim \u015eenli\u011fi ba\u015flad\u0131.<\/p>\n<p><br style=\"color: rgb(0, 0, 0); font-family: Tahoma, Arial, &quot;Times New Roman TUR&quot;, Verdana; font-size: 15px;\" \/><br \/>\n<span style=\"color: rgb(0, 0, 0); font-family: Tahoma, Arial, &quot;Times New Roman TUR&quot;, Verdana; font-size: 15px;\">Yeni\u015fehir CNR EXPO Fuar Alan\u0131nda ger\u00e7ekle\u015ftirilen ve 2 g\u00fcn s\u00fcrecek olan \u015fenli\u011fin a\u00e7\u0131l\u0131\u015f\u0131nda konu\u015fan Mersin Valisi \u00d6zdemir \u00c7akacak, T\u00fcrkiye&#8217;nin k\u00fcresel \u00f6l\u00e7ekte a\u011f\u0131rl\u0131\u011f\u0131n\u0131 gittik\u00e7e artt\u0131rd\u0131\u011f\u0131n\u0131 belirterek, \u00fclkemizin bu konumunu daha ileri noktalara ta\u015f\u0131man\u0131n, daha g\u00fc\u00e7l\u00fc ve m\u00fcreffeh bir \u00fclke olman\u0131n yolunun e\u011fitim ve sanayi ba\u015fta olmak \u00fczere t\u00fcm sekt\u00f6rlerde daha fazla bilim ve teknoloji \u00fcretmekten ge\u00e7ti\u011fini vurgulad\u0131.<\/span><br style=\"color: rgb(0, 0, 0); font-family: Tahoma, Arial, &quot;Times New Roman TUR&quot;, Verdana; font-size: 15px;\" \/><br \/>\n<span style=\"color: rgb(0, 0, 0); font-family: Tahoma, Arial, &quot;Times New Roman TUR&quot;, Verdana; font-size: 15px;\">E\u011fitim sisteminin de bu ko\u015fullara g\u00f6re uyarland\u0131\u011f\u0131n\u0131n alt\u0131n\u0131 \u00e7izen \u00c7akacak, devletin ara\u015ft\u0131rma ve geli\u015ftirmeye gittik\u00e7e artan oranda kaynak tahsis etti\u011fini ve \u00f6zel sekt\u00f6r\u00fc de bu alanlarda daha fazla te\u015fvik etti\u011fini s\u00f6yledi.<\/span><br style=\"color: rgb(0, 0, 0); font-family: Tahoma, Arial, &quot;Times New Roman TUR&quot;, Verdana; font-size: 15px;\" \/><br \/>\n<span style=\"color: rgb(0, 0, 0); font-family: Tahoma, Arial, &quot;Times New Roman TUR&quot;, Verdana; font-size: 15px;\">\u00d6zellikle gen\u00e7lerin imkan ve f\u0131rsat verildi\u011finde ulusal ve uluslararas\u0131 d\u00fczeyde \u00f6nemli ba\u015far\u0131lara imza atabildiklerini kaydeden \u00c7akacak, gelecekte bilim ve teknolojiyi daha fazla \u00fcreten ve \u00fcretti\u011fini payla\u015fan bir \u00fclke olmak i\u00e7in bu t\u00fcr etkinliklerin say\u0131s\u0131n\u0131n artt\u0131r\u0131laca\u011f\u0131n\u0131 ifade etti. Bilim \u015fenli\u011finin gen\u00e7lerin \u00e7e\u015fitli fikirlerini projelendirerek prati\u011fe d\u00f6n\u00fc\u015ft\u00fcrecek \u00e7al\u0131\u015fmalar yapmaya te\u015fvik edece\u011fine ve geli\u015fimlerine katk\u0131da bulunaca\u011f\u0131na olan inanc\u0131n\u0131 dile getiren Vali \u00c7akacak, \u015fenli\u011fin as\u0131l amac\u0131n\u0131n gen\u00e7lere bilim \u00fcretmenin vermi\u015f oldu\u011fu hazz\u0131 tatmalar\u0131n\u0131 sa\u011flamak oldu\u011funu belirtti.<\/span><br style=\"color: rgb(0, 0, 0); font-family: Tahoma, Arial, &quot;Times New Roman TUR&quot;, Verdana; font-size: 15px;\" \/><br \/>\n<span style=\"color: rgb(0, 0, 0); font-family: Tahoma, Arial, &quot;Times New Roman TUR&quot;, Verdana; font-size: 15px;\">\u201cHer \u00e7a\u011f\u0131n oda\u011f\u0131nda insan vard\u0131r\u201d<\/span><br style=\"color: rgb(0, 0, 0); font-family: Tahoma, Arial, &quot;Times New Roman TUR&quot;, Verdana; font-size: 15px;\" \/><br \/>\n<span style=\"color: rgb(0, 0, 0); font-family: Tahoma, Arial, &quot;Times New Roman TUR&quot;, Verdana; font-size: 15px;\">Ger\u00e7ekle\u015ftirilen Bilim \u015eenli\u011finin temel hedefinin, milletin ihtiyac\u0131 olan say\u0131 ve kalitede insan yeti\u015ftirebilmek i\u00e7in gerekli olan fark\u0131ndal\u0131\u011f\u0131 ve d\u00fc\u015f\u00fcnce altyap\u0131s\u0131n\u0131 olu\u015fturmak oldu\u011funu s\u00f6yleyen Mersin B\u00fcy\u00fck\u015fehir Belediye Ba\u015fkan\u0131 Burhanettin Kocamaz, \u201cMersin\u2019in karar vericileri ve Mersin\u2019e hizmet edenler olarak bug\u00fcn burada bir araya gelmemizin sebebi, \u00e7\u00f6k\u00fc\u015flerin en zay\u0131f, y\u00fckseli\u015flerin en g\u00fc\u00e7l\u00fc halkas\u0131 e\u011fitimli, donan\u0131ml\u0131 ve inanm\u0131\u015f insan kayna\u011f\u0131d\u0131r. \u00c7a\u011f\u0131n gereklerine g\u00f6re yeti\u015fmi\u015f, ayn\u0131 idealler etraf\u0131nda kenetlenmi\u015f bir millet kadar b\u00fcy\u00fck bir g\u00fc\u00e7 yoktur. \u00c7a\u011f\u0131n ad\u0131 eski, orta, yeni ya da siber olmu\u015f fark etmiyor. Her \u00e7a\u011f\u0131n oda\u011f\u0131nda insan, insan\u0131n oda\u011f\u0131nda ise y\u00fcksek idealler vard\u0131r. \u0130ki g\u00fcn s\u00fcrecek bilim \u015fenli\u011fimizin temel hedefi budur. Milletimizin ihtiyac\u0131 olan say\u0131 ve kalitede insan yeti\u015ftirmek i\u00e7in gerekli olan fark\u0131ndal\u0131\u011f\u0131 ve d\u00fc\u015f\u00fcnce altyap\u0131s\u0131n\u0131 olu\u015fturmakt\u0131r\u201d dedi.<\/span><br style=\"color: rgb(0, 0, 0); font-family: Tahoma, Arial, &quot;Times New Roman TUR&quot;, Verdana; font-size: 15px;\" \/><br \/>\n<span style=\"color: rgb(0, 0, 0); font-family: Tahoma, Arial, &quot;Times New Roman TUR&quot;, Verdana; font-size: 15px;\">Mersin \u00dcniversitesi Rekt\u00f6r\u00fc Prof. Dr. Ahmet \u00c7amsar\u0131 da bilim \u015fenli\u011fi ile ilgili bilgiler aktard\u0131\u011f\u0131 konu\u015fmas\u0131nda, Mersin \u00dcniversitesi\u2019nin toplumda bilim k\u00fclt\u00fcr\u00fcn\u00fcn olu\u015fmas\u0131, yayg\u0131nla\u015fmas\u0131 ve s\u00fcrd\u00fcr\u00fclebilirli\u011finin sa\u011flanmas\u0131 amac\u0131yla pek \u00e7ok \u00e7al\u0131\u015fma y\u00fcr\u00fctt\u00fc\u011f\u00fcn\u00fc ifade ederek, bu kapsamda T\u00fcrkiye\u2019ye \u00f6rnek bir model olarak s\u00fcr\u00fclen Mersin \u00c7ocuk \u00dcniversitesi yap\u0131lanmas\u0131n\u0131n Mersin Valili\u011fi, Mersin B\u00fcy\u00fck\u015fehir Belediyesi, Mersin \u00dcniversitesi, Ortado\u011fu Teknik \u00dcniversitesi ve Mersin Ticaret ve Sanayi Odas\u0131 i\u015fbirli\u011fiyle kuruldu\u011fu bilgisini verdi.<\/span><br style=\"color: rgb(0, 0, 0); font-family: Tahoma, Arial, &quot;Times New Roman TUR&quot;, Verdana; font-size: 15px;\" \/><br \/>\n<span style=\"color: rgb(0, 0, 0); font-family: Tahoma, Arial, &quot;Times New Roman TUR&quot;, Verdana; font-size: 15px;\">\u0130ki g\u00fcn s\u00fcrecek olan \u015fenlik boyunca uluslararas\u0131 ve ulusal d\u00fczeyde 150 akademisyenin at\u00f6lye \u00e7al\u0131\u015fmalar\u0131 yapt\u0131raca\u011f\u0131, il genelinden 400 ortaokul ve lise \u00f6\u011frencisi taraf\u0131ndan sunulan toplam 202 adet projenin sergilenece\u011fi ve bir\u00e7ok bilimsel g\u00f6sterinin d\u00fczenlenece\u011fi ifade edilirken, bu y\u0131l \u015fenli\u011fe 6 farkl\u0131 \u00fclkeden 7 kurum, T\u00fcrkiye&#8217;den ise 27 farkl\u0131 \u015fehirden 39 kurum, Mersin \u00dcniversitesi akademisyenleri ile kentte yer alan kurum ve kurulu\u015flar\u0131n kat\u0131laca\u011f\u0131 belirtildi.<\/span><\/p>\n","protected":false},"excerpt":{"rendered":"<p>Mersin Valili\u011fi ve Mersin B\u00fcy\u00fck\u015fehir Belediyesi\u2019nin payda\u015flar\u0131 aras\u0131nda yer ald\u0131\u011f\u0131, Mersin \u00dcniversitesi koordinasyonunda, T\u00dcB\u0130TAK Bilim ve Toplum Dairesi 4007-Bilim \u015eenli\u011fi Destekleme Program\u0131 kapsam\u0131nda d\u00fczenlenen, 2. Uluslararas\u0131 Mersin Bilim \u015eenli\u011fi ba\u015flad\u0131. &hellip; <a href=\"https:\/\/akdenizolaygazetesi.com\/?p=1393\" class=\"more-link\">Devam\u0131n\u0131 Oku&#8230;<\/a><\/p>\n","protected":false},"author":1,"featured_media":0,"comment_status":"open","ping_status":"open","sticky":false,"template":"","format":"standard","meta":[],"categories":[],"tags":[],"_links":{"self":[{"href":"https:\/\/akdenizolaygazetesi.com\/index.php?rest_route=\/wp\/v2\/posts\/1393"}],"collection":[{"href":"https:\/\/akdenizolaygazetesi.com\/index.php?rest_route=\/wp\/v2\/posts"}],"about":[{"href":"https:\/\/akdenizolaygazetesi.com\/index.php?rest_route=\/wp\/v2\/types\/post"}],"author":[{"embeddable":true,"href":"https:\/\/akdenizolaygazetesi.com\/index.php?rest_route=\/wp\/v2\/users\/1"}],"replies":[{"embeddable":true,"href":"https:\/\/akdenizolaygazetesi.com\/index.php?rest_route=%2Fwp%2Fv2%2Fcomments&post=1393"}],"version-history":[{"count":0,"href":"https:\/\/akdenizolaygazetesi.com\/index.php?rest_route=\/wp\/v2\/posts\/1393\/revisions"}],"wp:attachment":[{"href":"https:\/\/akdenizolaygazetesi.com\/index.php?rest_route=%2Fwp%2Fv2%2Fmedia&parent=1393"}],"wp:term":[{"taxonomy":"category","embeddable":true,"href":"https:\/\/akdenizolaygazetesi.com\/index.php?rest_route=%2Fwp%2Fv2%2Fcategories&post=1393"},{"taxonomy":"post_tag","embeddable":true,"href":"https:\/\/akdenizolaygazetesi.com\/index.php?rest_route=%2Fwp%2Fv2%2Ftags&post=1393"}],"curies":[{"name":"wp","href":"https:\/\/api.w.org\/{rel}","templated":true}]}}