{"id":13932,"date":"2021-08-29T09:18:52","date_gmt":"2021-08-29T06:18:52","guid":{"rendered":"http:\/\/akdenizolaygazetesi.com\/?p=13932"},"modified":"2021-08-29T09:18:52","modified_gmt":"2021-08-29T06:18:52","slug":"mersin-buyuksehirin-kreslerinde-30-agustos-coskusu","status":"publish","type":"post","link":"https:\/\/akdenizolaygazetesi.com\/?p=13932","title":{"rendered":"MERS\u0130N B\u00dcY\u00dcK\u015eEH\u0130R\u2019\u0130N KRE\u015eLER\u0130NDE 30 A\u011eUSTOS CO\u015eKUSU"},"content":{"rendered":"<p>ersin B\u00fcy\u00fck\u015fehir Belediyesi Kad\u0131n ve Aile Hizmetleri Dairesi b\u00fcnyesindeki M\u00fcnir \u00d6zkul ve Adile Teyze kre\u015flerinde \u00f6\u011frenim g\u00f6ren 11\u2019i k\u0131z, 12\u2019si o\u011flan toplam 23 \u00e7ocuk, 30 A\u011fustos Zafer Bayram\u0131\u2019n\u0131 kutlad\u0131. T\u00fcrkiye\u2019de sebze ve meyve toptanc\u0131 halinde a\u00e7\u0131lan ilk kre\u015f olma \u00f6zelli\u011fine sahip M\u00fcnir \u00d6zkul Kre\u015fi\u2019ndeki kutlama program\u0131na Mersinden Kad\u0131n Kooperatifi Ba\u015fkan\u0131 Meral Se\u00e7er de kat\u0131ld\u0131.<\/p>\n<p>\u00c7ocuklar, Se\u00e7er ve Dokucu\u2019ya haz\u0131rlad\u0131klar\u0131 kartlar\u0131 hediye etti<\/p>\n<p>Programa Meral Se\u00e7er\u2019in yan\u0131 s\u0131ra Kad\u0131n ve Aile Hizmetleri Dairesi Ba\u015fkan\u0131 \u015eerife Haso\u011flu Dokucu da kat\u0131ld\u0131. Kutlama program\u0131 \u00f6ncesi M\u00fcnir \u00d6zkul Kre\u015fi\u2019ndeki miniklerle sohbet eden Meral Se\u00e7er; kre\u015fteki s\u0131n\u0131flar\u0131, mutfa\u011f\u0131, yemekhaneyi ve uyku odas\u0131n\u0131 da gezdi. Ne\u015feli Eller S\u0131n\u0131f\u0131\u2019ndan Ba\u015fak Ertek ve Yi\u011fit Veli \u00d6zer, Se\u00e7er ile Dokucu\u2019ya i\u00e7erisinde yapt\u0131klar\u0131 resimlerin oldu\u011fu bir kart hediye etti.<\/p>\n<p>\u015eiirlerle ba\u015flayan program dansla devam etti<\/p>\n<p>Sayg\u0131 duru\u015funun ard\u0131ndan \u0130stiklal Mar\u015f\u0131\u2019n\u0131n okunmas\u0131yla ba\u015flayan program, M\u00fcnir \u00d6zkul Ne\u015feli Y\u00fczler-Adile Teyze Ne\u015feli \u015eekiller Kre\u015f Ekibi\u2019nin \u2018Bayra\u011f\u0131m\u2019 adl\u0131 \u015fiir dinletisiyle devam etti. M\u00fcnir \u00d6zkul Ne\u015feli Eller-Adile Teyze Ne\u015feli Sesler Kre\u015f Ekibi\u2019nin ise \u2018Atat\u00fcrk\u2019 adl\u0131 \u015fiir dinletisini sundu\u011fu programda \u2018Ho\u015f Geli\u015fler Ola Mustafa Kemal Pa\u015fa\u2019 \u015fark\u0131s\u0131 ile bir de dans g\u00f6sterisi yap\u0131ld\u0131. Miniklerin T\u00fcrk Bayra\u011f\u0131 ile \u201810. Y\u0131l Mar\u015f\u0131\u2019 e\u015fli\u011finde ger\u00e7ekle\u015ftirdi\u011fi Zafer Y\u00fcr\u00fcy\u00fc\u015f\u00fc\u2019yle devam eden program, hat\u0131ra k\u00f6\u015fesinde foto\u011fraf \u00e7ekimiyle noktaland\u0131.<\/p>\n<p>\u201c\u00c7ocuklar\u0131n mutlulu\u011fu ailelerinin de mutlulu\u011fu demek\u201d<\/p>\n<p>Mersinden Kad\u0131n Kooperatifi Ba\u015fkan\u0131 Meral Se\u00e7er, 30 A\u011fustos Zafer Bayram\u0131\u2019n\u0131 miniklerle bir arada kutlaman\u0131n \u00e7ok g\u00fczel bir his oldu\u011funu vurgulayarak, \u201cOnlar\u0131n g\u00f6zlerindeki \u0131\u015f\u0131k ve mutluluk ger\u00e7ekten 30 A\u011fustos Zafer Bayram\u0131\u2019na yak\u0131\u015f\u0131r bir \u0131\u015f\u0131kt\u0131. Demek ki \u00e7ok mutlular. Onlar\u0131n mutlulu\u011fu ailelerinin de mutlulu\u011fu demek\u201d dedi.<\/p>\n<p>\u201c\u00c7ocuklara bu imkanlar\u0131n yarat\u0131lmas\u0131 \u00e7ok \u00f6nemli\u201d<\/p>\n<p>M\u00fcnir \u00d6zkul Kre\u015fi\u2019nin Sebze ve Meyve Toptanc\u0131 Hali\u2019nde \u00e7al\u0131\u015fan emek\u00e7i kad\u0131nlar\u0131n \u00e7ocuklar\u0131na y\u00f6nelik hizmet verdi\u011fine dikkat \u00e7eken Meral Se\u00e7er, \u201c\u00c7al\u0131\u015fan annelerin huzur i\u00e7inde \u00e7ocuklar\u0131n\u0131 b\u0131rakacak bir yerlerinin olmas\u0131 hem anneleri \u00e7ok mutlu ediyor hem de \u00e7ocuklar burada gerekli olan e\u011fitimlerini al\u0131yorlar. Okul d\u00f6nemindeki e\u011fitim kadar okul \u00f6ncesi e\u011fitim de \u00f6nemli. \u00c7ocuklar\u0131n bu konuda e\u011fitilmesi ve bu imkanlar\u0131n yarat\u0131lmas\u0131 \u00e7ok \u00f6nemli. Bu sebeple Mersin B\u00fcy\u00fck\u015fehir Belediyesi\u2019ne \u00e7ocuklara ve kad\u0131nlara verdikleri \u00f6nemden dolay\u0131 te\u015fekk\u00fcr ediyorum\u201d diye konu\u015ftu. Meral Se\u00e7er, 30 A\u011fustos Zafer Bayram\u0131\u2019n\u0131 kutlarken, B\u00fcy\u00fck Zafer\u2019in getirdi\u011fi heyecan\u0131n her ge\u00e7en y\u0131l katlanarak artmas\u0131 temennisinde bulundu.<\/p>\n","protected":false},"excerpt":{"rendered":"<p>ersin B\u00fcy\u00fck\u015fehir Belediyesi Kad\u0131n ve Aile Hizmetleri Dairesi b\u00fcnyesindeki M\u00fcnir \u00d6zkul ve Adile Teyze kre\u015flerinde \u00f6\u011frenim g\u00f6ren 11\u2019i k\u0131z, 12\u2019si o\u011flan toplam 23 \u00e7ocuk, 30 A\u011fustos Zafer Bayram\u0131\u2019n\u0131 kutlad\u0131. T\u00fcrkiye\u2019de &hellip; <a href=\"https:\/\/akdenizolaygazetesi.com\/?p=13932\" class=\"more-link\">Devam\u0131n\u0131 Oku&#8230;<\/a><\/p>\n","protected":false},"author":2,"featured_media":13933,"comment_status":"open","ping_status":"open","sticky":false,"template":"","format":"standard","meta":[],"categories":[2,3,5],"tags":[],"_links":{"self":[{"href":"https:\/\/akdenizolaygazetesi.com\/index.php?rest_route=\/wp\/v2\/posts\/13932"}],"collection":[{"href":"https:\/\/akdenizolaygazetesi.com\/index.php?rest_route=\/wp\/v2\/posts"}],"about":[{"href":"https:\/\/akdenizolaygazetesi.com\/index.php?rest_route=\/wp\/v2\/types\/post"}],"author":[{"embeddable":true,"href":"https:\/\/akdenizolaygazetesi.com\/index.php?rest_route=\/wp\/v2\/users\/2"}],"replies":[{"embeddable":true,"href":"https:\/\/akdenizolaygazetesi.com\/index.php?rest_route=%2Fwp%2Fv2%2Fcomments&post=13932"}],"version-history":[{"count":1,"href":"https:\/\/akdenizolaygazetesi.com\/index.php?rest_route=\/wp\/v2\/posts\/13932\/revisions"}],"predecessor-version":[{"id":13934,"href":"https:\/\/akdenizolaygazetesi.com\/index.php?rest_route=\/wp\/v2\/posts\/13932\/revisions\/13934"}],"wp:featuredmedia":[{"embeddable":true,"href":"https:\/\/akdenizolaygazetesi.com\/index.php?rest_route=\/wp\/v2\/media\/13933"}],"wp:attachment":[{"href":"https:\/\/akdenizolaygazetesi.com\/index.php?rest_route=%2Fwp%2Fv2%2Fmedia&parent=13932"}],"wp:term":[{"taxonomy":"category","embeddable":true,"href":"https:\/\/akdenizolaygazetesi.com\/index.php?rest_route=%2Fwp%2Fv2%2Fcategories&post=13932"},{"taxonomy":"post_tag","embeddable":true,"href":"https:\/\/akdenizolaygazetesi.com\/index.php?rest_route=%2Fwp%2Fv2%2Ftags&post=13932"}],"curies":[{"name":"wp","href":"https:\/\/api.w.org\/{rel}","templated":true}]}}