{"id":13935,"date":"2021-08-29T09:21:41","date_gmt":"2021-08-29T06:21:41","guid":{"rendered":"http:\/\/akdenizolaygazetesi.com\/?p=13935"},"modified":"2021-08-29T09:21:41","modified_gmt":"2021-08-29T06:21:41","slug":"buyuksehirden-tasti-personeline-yangin-egitimi","status":"publish","type":"post","link":"https:\/\/akdenizolaygazetesi.com\/?p=13935","title":{"rendered":"B\u00dcY\u00dcK\u015eEH\u0130R\u2019DEN TA\u015eT\u0130 PERSONEL\u0130NE YANGIN E\u011e\u0130T\u0130M\u0130"},"content":{"rendered":"<p>Mersin B\u00fcy\u00fck\u015fehir Belediyesi, acil durumlarda neler yap\u0131lmas\u0131 gerekti\u011fi konusunda personeline y\u00f6nelik uygulamal\u0131 e\u011fitim ve bilgilendirme \u00e7al\u0131\u015fmalar\u0131n\u0131 s\u00fcrd\u00fcr\u00fcyor. Bu kapsamda B\u00fcy\u00fck\u015fehir Belediyesi\u2019ne ba\u011fl\u0131 Tarsus \u015eehirleraras\u0131 Terminal \u0130\u015fletmesi (TA\u015eT\u0130) i\u00e7inde g\u00f6revli personele yang\u0131n gibi acil durumlarda neler yap\u0131lmas\u0131 gerekti\u011fi konusunda e\u011fitim verildi.<\/p>\n<p>Acil durumlar kar\u015f\u0131s\u0131nda g\u00fcvenli tahliye ve al\u0131nabilecek \u00f6nlemler hakk\u0131nda verilen e\u011fitim kapsam\u0131nda yang\u0131n s\u0131ras\u0131nda ilk yap\u0131lmas\u0131 gerekenler, yang\u0131n t\u00fcplerinin mahiyeti, yang\u0131na m\u00fcdahale ve olas\u0131 durumda yap\u0131lmas\u0131 gerekenler hakk\u0131nda bilgilendirmeler yap\u0131ld\u0131.<\/p>\n<p>\u0130hbarda yang\u0131n\u0131n t\u00fcr\u00fcn\u00fc belirtmek \u00f6nem ta\u015f\u0131yor<\/p>\n<p>B\u00fcy\u00fck\u015fehir Belediyesi \u0130tfaiyesi Tarsus Grup Amirli\u011fi\u2019nde g\u00f6revli e\u011fitim sorumlusu \u0130smail Ceyran taraf\u0131ndan TA\u015eT\u0130 toplant\u0131 salonunda ger\u00e7ekle\u015fen e\u011fitim \u00e7al\u0131\u015fmas\u0131nda detayl\u0131 sunum yap\u0131ld\u0131. Y\u00fcksek katl\u0131 bina yang\u0131nlar\u0131nda kesinlikle asans\u00f6r kullan\u0131lmamas\u0131 gerekti\u011fini belirten itfaiye e\u011fitim sorumlusu \u0130smail Ceyran, yang\u0131n t\u00fcplerinin cinsi ve kullan\u0131m \u015fekilleri hakk\u0131nda da detayl\u0131 bilgi verdi.<\/p>\n<p>Ceyran, yang\u0131n ihbar\u0131 verilirken; e\u011fer biliniyorsa, yang\u0131n alan\u0131nda bir ki\u015finin oldu\u011funun veya yang\u0131n\u0131n t\u00fcr\u00fcn\u00fcn bildirilmesinin hayati \u00f6nem arz etti\u011finin alt\u0131n\u0131 \u00e7izerek, \u201cEv yan\u0131yor, araba yan\u0131yor, ot yan\u0131yor; yang\u0131n\u0131n t\u00fcr\u00fcn\u00fc belirleyelim ki, ona g\u00f6re bizim ara\u00e7lar\u0131m\u0131z \u00e7\u0131ks\u0131n. \u015eimdi k\u00fc\u00e7\u00fck bir yang\u0131n olur bizim ba\u015flang\u0131\u00e7 arac\u0131m\u0131z \u00e7\u0131kar; 500 litrelik mesela. B\u00fcy\u00fck bir yang\u0131n olur tonajl\u0131 ara\u00e7 \u00e7\u0131kar, yan\u0131nda merdiven \u00e7\u0131kabilir\u201d diye konu\u015ftu.<\/p>\n<p>Kurtarma tatbikat\u0131 yap\u0131ld\u0131<\/p>\n<p>Sunumun ard\u0131ndan uygulamal\u0131 e\u011fitim \u00e7al\u0131\u015fmas\u0131na ge\u00e7ildi. Olas\u0131 alevlere maruz kal\u0131nmas\u0131 durumunda yang\u0131n t\u00fcplerinin nas\u0131l kullan\u0131laca\u011f\u0131 detayl\u0131 olarak g\u00f6sterildi. Ard\u0131ndan TA\u015eT\u0130 i\u00e7erisinde yang\u0131n ihbar\u0131 verilerek tatbikat ger\u00e7ekle\u015ftirildi. Tatbikatta yang\u0131n alan\u0131nda mahsur kalan bir ki\u015finin nas\u0131l kurtar\u0131laca\u011f\u0131 da uygulamal\u0131 olarak anlat\u0131ld\u0131.<\/p>\n","protected":false},"excerpt":{"rendered":"<p>Mersin B\u00fcy\u00fck\u015fehir Belediyesi, acil durumlarda neler yap\u0131lmas\u0131 gerekti\u011fi konusunda personeline y\u00f6nelik uygulamal\u0131 e\u011fitim ve bilgilendirme \u00e7al\u0131\u015fmalar\u0131n\u0131 s\u00fcrd\u00fcr\u00fcyor. Bu kapsamda B\u00fcy\u00fck\u015fehir Belediyesi\u2019ne ba\u011fl\u0131 Tarsus \u015eehirleraras\u0131 Terminal \u0130\u015fletmesi (TA\u015eT\u0130) i\u00e7inde g\u00f6revli personele &hellip; <a href=\"https:\/\/akdenizolaygazetesi.com\/?p=13935\" class=\"more-link\">Devam\u0131n\u0131 Oku&#8230;<\/a><\/p>\n","protected":false},"author":2,"featured_media":13937,"comment_status":"open","ping_status":"open","sticky":false,"template":"","format":"standard","meta":[],"categories":[3,5],"tags":[],"_links":{"self":[{"href":"https:\/\/akdenizolaygazetesi.com\/index.php?rest_route=\/wp\/v2\/posts\/13935"}],"collection":[{"href":"https:\/\/akdenizolaygazetesi.com\/index.php?rest_route=\/wp\/v2\/posts"}],"about":[{"href":"https:\/\/akdenizolaygazetesi.com\/index.php?rest_route=\/wp\/v2\/types\/post"}],"author":[{"embeddable":true,"href":"https:\/\/akdenizolaygazetesi.com\/index.php?rest_route=\/wp\/v2\/users\/2"}],"replies":[{"embeddable":true,"href":"https:\/\/akdenizolaygazetesi.com\/index.php?rest_route=%2Fwp%2Fv2%2Fcomments&post=13935"}],"version-history":[{"count":1,"href":"https:\/\/akdenizolaygazetesi.com\/index.php?rest_route=\/wp\/v2\/posts\/13935\/revisions"}],"predecessor-version":[{"id":13938,"href":"https:\/\/akdenizolaygazetesi.com\/index.php?rest_route=\/wp\/v2\/posts\/13935\/revisions\/13938"}],"wp:featuredmedia":[{"embeddable":true,"href":"https:\/\/akdenizolaygazetesi.com\/index.php?rest_route=\/wp\/v2\/media\/13937"}],"wp:attachment":[{"href":"https:\/\/akdenizolaygazetesi.com\/index.php?rest_route=%2Fwp%2Fv2%2Fmedia&parent=13935"}],"wp:term":[{"taxonomy":"category","embeddable":true,"href":"https:\/\/akdenizolaygazetesi.com\/index.php?rest_route=%2Fwp%2Fv2%2Fcategories&post=13935"},{"taxonomy":"post_tag","embeddable":true,"href":"https:\/\/akdenizolaygazetesi.com\/index.php?rest_route=%2Fwp%2Fv2%2Ftags&post=13935"}],"curies":[{"name":"wp","href":"https:\/\/api.w.org\/{rel}","templated":true}]}}