{"id":1394,"date":"2020-11-04T18:21:57","date_gmt":"2020-11-04T15:21:57","guid":{"rendered":"http:\/\/mersinekonomipolitikagazetesi.com\/?p=1394"},"modified":"2020-11-04T18:21:57","modified_gmt":"2020-11-04T15:21:57","slug":"sinir-disi-edilen-moldovali-anne-7-ay-sonra-cocuklarina-kavustu","status":"publish","type":"post","link":"https:\/\/akdenizolaygazetesi.com\/?p=1394","title":{"rendered":"S\u0131n\u0131r d\u0131\u015f\u0131 edilen Moldoval\u0131 anne, 7 ay sonra \u00e7ocuklar\u0131na kavu\u015ftu"},"content":{"rendered":"<p>2008 y\u0131l\u0131nda Yunus Emre \u00d6z\u0131\u015f\u0131k ile evlenen, 2016 y\u0131l\u0131n\u0131n Kas\u0131m ay\u0131nda oturma izni olmadan T\u00fcrkiye&#8217;de bulunmas\u0131ndan dolay\u0131 &#8216;devlete 12 bin lira borcu oldu\u011fu gerek\u00e7esiyle&#8217; s\u0131n\u0131r d\u0131\u015f\u0131 edilen Moldova uyruklu 2 \u00e7ocuk annesi, 7 ay aradan sonra kay\u0131nvalidesi sayesinde evine d\u00f6nebildi. Emekli \u00f6\u011fretmen olan kay\u0131nvalide taraf\u0131ndan \u00e7ekilen kredi ile borcu \u00f6denen anne, ailesine kavu\u015ftu.<\/p>\n<p><span style=\"color: rgb(0, 0, 0); font-family: Tahoma, Arial, &quot;Times New Roman TUR&quot;, Verdana; font-size: 15px;\">2008 y\u0131l\u0131nda Yunus Emre \u00d6z\u0131\u015f\u0131k ile evlenen Moldova uyruklu 2 \u00e7ocuk annesi Natalia Erhan, oturma izni olmadan T\u00fcrkiye&#8217;de bulunmas\u0131ndan dolay\u0131 devlete 12 lira borcu oldu\u011fu gerek\u00e7esiyle yakla\u015f\u0131k 7 ay \u00f6nce s\u0131n\u0131r d\u0131\u015f\u0131 edildi. Bunun \u00fczerine bir\u00e7ok yere giri\u015fimde bulunan e\u015fi Yunus Emre \u00d6z\u0131\u015f\u0131k, \u00e7ocuklar\u0131 5 ya\u015f\u0131ndaki k\u0131z\u0131 Y\u00fcsra ve o\u011flu 6 ya\u015f\u0131ndaki Tahir ile Antalya&#8217;dan Mersin&#8217;e annesinin yan\u0131na geldi. Burada da bir\u00e7ok kuruma ba\u015fvuran \u00d6z\u0131\u015f\u0131k, sonu\u00e7 alamad\u0131. Yunus Emre \u00d6z\u0131\u015f\u0131k&#8217;\u0131n emekli \u00f6\u011fretmen olan annesi Fatma Ayd\u0131n, maa\u015f\u0131ndan biriktirdiklerinin \u00fczerine kredi \u00e7ekerek gelinin borcunu \u00f6deyip, T\u00fcrkiye&#8217;ye gelmesini sa\u011flad\u0131.<\/span><br style=\"color: rgb(0, 0, 0); font-family: Tahoma, Arial, &quot;Times New Roman TUR&quot;, Verdana; font-size: 15px;\" \/><br \/>\n<span style=\"color: rgb(0, 0, 0); font-family: Tahoma, Arial, &quot;Times New Roman TUR&quot;, Verdana; font-size: 15px;\">7 ay \u00f6nce arkada\u015f\u0131n\u0131n d\u00fc\u011f\u00fcn\u00fc i\u00e7in Yalova&#8217;ya gittiklerini s\u00f6yleyen \u00d6z\u0131\u015f\u0131k, &#8220;Yolda kimlik kontrol\u00fcnde, polis ekipleri e\u015fimin vizesi olmad\u0131\u011f\u0131n\u0131, ceza paras\u0131 oldu\u011funu, bunlar\u0131 \u00f6dememiz gerekti\u011fini, \u00f6deyemezsek e\u015fimin s\u0131n\u0131r d\u0131\u015f\u0131 edilece\u011fini s\u00f6yledi. Ben &#8216;2 \u00e7ocu\u011fumuz var, bu \u00e7ocuklar ne olacak&#8217; dedim. &#8216;Hepimiz kimlikliyiz. Biz ka\u00e7ak, g\u00f6\u00e7ek insanlar de\u011filiz. Yerimiz, yurdumuz, adresimiz belli. Bu i\u015fin \u00e7\u0131kar yolu yok mu&#8217; dedik ama tek yolun 12 bin liray\u0131 \u00f6dememiz oldu\u011fu s\u00f6ylendi. \u00d6deyemedi\u011fimiz i\u00e7in e\u015fim s\u0131n\u0131r d\u0131\u015f\u0131 edildi&#8221; dedi.<\/span><br style=\"color: rgb(0, 0, 0); font-family: Tahoma, Arial, &quot;Times New Roman TUR&quot;, Verdana; font-size: 15px;\" \/><br \/>\n<br style=\"color: rgb(0, 0, 0); font-family: Tahoma, Arial, &quot;Times New Roman TUR&quot;, Verdana; font-size: 15px;\" \/><br \/>\n<span style=\"color: rgb(0, 0, 0); font-family: Tahoma, Arial, &quot;Times New Roman TUR&quot;, Verdana; font-size: 15px;\">&#8220;Anne olmadan hi\u00e7bir \u015fey olmuyor&#8221;<\/span><br style=\"color: rgb(0, 0, 0); font-family: Tahoma, Arial, &quot;Times New Roman TUR&quot;, Verdana; font-size: 15px;\" \/><br \/>\n<span style=\"color: rgb(0, 0, 0); font-family: Tahoma, Arial, &quot;Times New Roman TUR&quot;, Verdana; font-size: 15px;\">7 ayl\u0131k s\u00fcre i\u00e7inde yapt\u0131klar\u0131n\u0131 da anlatan \u00d6z\u0131\u015f\u0131k, &#8220;Anne olmak \u00e7ok ba\u015fka bir \u015fey. Biz ne kadar baba olarak \u00e7ocuklar\u0131m\u0131za baksak da anne sevgisi \u015fart. Anne olmadan hi\u00e7bir \u015fey olmuyor. \u00c7ocuklar\u0131m\u0131z\u0131n psikolojisi \u00e7ok bozulmu\u015ftu, yemek yemeden kesilmi\u015fti, gece uyumalar bozulmu\u015ftu, s\u00fcrekli say\u0131klamalar ba\u015flam\u0131\u015ft\u0131. Yani \u00e7ok zor d\u00f6nemler atlatt\u0131k, \u00e7ok zor zamanlar ge\u00e7irdik. Ben s\u00fcre i\u00e7inde tabi \u00e7al\u0131\u015fam\u0131yordum. \u00c7\u00fcnk\u00fc \u00e7ocuklar bak\u0131ma muhta\u00e7 ya\u015ftalar. Ben \u00e7al\u0131\u015fmaya gitsem bakacak kimseleri yok. Bu paray\u0131 nas\u0131l tamamlar\u0131z, nas\u0131l ederiz \u00e7ok u\u011fra\u015flar verdik, \u00e7ok b\u00fcy\u00fck s\u0131k\u0131nt\u0131lar da atlatt\u0131k. Sa\u011folsun annem, emekli maa\u015f\u0131ndan k\u00f6\u015feye koyarak bu 7 ayda biriktirdi\u011finin \u00fczerine kredi \u00e7ekerek ailemizi tekrar bir araya getirdi. Tabi \u00e7ok mutluyuz&#8221; \u015feklinde konu\u015ftu.<\/span><br style=\"color: rgb(0, 0, 0); font-family: Tahoma, Arial, &quot;Times New Roman TUR&quot;, Verdana; font-size: 15px;\" \/><br \/>\n<br style=\"color: rgb(0, 0, 0); font-family: Tahoma, Arial, &quot;Times New Roman TUR&quot;, Verdana; font-size: 15px;\" \/><br \/>\n<span style=\"color: rgb(0, 0, 0); font-family: Tahoma, Arial, &quot;Times New Roman TUR&quot;, Verdana; font-size: 15px;\">&#8220;7 ay \u00e7ok zor ge\u00e7ti&#8221;<\/span><br style=\"color: rgb(0, 0, 0); font-family: Tahoma, Arial, &quot;Times New Roman TUR&quot;, Verdana; font-size: 15px;\" \/><br \/>\n<span style=\"color: rgb(0, 0, 0); font-family: Tahoma, Arial, &quot;Times New Roman TUR&quot;, Verdana; font-size: 15px;\">Anne Natalia Erhan ise kay\u0131nvalidesine \u00e7ok te\u015fekk\u00fcr ederek, &#8220;B\u00fct\u00fcn T\u00fcrkiye duysun. B\u00f6yle anneler var. Bana yard\u0131m etti ve geldim. \u00c7ocuklar\u0131ma kavu\u015ftum. \u00c7ok mutluyum. Allah kimseye g\u00f6stermesin. \u00c7\u00fcnk\u00fc \u00e7ok b\u00fcy\u00fck bir ac\u0131. 7 ay \u00e7ok zor ge\u00e7ti. Halen inanam\u0131yorum buraday\u0131m. \u00c7ok mutluyum. Annem beni almaya havaliman\u0131na geldi. Ben havaliman\u0131ndan \u00e7\u0131kt\u0131\u011f\u0131mda halen inanam\u0131yordum T\u00fcrkiye&#8217;ye geldi\u011fime. Mersin&#8217;e gelip eve girdi\u011fimde \u015foktayd\u0131m. Sevin\u00e7ten ne yapaca\u011f\u0131m\u0131z\u0131 \u015fa\u015f\u0131rd\u0131m. Ger\u00e7ek bir anne \u00e7ocuklar\u0131ndan ayr\u0131lman\u0131n ne oldu\u011funu anlar. 7 ay\u0131 ge\u00e7, 1 g\u00fcn bile bir anne ayr\u0131l\u0131\u011fa dayanamaz. \u00c7\u00fcnk\u00fc \u00e7ocuklar bamba\u015fka&#8221; diye konu\u015ftu.\u00a0<\/span><br style=\"color: rgb(0, 0, 0); font-family: Tahoma, Arial, &quot;Times New Roman TUR&quot;, Verdana; font-size: 15px;\" \/><br \/>\n<span style=\"color: rgb(0, 0, 0); font-family: Tahoma, Arial, &quot;Times New Roman TUR&quot;, Verdana; font-size: 15px;\">5 ya\u015f\u0131ndaki Y\u00fcsra da &#8220;Annemin gelmesi \u00e7ok g\u00fczel oldu. Annemi g\u00f6r\u00fcnce mutlu oldum, \u00e7ok sevindim. Annemi g\u00f6r\u00fcnce dileklerimin ger\u00e7ekle\u015fti\u011fini g\u00f6rd\u00fcm. Annem yokken dualar ediyordum. Babaanneme te\u015fekk\u00fcr ediyorum. O bizim kahraman\u0131m\u0131z&#8221; ifadelerini kulland\u0131.<\/span><br style=\"color: rgb(0, 0, 0); font-family: Tahoma, Arial, &quot;Times New Roman TUR&quot;, Verdana; font-size: 15px;\" \/><br \/>\n<span style=\"color: rgb(0, 0, 0); font-family: Tahoma, Arial, &quot;Times New Roman TUR&quot;, Verdana; font-size: 15px;\">6 ya\u015f\u0131ndaki Tahir ise annesini g\u00f6rd\u00fc\u011f\u00fcnde \u00e7ok duyguland\u0131\u011f\u0131n\u0131 belirterek, &#8220;Annemi \u00e7ok \u00f6zlemi\u015ftim. Her zaman Allah&#8217;a dualar ettim. Dualar\u0131m kabul oldu&#8221; dedi.<\/span><br style=\"color: rgb(0, 0, 0); font-family: Tahoma, Arial, &quot;Times New Roman TUR&quot;, Verdana; font-size: 15px;\" \/><br \/>\n<span style=\"color: rgb(0, 0, 0); font-family: Tahoma, Arial, &quot;Times New Roman TUR&quot;, Verdana; font-size: 15px;\">Kay\u0131nvalide Fatma Ayd\u0131n, 7 ay boyunca hi\u00e7 durmadan gelinini getirmek i\u00e7in \u00e7al\u0131\u015ft\u0131klar\u0131n\u0131n vurgulayarak, &#8220;Bu konuya maruz kalan herkesi ara\u015ft\u0131rd\u0131m. \u00c7ok insanlara m\u00fcracaat ettik. Fakat bir yerlerde t\u0131kand\u0131k, niye t\u0131kand\u0131\u011f\u0131m\u0131z\u0131 bilemedik. Bakt\u0131k ki olmuyor baz\u0131 arkada\u015flarla bir araya gelerek kredi \u00e7ekmeye karar verdik. O krediyi de ald\u0131\u011f\u0131m gibi gelinimi havaliman\u0131na almaya gittim ve ald\u0131m geldim. Gelinim yol boyunca beni kontrol ediyor, anne sen ger\u00e7ek misin, anne sen benim yan\u0131nda m\u0131s\u0131n, anne ger\u00e7ekten ben burada m\u0131y\u0131m diye. Eve geldi\u011finde ise gelinimin geldi\u011fine ne kendi inan\u0131yor, ne Yunus inan\u0131yor ne de \u00e7ocuklar inan\u0131yor herkes donmu\u015ftu. Sonra tabi herkes hasret giderdi&#8221; \u015feklinde konu\u015ftu.<\/span><\/p>\n","protected":false},"excerpt":{"rendered":"<p>2008 y\u0131l\u0131nda Yunus Emre \u00d6z\u0131\u015f\u0131k ile evlenen, 2016 y\u0131l\u0131n\u0131n Kas\u0131m ay\u0131nda oturma izni olmadan T\u00fcrkiye&#8217;de bulunmas\u0131ndan dolay\u0131 &#8216;devlete 12 bin lira borcu oldu\u011fu gerek\u00e7esiyle&#8217; s\u0131n\u0131r d\u0131\u015f\u0131 edilen Moldova uyruklu 2 &hellip; <a href=\"https:\/\/akdenizolaygazetesi.com\/?p=1394\" class=\"more-link\">Devam\u0131n\u0131 Oku&#8230;<\/a><\/p>\n","protected":false},"author":1,"featured_media":0,"comment_status":"open","ping_status":"open","sticky":false,"template":"","format":"standard","meta":[],"categories":[],"tags":[],"_links":{"self":[{"href":"https:\/\/akdenizolaygazetesi.com\/index.php?rest_route=\/wp\/v2\/posts\/1394"}],"collection":[{"href":"https:\/\/akdenizolaygazetesi.com\/index.php?rest_route=\/wp\/v2\/posts"}],"about":[{"href":"https:\/\/akdenizolaygazetesi.com\/index.php?rest_route=\/wp\/v2\/types\/post"}],"author":[{"embeddable":true,"href":"https:\/\/akdenizolaygazetesi.com\/index.php?rest_route=\/wp\/v2\/users\/1"}],"replies":[{"embeddable":true,"href":"https:\/\/akdenizolaygazetesi.com\/index.php?rest_route=%2Fwp%2Fv2%2Fcomments&post=1394"}],"version-history":[{"count":0,"href":"https:\/\/akdenizolaygazetesi.com\/index.php?rest_route=\/wp\/v2\/posts\/1394\/revisions"}],"wp:attachment":[{"href":"https:\/\/akdenizolaygazetesi.com\/index.php?rest_route=%2Fwp%2Fv2%2Fmedia&parent=1394"}],"wp:term":[{"taxonomy":"category","embeddable":true,"href":"https:\/\/akdenizolaygazetesi.com\/index.php?rest_route=%2Fwp%2Fv2%2Fcategories&post=1394"},{"taxonomy":"post_tag","embeddable":true,"href":"https:\/\/akdenizolaygazetesi.com\/index.php?rest_route=%2Fwp%2Fv2%2Ftags&post=1394"}],"curies":[{"name":"wp","href":"https:\/\/api.w.org\/{rel}","templated":true}]}}