{"id":13942,"date":"2021-08-30T13:00:13","date_gmt":"2021-08-30T10:00:13","guid":{"rendered":"http:\/\/akdenizolaygazetesi.com\/?p=13942"},"modified":"2021-08-30T13:00:13","modified_gmt":"2021-08-30T10:00:13","slug":"30-agustos-bagimsizlik-ve-zafer-demektir","status":"publish","type":"post","link":"https:\/\/akdenizolaygazetesi.com\/?p=13942","title":{"rendered":"&#8220;30 A\u011fustos, Ba\u011f\u0131ms\u0131zl\u0131k ve Zafer Demektir&#8221;"},"content":{"rendered":"<p>Toroslar Belediye Ba\u015fkan\u0131 Ats\u0131z Af\u015f\u0131n Y\u0131lmaz, 30 A\u011fustos Zafer Bayram\u0131&#8217;n\u0131n 99&#8217;ncu y\u0131l d\u00f6n\u00fcm\u00fc dolay\u0131s\u0131yla bir mesaj yay\u0131nlad\u0131.<\/p>\n<p>26 A\u011fustos&#8217;ta ba\u015flayan ve 30 A\u011fustos&#8217;ta zaferle ta\u00e7land\u0131r\u0131lan Ba\u015fkomutanl\u0131k Meydan Muharebesi&#8217;nin T\u00fcrk tarihinin d\u00f6n\u00fcm noktalar\u0131ndan biri oldu\u011funu belirten Ba\u015fkan Y\u0131lmaz; &#8220;Y\u00fcce milletimiz, Ulu \u00d6nderimiz Gazi Mustafa Kemal Atat\u00fcrk komutas\u0131nda g\u00f6sterdi\u011fi e\u015fsiz kahramanl\u0131kla, vatan\u0131m\u0131z\u0131 ve milletimizi yok etmek isteyenlere kar\u015f\u0131 birlik ve beraberlik ruhuyla bu b\u00fcy\u00fck zaferi kazanm\u0131\u015f, ba\u011f\u0131ms\u0131zl\u0131k ve h\u00fcrriyetinden \u00f6d\u00fcn vermeyece\u011fini, sonsuza kadar var olaca\u011f\u0131n\u0131 t\u00fcm d\u00fcnyaya g\u00f6stermi\u015ftir&#8221; dedi.<\/p>\n<p>&#8220;D\u00fcn oldu\u011fu gibi bug\u00fcn de millet\u00e7e birbirimize kenetleniyor, cumhuriyetimizi, istiklalimizi ve demokrasimizi tehdit edenlere kar\u015f\u0131 azim ve kararl\u0131l\u0131kla m\u00fccadelemizi s\u00fcrd\u00fcr\u00fcyoruz&#8221; diyen Ba\u015fkan Y\u0131lmaz; &#8220;30 A\u011fustos co\u015fkusunu her zaman ya\u015famaya ve ya\u015fatmaya devam edece\u011fiz. Bu duygu ve d\u00fc\u015f\u00fcncelerle ba\u015fta Ulu \u00d6nderimiz Gazi Mustafa Kemal Atat\u00fcrk olmak \u00fczere bu zaferi bize arma\u011fan eden \u0130stiklal m\u00fccadelemizin b\u00fct\u00fcn kahramanlar\u0131n\u0131, kanlar\u0131yla, canlar\u0131yla bu topraklar\u0131 vatan yapan aziz \u015fehitlerimizi ve kahraman gazilerimizi rahmet, minnet ve \u015f\u00fckranla an\u0131yor, t\u00fcm hem\u015fehrilerimin 30 A\u011fustos Zafer Bayram\u0131&#8217;n\u0131 kutluyorum&#8221; ifadelerini kulland\u0131.<\/p>\n","protected":false},"excerpt":{"rendered":"<p>Toroslar Belediye Ba\u015fkan\u0131 Ats\u0131z Af\u015f\u0131n Y\u0131lmaz, 30 A\u011fustos Zafer Bayram\u0131&#8217;n\u0131n 99&#8217;ncu y\u0131l d\u00f6n\u00fcm\u00fc dolay\u0131s\u0131yla bir mesaj yay\u0131nlad\u0131. 26 A\u011fustos&#8217;ta ba\u015flayan ve 30 A\u011fustos&#8217;ta zaferle ta\u00e7land\u0131r\u0131lan Ba\u015fkomutanl\u0131k Meydan Muharebesi&#8217;nin T\u00fcrk tarihinin &hellip; <a href=\"https:\/\/akdenizolaygazetesi.com\/?p=13942\" class=\"more-link\">Devam\u0131n\u0131 Oku&#8230;<\/a><\/p>\n","protected":false},"author":2,"featured_media":0,"comment_status":"open","ping_status":"open","sticky":false,"template":"","format":"standard","meta":[],"categories":[3],"tags":[],"_links":{"self":[{"href":"https:\/\/akdenizolaygazetesi.com\/index.php?rest_route=\/wp\/v2\/posts\/13942"}],"collection":[{"href":"https:\/\/akdenizolaygazetesi.com\/index.php?rest_route=\/wp\/v2\/posts"}],"about":[{"href":"https:\/\/akdenizolaygazetesi.com\/index.php?rest_route=\/wp\/v2\/types\/post"}],"author":[{"embeddable":true,"href":"https:\/\/akdenizolaygazetesi.com\/index.php?rest_route=\/wp\/v2\/users\/2"}],"replies":[{"embeddable":true,"href":"https:\/\/akdenizolaygazetesi.com\/index.php?rest_route=%2Fwp%2Fv2%2Fcomments&post=13942"}],"version-history":[{"count":1,"href":"https:\/\/akdenizolaygazetesi.com\/index.php?rest_route=\/wp\/v2\/posts\/13942\/revisions"}],"predecessor-version":[{"id":13944,"href":"https:\/\/akdenizolaygazetesi.com\/index.php?rest_route=\/wp\/v2\/posts\/13942\/revisions\/13944"}],"wp:attachment":[{"href":"https:\/\/akdenizolaygazetesi.com\/index.php?rest_route=%2Fwp%2Fv2%2Fmedia&parent=13942"}],"wp:term":[{"taxonomy":"category","embeddable":true,"href":"https:\/\/akdenizolaygazetesi.com\/index.php?rest_route=%2Fwp%2Fv2%2Fcategories&post=13942"},{"taxonomy":"post_tag","embeddable":true,"href":"https:\/\/akdenizolaygazetesi.com\/index.php?rest_route=%2Fwp%2Fv2%2Ftags&post=13942"}],"curies":[{"name":"wp","href":"https:\/\/api.w.org\/{rel}","templated":true}]}}