{"id":13945,"date":"2021-08-30T13:02:36","date_gmt":"2021-08-30T10:02:36","guid":{"rendered":"http:\/\/akdenizolaygazetesi.com\/?p=13945"},"modified":"2021-08-30T13:02:36","modified_gmt":"2021-08-30T10:02:36","slug":"engelsiz-yasam-parkinda-30-agustos-coskusu","status":"publish","type":"post","link":"https:\/\/akdenizolaygazetesi.com\/?p=13945","title":{"rendered":"ENGELS\u0130Z YA\u015eAM PARKI\u2019NDA 30 A\u011eUSTOS CO\u015eKUSU"},"content":{"rendered":"<p>Mersin B\u00fcy\u00fck\u015fehir Belediyesi Engelliler ve Sa\u011fl\u0131k Hizmetleri Dairesi\u2019nin 30 A\u011fustos Zafer Bayram\u0131\u2019n\u0131n 99. y\u0131l d\u00f6n\u00fcm\u00fc dolay\u0131s\u0131yla Yeni\u015fehir il\u00e7esi Engelsiz Ya\u015fam Park\u0131\u2019nda d\u00fczenledi\u011fi kutlama etkinli\u011fine \u00e7ok say\u0131da \u00f6zel gereksinimli birey ve ebeveynleri kat\u0131ld\u0131. Dolu dolu ge\u00e7en etkinlikte \u00f6zel bireyler hem e\u011flendi hem de zafer co\u015fkusunu ya\u015fad\u0131.<\/p>\n<p>Dans edip \u015fiirler okudular<\/p>\n<p>Engelsiz Ya\u015fam Park\u0131\u2019nda sayg\u0131 duru\u015funun ard\u0131ndan \u0130stiklal Mar\u015f\u0131\u2019n\u0131n okunmas\u0131yla ba\u015flayan etkinlikte g\u00fcn\u00fcn anlam ve \u00f6nemini belirten bir de konu\u015fma yap\u0131ld\u0131. Program\u0131n devam\u0131nda k\u00fcrs\u00fcye \u00e7\u0131kan \u00f6zel bireyler, 30 A\u011fustos Zafer Bayram\u0131 ve Ulu \u00d6nder Mustafa Kemal Atat\u00fcrk temal\u0131 \u015fiirler okudu. Ard\u0131ndan palya\u00e7o kost\u00fcml\u00fc animat\u00f6rlerle birlikte davul zurna e\u015fli\u011finde oyunlar oynayan \u00f6zel bireyler, halk oyunlar\u0131 ve geleneksel g\u00f6sterileri de sergiledi. Etkinlikte \u00f6zel bireylere \u00e7e\u015fitli yiyecek ve i\u00e7ecek ikramlar\u0131 yap\u0131ld\u0131.<\/p>\n<p>\u201c\u0130zmir Mar\u015f\u0131\u201d e\u015fli\u011finde T\u00fcrk bayra\u011f\u0131n\u0131 dalgaland\u0131rd\u0131lar<\/p>\n<p>M\u00fczik e\u015fli\u011finde \u00e7e\u015fitli oyunlar oynayan \u00f6zel bireyler, \u2018\u0130zmir Mar\u015f\u0131\u2019 \u00e7al\u0131nd\u0131\u011f\u0131nda ise T\u00fcrk bayra\u011f\u0131n\u0131 ellerine alarak hep birlikte dalgaland\u0131rd\u0131. O an Atat\u00fcrk sevgisi ve zafer co\u015fkusunu ya\u015fayan \u00f6zel bireyler, \u0130zmir Mar\u015f\u0131\u2019n\u0131 da hep bir a\u011f\u0131zdan seslendirdi.<\/p>\n<p>\u201c\u00d6zel \u00e7ocuklarda bir fark\u0131ndal\u0131k yaratmak istiyoruz\u201d<\/p>\n<p>B\u00fcy\u00fck\u015fehir Belediyesi Engelliler ve Sa\u011fl\u0131k Hizmetleri Dairesi Ba\u015fkan\u0131 H\u00fclya Atila, bir\u00e7ok \u00f6zel g\u00fcnde Engelsiz Ya\u015fam Park\u0131\u2019nda \u00f6zel \u00e7ocuklar\u0131 bir araya getirdiklerini belirterek, \u201c30 A\u011fustos Zafer Bayram\u0131\u2019n\u0131 Mersin\u2019de t\u00fcm vatanda\u015flar\u0131m\u0131zla el ele g\u00f6n\u00fcl g\u00f6n\u00fcle kutlamak istiyoruz. Tarihimizin bu \u015fanl\u0131 Zafer Bayram\u0131\u2019n\u0131 b\u00fct\u00fcn \u00e7ocuklar\u0131m\u0131zla kutlamak istiyoruz. Engelsiz Ya\u015fam Park\u0131m\u0131zda \u00e7ocuklar\u0131m\u0131zla sanattan spora, k\u00fclt\u00fcrel faaliyetlere kadar bir\u00e7ok faaliyetlerde bulunuyoruz. Burada t\u00fcm etkinliklerimizde, dini ve milli bayramlar\u0131m\u0131zda \u00e7ocuklarla el ele, omuz omuza, g\u00f6n\u00fcl g\u00f6n\u00fcle olmak istiyoruz ve onlara bir fark\u0131ndal\u0131k yaratmak istiyoruz\u201d dedi.<\/p>\n<p>\u201cAtat\u00fcrk sevgilerini yapt\u0131klar\u0131 resimlerde ve heykellerde g\u00f6r\u00fcyoruz\u201d<\/p>\n<p>\u00d6zel \u00e7ocuklarda var olan bilinci peki\u015ftirmek istediklerini s\u00f6zlerine ekleyen Atila, \u015funlar\u0131 s\u00f6yledi:<\/p>\n<p>\u201cOnlar zaten Atat\u00fcrk\u2019\u00fc g\u00f6n\u00fcllerinden o kadar \u00e7ok seviyorlar ki resimlerinde, yapt\u0131klar\u0131 sanatsal aktivitelerde, heykellerde biz onlar\u0131n sevgisini \u00e7ok g\u00fczel g\u00f6r\u00fcyoruz. Onlar\u0131n sevgisini dansla, halk oyunlar\u0131yla birazc\u0131k daha peki\u015ftirmek ve canland\u0131rmak istedik. Buradaki program\u0131m\u0131zda da Say\u0131n Ba\u015fkan\u0131m\u0131z Vahap Se\u00e7er\u2019in katk\u0131lar\u0131yla, onlarla birlikte halk oyunlar\u0131 oynayaca\u011f\u0131z, onlar \u015fark\u0131 s\u00f6yleyecekler hep birlikte, \u015fiirler okuyacaklar, yiyecekler, i\u00e7ecekler, g\u00f6n\u00fcllerince ko\u015facaklar burada.\u201d<\/p>\n<p>\u201cVahap Ba\u015fkan\u0131m\u0131za buray\u0131 a\u00e7t\u0131\u011f\u0131 i\u00e7in \u00e7ok te\u015fekk\u00fcr ederiz\u201d<\/p>\n<p>\u00d6zel bireylerden 26 ya\u015f\u0131ndaki Veli Erciyas, 30 A\u011fustos Zafer Bayram\u0131\u2019n\u0131 kutlayarak, \u201cB\u00fc\u015fra hocam\u0131za, G\u00fcl\u00e7in hocam\u0131za \u00e7ok te\u015fekk\u00fcr ederiz. Vahap Ba\u015fkan\u0131m\u0131za buray\u0131 a\u00e7t\u0131\u011f\u0131 i\u00e7in \u00e7ok te\u015fekk\u00fcr ederiz. O a\u00e7masa biz burada olamazd\u0131k. Halk oyunlar\u0131 oynad\u0131k, zeybek oynad\u0131k. \u015eimdi bir de kolbast\u0131 oynayaca\u011f\u0131z\u201d dedi.<\/p>\n<p>\u201cE\u011flendik, \u00e7ok iyi hissediyorum\u201d<\/p>\n<p>\u00d6zel \u00e7ocuklardan Sedat K\u0131zmaz ise \u201cBen Atat\u00fcrk\u2019\u00fc \u00e7ok seviyorum. Bug\u00fcn merkezde parti yapt\u0131k. Bug\u00fcn her \u015feyi yapt\u0131k. Halk oyunlar\u0131 yapt\u0131k, Efe\u2019ler oynad\u0131k, ba\u015fka m\u00fcziklerde oynad\u0131k. Havuzumuz var. Merkezimiz var. Her \u015feyimiz var\u201d derken, Velat Kaplan ise \u201cE\u011flendik, \u00e7ok iyi hissediyorum. Hocalar\u0131m, arkada\u015flar\u0131m, veliler. Hepimiz buradayd\u0131k\u201d diye konu\u015ftu.<\/p>\n","protected":false},"excerpt":{"rendered":"<p>Mersin B\u00fcy\u00fck\u015fehir Belediyesi Engelliler ve Sa\u011fl\u0131k Hizmetleri Dairesi\u2019nin 30 A\u011fustos Zafer Bayram\u0131\u2019n\u0131n 99. y\u0131l d\u00f6n\u00fcm\u00fc dolay\u0131s\u0131yla Yeni\u015fehir il\u00e7esi Engelsiz Ya\u015fam Park\u0131\u2019nda d\u00fczenledi\u011fi kutlama etkinli\u011fine \u00e7ok say\u0131da \u00f6zel gereksinimli birey ve &hellip; <a href=\"https:\/\/akdenizolaygazetesi.com\/?p=13945\" class=\"more-link\">Devam\u0131n\u0131 Oku&#8230;<\/a><\/p>\n","protected":false},"author":2,"featured_media":13946,"comment_status":"open","ping_status":"open","sticky":false,"template":"","format":"standard","meta":[],"categories":[3],"tags":[],"_links":{"self":[{"href":"https:\/\/akdenizolaygazetesi.com\/index.php?rest_route=\/wp\/v2\/posts\/13945"}],"collection":[{"href":"https:\/\/akdenizolaygazetesi.com\/index.php?rest_route=\/wp\/v2\/posts"}],"about":[{"href":"https:\/\/akdenizolaygazetesi.com\/index.php?rest_route=\/wp\/v2\/types\/post"}],"author":[{"embeddable":true,"href":"https:\/\/akdenizolaygazetesi.com\/index.php?rest_route=\/wp\/v2\/users\/2"}],"replies":[{"embeddable":true,"href":"https:\/\/akdenizolaygazetesi.com\/index.php?rest_route=%2Fwp%2Fv2%2Fcomments&post=13945"}],"version-history":[{"count":1,"href":"https:\/\/akdenizolaygazetesi.com\/index.php?rest_route=\/wp\/v2\/posts\/13945\/revisions"}],"predecessor-version":[{"id":13947,"href":"https:\/\/akdenizolaygazetesi.com\/index.php?rest_route=\/wp\/v2\/posts\/13945\/revisions\/13947"}],"wp:featuredmedia":[{"embeddable":true,"href":"https:\/\/akdenizolaygazetesi.com\/index.php?rest_route=\/wp\/v2\/media\/13946"}],"wp:attachment":[{"href":"https:\/\/akdenizolaygazetesi.com\/index.php?rest_route=%2Fwp%2Fv2%2Fmedia&parent=13945"}],"wp:term":[{"taxonomy":"category","embeddable":true,"href":"https:\/\/akdenizolaygazetesi.com\/index.php?rest_route=%2Fwp%2Fv2%2Fcategories&post=13945"},{"taxonomy":"post_tag","embeddable":true,"href":"https:\/\/akdenizolaygazetesi.com\/index.php?rest_route=%2Fwp%2Fv2%2Ftags&post=13945"}],"curies":[{"name":"wp","href":"https:\/\/api.w.org\/{rel}","templated":true}]}}