{"id":13948,"date":"2021-08-30T13:04:42","date_gmt":"2021-08-30T10:04:42","guid":{"rendered":"http:\/\/akdenizolaygazetesi.com\/?p=13948"},"modified":"2021-08-30T13:04:42","modified_gmt":"2021-08-30T10:04:42","slug":"ikinci-gun-konserleri-toroslardan-silifkenin-yaylalarina-uzandi","status":"publish","type":"post","link":"https:\/\/akdenizolaygazetesi.com\/?p=13948","title":{"rendered":"\u0130K\u0130NC\u0130 G\u00dcN KONSERLER\u0130 TOROSLAR\u2019DAN S\u0130L\u0130FKE\u2019N\u0130N YAYLALARINA UZANDI"},"content":{"rendered":"<p>Mersin B\u00fcy\u00fck\u015fehir Belediyesi K\u00fclt\u00fcr ve Sosyal \u0130\u015fler Dairesi\u2019nin 30 A\u011fustos Zafer Bayram\u0131 dolay\u0131s\u0131yla d\u00fczenledi\u011fi konserlerin Toroslar ve Silifke\u2019de kurulan sahnelerinde ikinci g\u00fcn konserleri co\u015fkuyla ge\u00e7ti. Kubat, Onur Ak\u0131n, Hasan Ye\u015filg\u00f6z ve Ali Altay, konserlerde s\u00f6yledikleri \u015fark\u0131larla bayram co\u015fkusunu Mersin halk\u0131na doyas\u0131ya ya\u015fatt\u0131.<\/p>\n<p>Onur Ak\u0131n, Toroslar\u2019\u0131n yaylas\u0131nda sahne ald\u0131<\/p>\n<p>\u0130lk g\u00fcn konserlerinde Erdemli\u2019de Simge ile Batuhan \u015earapl\u0131, Silifke\u2019de Zeynep Karababa ve \u00c7aml\u0131yayla\u2019da Onur Ak\u0131n konserleri ger\u00e7ekle\u015fti. Onur Ak\u0131n, konserlerin ikinci g\u00fcn\u00fcnde Toroslar\u2019\u0131n G\u00f6zne Yaylas\u0131\u2019nda sahne al\u0131rken;  Silifke\u2019nin Mara Yaylas\u0131\u2019nda Ali Altay, Toroslar\u2019\u0131n 3 Ocak Stad\u0131\u2019nda da Kubat ile Hasan Ye\u015filg\u00f6z dinleyiciyle bulu\u015ftu.<\/p>\n<p>G\u00f6zne Yaylas\u0131\u2019nda sahneye \u00e7\u0131kan Onur Ak\u0131n, Mersin halk\u0131n\u0131n Zafer Bayram\u0131\u2019n\u0131 kutlayarak en be\u011fenilen \u015fark\u0131lar\u0131ndan \u2018Ya\u011fmur Y\u00fcreklim\u2019, \u2018Asi ve Mavi\u2019 ile \u2018Geceyi Sana Yazd\u0131m\u2019 gibi bir\u00e7ok \u015fark\u0131y\u0131 seslendirdi. Sahneye ald\u0131\u011f\u0131 \u00e7ocuklarla beraber \u2018G\u00fczel G\u00fcnler G\u00f6rece\u011fiz\u2019 \u015fark\u0131s\u0131n\u0131 s\u00f6yleyen Onur Ak\u0131n, \u00e7i\u00e7ek takdiminden sonra \u2018Bekle Bizi \u0130stanbul\u2019 \u015fark\u0131s\u0131yla konserin kapan\u0131\u015f\u0131n\u0131 yapt\u0131.<\/p>\n<p>Kubat, Toroslar\u2019\u0131n 3 Ocak Stad\u0131\u2019ndayd\u0131<\/p>\n<p>Toroslar il\u00e7esindeki konserlerin bir ba\u015fka dura\u011f\u0131 olan 3 Ocak Stad\u0131\u2019nda ise ilk olarak Hasan Ye\u015filg\u00f6z sahne ald\u0131. \u2018Urfal\u0131y\u0131m Ezelden\u2019, \u2018A\u011fr\u0131 Da\u011f\u0131\u2019 ve \u2018E\u015farb\u0131n\u0131 Yan Ba\u011flama\u2019 gibi hareketli eserlerle ortam\u0131 co\u015fturan Ye\u015filg\u00f6z\u2019\u00fcn ard\u0131ndan Kubat sahneye \u00e7\u0131kt\u0131. G\u00fc\u00e7l\u00fc sesi ve ba\u015far\u0131l\u0131 sahne performans\u0131yla \u2018Al \u00d6mr\u00fcm\u00fc\u2019, \u2018Karaa\u011fa\u00e7\u2019, \u2018Kesik \u00c7ay\u0131r\u2019 ve \u2018Bah\u00e7e Duvar\u0131ndan A\u015ft\u0131m\u2019 gibi eserleri seslendiren Kubat, dinleyicilerin de \u015fark\u0131lara e\u015flik etmesiyle birlikte zaman zaman dev bir koro olu\u015fturdu. Dinleyiciler, ellerindeki bayraklar ve mendillerle co\u015fku dolu bir konser ya\u015fad\u0131. CHP Mersin Milletvekili Cengiz G\u00f6k\u00e7el ve Mersin B\u00fcy\u00fck\u015fehir Belediye Meclis \u00dcyesi Hasan \u00d6zalp \u00d6nal da konsere kat\u0131larak, Ba\u015fkan Vahap Se\u00e7er ad\u0131na sanat\u00e7\u0131ya \u00e7i\u00e7ek takdiminde bulundu.<\/p>\n<p>Silifke\u2019nin Mara Yaylas\u0131 Ali Altay\u2019\u0131 a\u011f\u0131rlad\u0131<\/p>\n<p>\u0130kinci g\u00fcn konserlerinde bir sahne de Silifke\u2019nin Mara Yaylas\u0131\u2019nda kuruldu. Burada sahne alan Ali Altay, Ne\u015fet Erta\u015f ve Bar\u0131\u015f Man\u00e7o\u2019nun \u015fark\u0131lar\u0131n\u0131 s\u00f6yledi. Silifke y\u00f6resine ait t\u00fcrk\u00fcler de seslendiren Ali Altay, kendi yazd\u0131\u011f\u0131 ve 30 A\u011fustos\u2019ta yay\u0131nlanacak olan mar\u015f\u0131 da Silifke halk\u0131 ile payla\u015ft\u0131.<\/p>\n<p>\u201cHalk\u0131m\u0131zla zafer duygusunu, Cumhuriyet\u2019i ger\u00e7ekten hissettik, duyumsad\u0131k\u201d<\/p>\n<p>B\u00fcy\u00fck\u015fehir Belediyesi\u2019nin konserleri arac\u0131l\u0131\u011f\u0131yla Mersin halk\u0131 ile bulu\u015fan Onur Ak\u0131n, \u201cMersin\u2019in kalbi ger\u00e7ekten sevgiden, bar\u0131\u015ftan, dostluktan, demokrasiden, laiklikten, adaletten, Cumhuriyet\u2019ten, Mustafa Kemal Atat\u00fcrk\u2019ten, ayd\u0131nl\u0131ktan, e\u015fitlikten yana. Beni bu g\u00fczel insanlarla bulu\u015fturan Mersin B\u00fcy\u00fck\u015fehir Belediyesi\u2019ne ve benim sevgili a\u011fabeyim, dostum Vahap Se\u00e7er\u2019e, Belediye Bakan\u0131m\u0131za \u00e7ok te\u015fekk\u00fcr ediyorum. Halk\u0131m\u0131zla zafer duygusunu, Cumhuriyet\u2019i ger\u00e7ekten hissettik, duyumsad\u0131k. Bize bu \u00fclkeyi yeniden vatan yapan ba\u015fta Gazi Mustafa Kemal Atat\u00fcrk\u2019\u00fc, b\u00fct\u00fcn \u015fehitlerimizi, gazilerimizi, isimsiz kahramanlar\u0131m\u0131z\u0131n hepsini sayg\u0131 ve minnetle and\u0131k\u201d dedi.<\/p>\n<p>\u201cBu co\u015fkular hi\u00e7 bitmesin\u201d<\/p>\n<p>G\u00f6zne\u2019de yap\u0131lan 30 A\u011fustos Zafer Bayram\u0131 konserine arkada\u015flar\u0131yla gelerek bayram\u0131 kutlad\u0131\u011f\u0131n\u0131 belirten Salih \u015eanl\u0131, \u201cG\u00f6zne\u2019de konserler bamba\u015fkad\u0131r. Bug\u00fcn \u00f6zellikle topland\u0131k, \u00e7ocukluk arkada\u015flar\u0131m\u0131zla hep beraber eski g\u00fcnlerdeki gibi 30 A\u011fustos\u2019ta hep beraberiz. Bu co\u015fkular hi\u00e7 bitmesin. Say\u0131n Belediye Ba\u015fkan\u0131m\u0131z Vahap Se\u00e7er\u2019e \u00e7ok te\u015fekk\u00fcr ediyoruz. Her zaman b\u00f6yle co\u015fkulu konserler ya\u015fatmas\u0131n\u0131 temenni ediyoruz\u201d dedi.<\/p>\n<p>Konserde yer alan G\u00f6kmen Bilgin,  \u201cBug\u00fcn Zafer Bayram\u0131. 1922 y\u0131l\u0131nda Atat\u00fcrk 22 g\u00fcn boyunca s\u00fcren sava\u015f\u0131 kazand\u0131. Bu \u00fclkeyi bize arma\u011fan etti. Bizler de bug\u00fcn buraday\u0131z, Zafer Bayram\u0131\u2019n\u0131 kutluyoruz. Bir y\u0131l sonra 100. y\u0131l oluyor, bir as\u0131r oluyor. Atalar\u0131m\u0131z kazand\u0131 bu sava\u015f\u0131, bizler de onlar\u0131n izlerinden y\u00fcr\u00fcyoruz\u201d diye konu\u015ftu.<\/p>\n<p>Salih Aslan, konsere Mersin merkezden geldi\u011fini ifade ederek, \u201cMersin\u2019den kalkt\u0131k buraya kadar geldik. E\u011fleniyoruz, \u00e7ok g\u00fczel. Belediye Ba\u015fkan\u0131m\u0131za te\u015fekk\u00fcr ediyoruz. Bunlar\u0131n devam\u0131n\u0131 diliyoruz\u201d dedi.<\/p>\n","protected":false},"excerpt":{"rendered":"<p>Mersin B\u00fcy\u00fck\u015fehir Belediyesi K\u00fclt\u00fcr ve Sosyal \u0130\u015fler Dairesi\u2019nin 30 A\u011fustos Zafer Bayram\u0131 dolay\u0131s\u0131yla d\u00fczenledi\u011fi konserlerin Toroslar ve Silifke\u2019de kurulan sahnelerinde ikinci g\u00fcn konserleri co\u015fkuyla ge\u00e7ti. Kubat, Onur Ak\u0131n, Hasan Ye\u015filg\u00f6z &hellip; <a href=\"https:\/\/akdenizolaygazetesi.com\/?p=13948\" class=\"more-link\">Devam\u0131n\u0131 Oku&#8230;<\/a><\/p>\n","protected":false},"author":2,"featured_media":13949,"comment_status":"open","ping_status":"open","sticky":false,"template":"","format":"standard","meta":[],"categories":[1,3,5],"tags":[],"_links":{"self":[{"href":"https:\/\/akdenizolaygazetesi.com\/index.php?rest_route=\/wp\/v2\/posts\/13948"}],"collection":[{"href":"https:\/\/akdenizolaygazetesi.com\/index.php?rest_route=\/wp\/v2\/posts"}],"about":[{"href":"https:\/\/akdenizolaygazetesi.com\/index.php?rest_route=\/wp\/v2\/types\/post"}],"author":[{"embeddable":true,"href":"https:\/\/akdenizolaygazetesi.com\/index.php?rest_route=\/wp\/v2\/users\/2"}],"replies":[{"embeddable":true,"href":"https:\/\/akdenizolaygazetesi.com\/index.php?rest_route=%2Fwp%2Fv2%2Fcomments&post=13948"}],"version-history":[{"count":1,"href":"https:\/\/akdenizolaygazetesi.com\/index.php?rest_route=\/wp\/v2\/posts\/13948\/revisions"}],"predecessor-version":[{"id":13950,"href":"https:\/\/akdenizolaygazetesi.com\/index.php?rest_route=\/wp\/v2\/posts\/13948\/revisions\/13950"}],"wp:featuredmedia":[{"embeddable":true,"href":"https:\/\/akdenizolaygazetesi.com\/index.php?rest_route=\/wp\/v2\/media\/13949"}],"wp:attachment":[{"href":"https:\/\/akdenizolaygazetesi.com\/index.php?rest_route=%2Fwp%2Fv2%2Fmedia&parent=13948"}],"wp:term":[{"taxonomy":"category","embeddable":true,"href":"https:\/\/akdenizolaygazetesi.com\/index.php?rest_route=%2Fwp%2Fv2%2Fcategories&post=13948"},{"taxonomy":"post_tag","embeddable":true,"href":"https:\/\/akdenizolaygazetesi.com\/index.php?rest_route=%2Fwp%2Fv2%2Ftags&post=13948"}],"curies":[{"name":"wp","href":"https:\/\/api.w.org\/{rel}","templated":true}]}}