{"id":1395,"date":"2020-11-04T18:21:57","date_gmt":"2020-11-04T15:21:57","guid":{"rendered":"http:\/\/mersinekonomipolitikagazetesi.com\/?p=1395"},"modified":"2020-11-04T18:21:57","modified_gmt":"2020-11-04T15:21:57","slug":"gaspci-dehseti-kamerada","status":"publish","type":"post","link":"https:\/\/akdenizolaygazetesi.com\/?p=1395","title":{"rendered":"Gasp\u00e7\u0131 deh\u015feti kamerada"},"content":{"rendered":"<p>Mersin&#8217;de gasp amac\u0131yla girdikleri markette i\u015fletme sahibini pompal\u0131 t\u00fcfekle yaralay\u0131p ka\u00e7an silahl\u0131 soyguncular, \u00f6nce i\u015f yerinin g\u00fcvenlik kameras\u0131na, ard\u0131ndan polise yakaland\u0131.<\/p>\n<p><span style=\"color: rgb(0, 0, 0); font-family: Tahoma, Arial, &quot;Times New Roman TUR&quot;, Verdana; font-size: 15px;\">Edinilen bilgiye g\u00f6re, merkez Toroslar il\u00e7esi Okan Merzeci Mahallesi&#8217;nde meydana gelen olayda, gece ge\u00e7 saatlerde Karaisal\u0131 Caddesi \u00fczerindeki K\u00f6y Market adl\u0131 i\u015f yerine gelen silahl\u0131 3 ki\u015fi, i\u015f yeri sahibi Yusuf K.&#8217;y\u0131 gasp etmek istedi. D\u00fckkan\u0131n\u0131 kapatmak \u00fczereyken ya\u015fanan soygun giri\u015fimi s\u0131ras\u0131nda silahl\u0131 \u015fah\u0131slara direnen i\u015fletme sahibi Yusuf K., bulundu\u011fu yerden kalk\u0131p yan tarafa do\u011fru hamle yapt\u0131\u011f\u0131 s\u0131rada ba\u015f\u0131nda kask bulunan soyguncu taraf\u0131ndan pompal\u0131 t\u00fcfekle vuruldu. \u0130\u015fletme sahibi yaralanarak yere d\u00fc\u015ferken, pani\u011fe kap\u0131lan soyguncular marketten her hangi bir \u015fey almadan ka\u00e7t\u0131. Yaral\u0131 Yusuf K., vatanda\u015flar\u0131n ihbar\u0131 ile olay yerine gelen ambulansla hastaneye kald\u0131r\u0131ld\u0131. Yaral\u0131 \u015fahs\u0131n tedavisinin halen devam etti\u011fi \u00f6\u011frenildi.<\/span><br style=\"color: rgb(0, 0, 0); font-family: Tahoma, Arial, &quot;Times New Roman TUR&quot;, Verdana; font-size: 15px;\" \/><br \/>\n<span style=\"color: rgb(0, 0, 0); font-family: Tahoma, Arial, &quot;Times New Roman TUR&quot;, Verdana; font-size: 15px;\">26 May\u0131s tarihinde meydana gelen olayla ilgili \u00e7al\u0131\u015fma ba\u015flatan Asayi\u015f \u015eube M\u00fcd\u00fcrl\u00fc\u011f\u00fc Gasp B\u00fcro Amirli\u011fi ekipleri, i\u015f yeri ve \u00e7evresindeki kamera g\u00f6r\u00fcnt\u00fclerini incelemeye ald\u0131. Soygunda kullan\u0131lan kasktaki parmak izinden ve kamera g\u00f6r\u00fcnt\u00fclerinden yola \u00e7\u0131kan polis, olaya kar\u0131\u015ft\u0131klar\u0131 iddias\u0131yla H\u00fcseyin T., Musa Y. ve \u0130.Y. adl\u0131 \u015f\u00fcphelileri g\u00f6zalt\u0131na ald\u0131.<\/span><br style=\"color: rgb(0, 0, 0); font-family: Tahoma, Arial, &quot;Times New Roman TUR&quot;, Verdana; font-size: 15px;\" \/><br \/>\n<span style=\"color: rgb(0, 0, 0); font-family: Tahoma, Arial, &quot;Times New Roman TUR&quot;, Verdana; font-size: 15px;\">Emniyet M\u00fcd\u00fcrl\u00fc\u011f\u00fc&#8217;ndeki i\u015flemlerinin ard\u0131ndan adliyeye sevk edilen zanl\u0131lardan H\u00fcseyin T. ve Musa Y. tutuklan\u0131rken, \u0130.Y. ise tutuksuz yarg\u0131lanmak \u00fczere serbest b\u0131rak\u0131ld\u0131. Olayla ilgili aranan bir ki\u015finin askerde oldu\u011fu, bir ki\u015finin ise halen arand\u0131\u011f\u0131 bildirildi.<\/span><br style=\"color: rgb(0, 0, 0); font-family: Tahoma, Arial, &quot;Times New Roman TUR&quot;, Verdana; font-size: 15px;\" \/><br \/>\n<br style=\"color: rgb(0, 0, 0); font-family: Tahoma, Arial, &quot;Times New Roman TUR&quot;, Verdana; font-size: 15px;\" \/><br \/>\n<span style=\"color: rgb(0, 0, 0); font-family: Tahoma, Arial, &quot;Times New Roman TUR&quot;, Verdana; font-size: 15px;\">Gasp giri\u015fimi kamerada<\/span><br style=\"color: rgb(0, 0, 0); font-family: Tahoma, Arial, &quot;Times New Roman TUR&quot;, Verdana; font-size: 15px;\" \/><br \/>\n<span style=\"color: rgb(0, 0, 0); font-family: Tahoma, Arial, &quot;Times New Roman TUR&quot;, Verdana; font-size: 15px;\">\u00d6te yandan, markette meydana gelen gasp giri\u015fimi, i\u015f yerinin g\u00fcvenlik kameralar\u0131 taraf\u0131ndan saniye saniye kaydedildi. G\u00f6r\u00fcnt\u00fclere g\u00f6re, i\u015f yerini kapatmak \u00fczere haz\u0131rl\u0131k yapan Yusuf K., kasada hesap yapt\u0131\u011f\u0131 s\u0131rada silahl\u0131 3 ki\u015fi i\u00e7eriye girdi. \u0130\u015fletme sahibini gasp etmek isteyen zanl\u0131larla i\u015f yeri sahibi aras\u0131nda k\u0131sa bir tart\u0131\u015fma ya\u015fand\u0131. Bu s\u0131rada yerinden kalk\u0131p hamle yapan i\u015fletme sahibi Yusuf K., soygunculardan elinde pompal\u0131 t\u00fcfek bulunan kaskl\u0131 sald\u0131rgan taraf\u0131ndan 1 el ate\u015f edilerek vuruldu. Silahl\u0131 soyguncular ise olaydan sonra panikleyerek ka\u00e7t\u0131. Bu s\u0131rada silah sesini duyarak markete gelen vatanda\u015flar, g\u00f6rd\u00fckleri kar\u015f\u0131s\u0131nda deh\u015fete d\u00fc\u015ferken hemen telefonla polisi ve sa\u011fl\u0131k g\u00f6revlilerini arayarak durumu bildirdi.<\/span><\/p>\n","protected":false},"excerpt":{"rendered":"<p>Mersin&#8217;de gasp amac\u0131yla girdikleri markette i\u015fletme sahibini pompal\u0131 t\u00fcfekle yaralay\u0131p ka\u00e7an silahl\u0131 soyguncular, \u00f6nce i\u015f yerinin g\u00fcvenlik kameras\u0131na, ard\u0131ndan polise yakaland\u0131. Edinilen bilgiye g\u00f6re, merkez Toroslar il\u00e7esi Okan Merzeci Mahallesi&#8217;nde &hellip; <a href=\"https:\/\/akdenizolaygazetesi.com\/?p=1395\" class=\"more-link\">Devam\u0131n\u0131 Oku&#8230;<\/a><\/p>\n","protected":false},"author":1,"featured_media":0,"comment_status":"open","ping_status":"open","sticky":false,"template":"","format":"standard","meta":[],"categories":[],"tags":[],"_links":{"self":[{"href":"https:\/\/akdenizolaygazetesi.com\/index.php?rest_route=\/wp\/v2\/posts\/1395"}],"collection":[{"href":"https:\/\/akdenizolaygazetesi.com\/index.php?rest_route=\/wp\/v2\/posts"}],"about":[{"href":"https:\/\/akdenizolaygazetesi.com\/index.php?rest_route=\/wp\/v2\/types\/post"}],"author":[{"embeddable":true,"href":"https:\/\/akdenizolaygazetesi.com\/index.php?rest_route=\/wp\/v2\/users\/1"}],"replies":[{"embeddable":true,"href":"https:\/\/akdenizolaygazetesi.com\/index.php?rest_route=%2Fwp%2Fv2%2Fcomments&post=1395"}],"version-history":[{"count":0,"href":"https:\/\/akdenizolaygazetesi.com\/index.php?rest_route=\/wp\/v2\/posts\/1395\/revisions"}],"wp:attachment":[{"href":"https:\/\/akdenizolaygazetesi.com\/index.php?rest_route=%2Fwp%2Fv2%2Fmedia&parent=1395"}],"wp:term":[{"taxonomy":"category","embeddable":true,"href":"https:\/\/akdenizolaygazetesi.com\/index.php?rest_route=%2Fwp%2Fv2%2Fcategories&post=1395"},{"taxonomy":"post_tag","embeddable":true,"href":"https:\/\/akdenizolaygazetesi.com\/index.php?rest_route=%2Fwp%2Fv2%2Ftags&post=1395"}],"curies":[{"name":"wp","href":"https:\/\/api.w.org\/{rel}","templated":true}]}}