{"id":13954,"date":"2021-08-31T13:12:50","date_gmt":"2021-08-31T10:12:50","guid":{"rendered":"http:\/\/akdenizolaygazetesi.com\/?p=13954"},"modified":"2021-08-31T13:12:50","modified_gmt":"2021-08-31T10:12:50","slug":"4-merkez-ilcenin-mahallelerinde-15-bin-adet-asure-dagitildi","status":"publish","type":"post","link":"https:\/\/akdenizolaygazetesi.com\/?p=13954","title":{"rendered":"4 MERKEZ \u0130L\u00c7EN\u0130N MAHALLELER\u0130NDE 15 B\u0130N ADET A\u015eURE DA\u011eITILDI"},"content":{"rendered":"<p>Mersin B\u00fcy\u00fck\u015fehir Belediyesi Sosyal Hizmetler Dairesi\u2019nin Muharrem ay\u0131 dolay\u0131s\u0131yla kentin i\u015flek noktalar\u0131nda ba\u015flatt\u0131\u011f\u0131 a\u015fure da\u011f\u0131t\u0131m\u0131 dezavantajl\u0131 mahallelerde devam etti.<\/p>\n<p>Bu y\u0131l 65 bin a\u015fure da\u011f\u0131t\u0131ld\u0131<\/p>\n<p>A\u015fhane\u2019de pi\u015fen 50 bin adet a\u015fure \u00f6nceki g\u00fcnlerde 13 il\u00e7enin i\u015flek noktalar\u0131nda vatanda\u015flara ula\u015fm\u0131\u015ft\u0131. B\u00fcy\u00fck\u015fehir ekipleri; Toroslar, Akdeniz, Yeni\u015fehir ve Mezitli\u2019den olu\u015fan 4 merkez il\u00e7enin dezavantajl\u0131 mahallelerinde de a\u015fure da\u011f\u0131t\u0131m\u0131na ba\u015flad\u0131. 15 bin adet a\u015fure, mahallelerin ortas\u0131nda kurulan stantlardan vatanda\u015flara ikram edildi.<\/p>\n<p>A\u015fureler birlik ve beraberli\u011fi peki\u015ftirdi<\/p>\n<p>Al\u0131\u015fveri\u015ften d\u00f6nen kad\u0131nlar, i\u015fe giden emek\u00e7iler, sokakta oynayan \u00e7ocuklar ve ara\u00e7lar\u0131yla da\u011f\u0131t\u0131m noktas\u0131ndan ge\u00e7en \u00e7ok say\u0131da vatanda\u015f a\u015furelerini al\u0131p g\u00fcndelik hayatlar\u0131na devam etti. Balkondan g\u00f6r\u00fcp da\u011f\u0131t\u0131m noktalar\u0131na gelen vatanda\u015flar da payla\u015fmay\u0131 ve beraberli\u011fi temsil eden a\u015fureleri tatt\u0131.<\/p>\n<p>\u201cA\u015fureyi biraz da Mersinimize benzetiyoruz\u201d<\/p>\n<p>Sosyal Hizmetler Dairesi\u2019nin A\u015fhane Sorumlusu Erg\u00fcn Horoz, kentin i\u015flek noktalar\u0131nda ve dezavantajl\u0131 mahallelerinde bu y\u0131l toplam 65 bin adet a\u015fure da\u011f\u0131t\u0131m\u0131 ger\u00e7ekle\u015ftirdiklerini belirterek, \u201cMersin\u2019in t\u00fcm il\u00e7elerindeki i\u015flek caddelerde 50 bin adet a\u015furemizi da\u011f\u0131tm\u0131\u015f bulunmaktay\u0131z. \u015eimdi de 15 bin adet a\u015furemizi merkez 4 il\u00e7enin \u00f6zellikle dezavantajl\u0131 b\u00f6lgelerinde da\u011f\u0131t\u0131yoruz. A\u015fure bir\u00e7ok malzemeyle yap\u0131lan bir tatl\u0131m\u0131z. Bunu da biraz Mersinimize benzetiyoruz. Bir\u00e7ok k\u00fclt\u00fcr\u00fcn bir arada ya\u015fad\u0131\u011f\u0131 Mersinimizde birlik ve beraberlik i\u00e7erisinde a\u015furemizin da\u011f\u0131t\u0131m\u0131n\u0131 ger\u00e7ekle\u015ftiriyoruz\u201d dedi.<\/p>\n<p>\u201cDurumu olan var olmayan var, yapabilen var yapamayan var\u201d<\/p>\n<p>Yeni\u015fehir il\u00e7esi E\u011fri\u00e7am Mahallesi\u2019ndeki a\u015fure da\u011f\u0131t\u0131m\u0131nda bulunan mahalle sakinlerinden Ayhan Dalg\u0131\u00e7, \u201c\u015eu m\u00fcbarek ay\u0131m\u0131zda Ba\u015fkan\u0131m\u0131za, eme\u011fi ge\u00e7en herkese te\u015fekk\u00fcr ediyorum. Sa\u011f olsun, var olsun. Allah kabul etsin. Dar\u0131s\u0131 her sene olsun. Durumu olan var olmayan var. Yapabilen var yapamayan var\u201d diye konu\u015ftu.<\/p>\n<p>\u201cMemnun kald\u0131k\u201d<\/p>\n<p>E\u011fri\u00e7am Mahallesi sakinlerinden Emel Kaynak da al\u0131\u015fveri\u015ften d\u00f6nd\u00fc\u011f\u00fc s\u0131rada ikram edilen a\u015fureyi al\u0131rken, \u201cA\u015fure ay\u0131 oldu\u011fu i\u00e7in bu ay a\u015fure da\u011f\u0131t\u0131l\u0131yor. Ben de da\u011f\u0131t\u0131m yapt\u0131m, Allah kabul etsin. Her sene da\u011f\u0131t\u0131l\u0131yor. \u00c7\u00fcnk\u00fc her sene al\u0131yorum. Bazen Mu\u011fdat Camii\u2019ye gidiyorum, orada da da\u011f\u0131t\u0131l\u0131yor. Memnun kald\u0131k. Belediye Ba\u015fkan\u0131m\u0131zdan \u00e7ok memnunum. \u00c7ok g\u00fczel \u015feyler yapt\u0131. Ona minnettar\u0131z, onu seviyoruz\u201d ifadelerine yer verdi.<\/p>\n","protected":false},"excerpt":{"rendered":"<p>Mersin B\u00fcy\u00fck\u015fehir Belediyesi Sosyal Hizmetler Dairesi\u2019nin Muharrem ay\u0131 dolay\u0131s\u0131yla kentin i\u015flek noktalar\u0131nda ba\u015flatt\u0131\u011f\u0131 a\u015fure da\u011f\u0131t\u0131m\u0131 dezavantajl\u0131 mahallelerde devam etti. Bu y\u0131l 65 bin a\u015fure da\u011f\u0131t\u0131ld\u0131 A\u015fhane\u2019de pi\u015fen 50 bin adet &hellip; <a href=\"https:\/\/akdenizolaygazetesi.com\/?p=13954\" class=\"more-link\">Devam\u0131n\u0131 Oku&#8230;<\/a><\/p>\n","protected":false},"author":2,"featured_media":13955,"comment_status":"open","ping_status":"open","sticky":false,"template":"","format":"standard","meta":[],"categories":[1,3,5],"tags":[],"_links":{"self":[{"href":"https:\/\/akdenizolaygazetesi.com\/index.php?rest_route=\/wp\/v2\/posts\/13954"}],"collection":[{"href":"https:\/\/akdenizolaygazetesi.com\/index.php?rest_route=\/wp\/v2\/posts"}],"about":[{"href":"https:\/\/akdenizolaygazetesi.com\/index.php?rest_route=\/wp\/v2\/types\/post"}],"author":[{"embeddable":true,"href":"https:\/\/akdenizolaygazetesi.com\/index.php?rest_route=\/wp\/v2\/users\/2"}],"replies":[{"embeddable":true,"href":"https:\/\/akdenizolaygazetesi.com\/index.php?rest_route=%2Fwp%2Fv2%2Fcomments&post=13954"}],"version-history":[{"count":1,"href":"https:\/\/akdenizolaygazetesi.com\/index.php?rest_route=\/wp\/v2\/posts\/13954\/revisions"}],"predecessor-version":[{"id":13956,"href":"https:\/\/akdenizolaygazetesi.com\/index.php?rest_route=\/wp\/v2\/posts\/13954\/revisions\/13956"}],"wp:featuredmedia":[{"embeddable":true,"href":"https:\/\/akdenizolaygazetesi.com\/index.php?rest_route=\/wp\/v2\/media\/13955"}],"wp:attachment":[{"href":"https:\/\/akdenizolaygazetesi.com\/index.php?rest_route=%2Fwp%2Fv2%2Fmedia&parent=13954"}],"wp:term":[{"taxonomy":"category","embeddable":true,"href":"https:\/\/akdenizolaygazetesi.com\/index.php?rest_route=%2Fwp%2Fv2%2Fcategories&post=13954"},{"taxonomy":"post_tag","embeddable":true,"href":"https:\/\/akdenizolaygazetesi.com\/index.php?rest_route=%2Fwp%2Fv2%2Ftags&post=13954"}],"curies":[{"name":"wp","href":"https:\/\/api.w.org\/{rel}","templated":true}]}}