{"id":1396,"date":"2020-11-04T18:21:57","date_gmt":"2020-11-04T15:21:57","guid":{"rendered":"http:\/\/mersinekonomipolitikagazetesi.com\/?p=1396"},"modified":"2020-11-04T18:21:57","modified_gmt":"2020-11-04T15:21:57","slug":"ceceli-kanser-hastasi-kucuk-hayraninin-hayalini-gerceklestirdi","status":"publish","type":"post","link":"https:\/\/akdenizolaygazetesi.com\/?p=1396","title":{"rendered":"Ceceli, kanser hastas\u0131 k\u00fc\u00e7\u00fck hayran\u0131n\u0131n hayalini ger\u00e7ekle\u015ftirdi"},"content":{"rendered":"<p>Mersin&#8217;de B\u00fcy\u00fck\u015fehir Belediyesi taraf\u0131ndan d\u00fczenlenen Ramazan etkinlikleri kapsam\u0131nda sahne alan Mustafa Ceceli, l\u00f6semi hastas\u0131 hayran\u0131 8 ya\u015f\u0131ndaki Beng\u00fcl Kader Bayram ile sahnede bulu\u015farak, k\u00fc\u00e7\u00fck k\u0131z\u0131n hayalini ger\u00e7ekle\u015ftirdi.<\/p>\n<p><span style=\"color: rgb(0, 0, 0); font-family: Tahoma, Arial, &quot;Times New Roman TUR&quot;, Verdana; font-size: 15px;\">3 y\u0131ld\u0131r l\u00f6semi hastas\u0131 oldu\u011fu i\u00e7in kemoterapi tedavisi g\u00f6ren ve b\u00fcy\u00fck bir Mustafa Ceceli hayran\u0131 olan 8 ya\u015f\u0131ndaki Beng\u00fcl Kader Bayram\u2019\u0131n en b\u00fcy\u00fck hayalini Mersin B\u00fcy\u00fck\u015fehir Belediyesi ger\u00e7e\u011fe d\u00f6n\u00fc\u015ft\u00fcrd\u00fc. Pop m\u00fczi\u011fin sevilen isimlerinden Mustafa Ceceli\u2019nin hayran\u0131 olan Beng\u00fcl\u2019\u00fcn en b\u00fcy\u00fck hayalinin Ceceli\u2019yi g\u00f6rmek ve onunla \u015fark\u0131 s\u00f6ylemek oldu\u011funu duyunca harekete ge\u00e7en Mersin B\u00fcy\u00fck\u015fehir Belediyesi, k\u00fc\u00e7\u00fck k\u0131z\u0131 Mustafa Ceceli ile bir araya getirdi.<\/span><br style=\"color: rgb(0, 0, 0); font-family: Tahoma, Arial, &quot;Times New Roman TUR&quot;, Verdana; font-size: 15px;\" \/><br \/>\n<span style=\"color: rgb(0, 0, 0); font-family: Tahoma, Arial, &quot;Times New Roman TUR&quot;, Verdana; font-size: 15px;\">Konser esnas\u0131nda sahneye \u00e7\u0131karak Mustafa Ceceli ile tan\u0131\u015fan Beng\u00fcl, hayran\u0131 oldu\u011fu sanat\u00e7\u0131y\u0131 yak\u0131ndan g\u00f6rmenin mutlulu\u011funu ve heyecan\u0131n\u0131 ya\u015fad\u0131. Birlikte &#8216;G\u00fcl rengi&#8217; \u015fark\u0131s\u0131n\u0131 seslendiren ikili, vatanda\u015flar taraf\u0131ndan b\u00fcy\u00fck alk\u0131\u015f ald\u0131. Hayran\u0131 oldu\u011fu sanat\u00e7\u0131ya s\u0131k\u0131 s\u0131k\u0131 sar\u0131lan Beng\u00fcl Kader Bayram\u2019\u0131n ya\u015fad\u0131\u011f\u0131 mutluluk ise izleyenlere duygulu anlar ya\u015fatt\u0131. K\u0131zlar\u0131n\u0131n en b\u00fcy\u00fck hayalinin ger\u00e7ekle\u015fti\u011fini ve ya\u015fad\u0131\u011f\u0131 mutlulu\u011fun d\u00fcnyalara bedel oldu\u011funu s\u00f6yleyen anne Meliha Bayram ve baba Duran Bayram ise Mersin B\u00fcy\u00fck\u015fehir Belediye Ba\u015fkan\u0131 Burhanettin Kocamaz\u2019a k\u0131zlar\u0131n\u0131n bu hayalini yerine getirmesine vesile oldu\u011fu i\u00e7in te\u015fekk\u00fcr ettiler.<\/span><br style=\"color: rgb(0, 0, 0); font-family: Tahoma, Arial, &quot;Times New Roman TUR&quot;, Verdana; font-size: 15px;\" \/><br \/>\n<br style=\"color: rgb(0, 0, 0); font-family: Tahoma, Arial, &quot;Times New Roman TUR&quot;, Verdana; font-size: 15px;\" \/><br \/>\n<span style=\"color: rgb(0, 0, 0); font-family: Tahoma, Arial, &quot;Times New Roman TUR&quot;, Verdana; font-size: 15px;\">Mustafa Ceceli Mersinlileri Co\u015fturdu<\/span><br style=\"color: rgb(0, 0, 0); font-family: Tahoma, Arial, &quot;Times New Roman TUR&quot;, Verdana; font-size: 15px;\" \/><br \/>\n<span style=\"color: rgb(0, 0, 0); font-family: Tahoma, Arial, &quot;Times New Roman TUR&quot;, Verdana; font-size: 15px;\">\u00c7evre il\u00e7elerden de vatanda\u015flar\u0131n kat\u0131ld\u0131\u011f\u0131 ve Mersinliler taraf\u0131ndan yo\u011fun ilgi g\u00f6ren konserde, Mustafa Ceceli sevilen ilahisi \u2018A\u015fk i\u00e7in gelmi\u015fiz\u2019 ile sahneye \u00e7\u0131kt\u0131. Gecenin ilerleyen saatlerine kadar s\u00fcren konser boyunca Mustafa Ceceli aral\u0131ks\u0131z performans\u0131 ile izleyenleri b\u00fcy\u00fcledi. Ceceli, &#8216;K\u0131ymetlim&#8217;, &#8216;Sultan\u0131m&#8217; ve &#8216;Emri olur&#8217; gibi \u015fark\u0131lar\u0131 seslendirirken e\u015flik eden izleyenler, s\u0131k s\u0131k tezah\u00fcratlarla Ceceli\u2019ye destek oldular.<\/span><br style=\"color: rgb(0, 0, 0); font-family: Tahoma, Arial, &quot;Times New Roman TUR&quot;, Verdana; font-size: 15px;\" \/><br \/>\n<span style=\"color: rgb(0, 0, 0); font-family: Tahoma, Arial, &quot;Times New Roman TUR&quot;, Verdana; font-size: 15px;\">Hareketli par\u00e7alar\u0131n\u0131n yan\u0131 s\u0131ra duygusal par\u00e7alar\u0131n\u0131 da seslendiren Mustafa Ceceli, \u00f6zellikle gen\u00e7leri mest etti. Konsere kat\u0131lan gen\u00e7lerle birlikte ilahiler ve \u015fark\u0131lar s\u00f6yleyen Ceceli, gen\u00e7lerin istedi\u011fi birbirinden g\u00fczel \u015fark\u0131lar\u0131n\u0131 art arda s\u0131ralad\u0131. Sanat\u00e7\u0131 konser esnas\u0131nda \u00e7ald\u0131\u011f\u0131 enstr\u00fcmanlarla Mersinli hayranlar\u0131n\u0131 co\u015ftururdu. \u00c7\u0131kard\u0131\u011f\u0131 alb\u00fcmlerindeki \u015fark\u0131lar\u0131n\u0131n yan\u0131 s\u0131ra t\u00fcrk\u00fc de seslendiren Ceceli, Mersinlilere e\u011flenceli dolu dakikalar ya\u015fatt\u0131.<\/span><\/p>\n","protected":false},"excerpt":{"rendered":"<p>Mersin&#8217;de B\u00fcy\u00fck\u015fehir Belediyesi taraf\u0131ndan d\u00fczenlenen Ramazan etkinlikleri kapsam\u0131nda sahne alan Mustafa Ceceli, l\u00f6semi hastas\u0131 hayran\u0131 8 ya\u015f\u0131ndaki Beng\u00fcl Kader Bayram ile sahnede bulu\u015farak, k\u00fc\u00e7\u00fck k\u0131z\u0131n hayalini ger\u00e7ekle\u015ftirdi. 3 y\u0131ld\u0131r l\u00f6semi &hellip; <a href=\"https:\/\/akdenizolaygazetesi.com\/?p=1396\" class=\"more-link\">Devam\u0131n\u0131 Oku&#8230;<\/a><\/p>\n","protected":false},"author":1,"featured_media":0,"comment_status":"open","ping_status":"open","sticky":false,"template":"","format":"standard","meta":[],"categories":[],"tags":[],"_links":{"self":[{"href":"https:\/\/akdenizolaygazetesi.com\/index.php?rest_route=\/wp\/v2\/posts\/1396"}],"collection":[{"href":"https:\/\/akdenizolaygazetesi.com\/index.php?rest_route=\/wp\/v2\/posts"}],"about":[{"href":"https:\/\/akdenizolaygazetesi.com\/index.php?rest_route=\/wp\/v2\/types\/post"}],"author":[{"embeddable":true,"href":"https:\/\/akdenizolaygazetesi.com\/index.php?rest_route=\/wp\/v2\/users\/1"}],"replies":[{"embeddable":true,"href":"https:\/\/akdenizolaygazetesi.com\/index.php?rest_route=%2Fwp%2Fv2%2Fcomments&post=1396"}],"version-history":[{"count":0,"href":"https:\/\/akdenizolaygazetesi.com\/index.php?rest_route=\/wp\/v2\/posts\/1396\/revisions"}],"wp:attachment":[{"href":"https:\/\/akdenizolaygazetesi.com\/index.php?rest_route=%2Fwp%2Fv2%2Fmedia&parent=1396"}],"wp:term":[{"taxonomy":"category","embeddable":true,"href":"https:\/\/akdenizolaygazetesi.com\/index.php?rest_route=%2Fwp%2Fv2%2Fcategories&post=1396"},{"taxonomy":"post_tag","embeddable":true,"href":"https:\/\/akdenizolaygazetesi.com\/index.php?rest_route=%2Fwp%2Fv2%2Ftags&post=1396"}],"curies":[{"name":"wp","href":"https:\/\/api.w.org\/{rel}","templated":true}]}}