{"id":13960,"date":"2021-09-01T10:42:30","date_gmt":"2021-09-01T07:42:30","guid":{"rendered":"http:\/\/akdenizolaygazetesi.com\/?p=13960"},"modified":"2021-09-01T10:42:30","modified_gmt":"2021-09-01T07:42:30","slug":"toroslardan-cem-evinde-asure-programi","status":"publish","type":"post","link":"https:\/\/akdenizolaygazetesi.com\/?p=13960","title":{"rendered":"TOROSLAR\u2019DAN CEM EV\u0130\u2019NDE A\u015eURE PROGRAMI"},"content":{"rendered":"<p>Toroslar Belediyesi ile Alevi K\u00fclt\u00fcr Dernekleri Toroslar \u015eubesi\u2019nin Muharrem ay\u0131 dolay\u0131s\u0131yla geleneksel olarak organize etti\u011fi a\u015fure program\u0131nda birlik ve beraberlik mesajlar\u0131 verildi.<\/p>\n<p>Toroslar Cem Evi&#8217;nde ger\u00e7ekle\u015ftirilen program, yo\u011fun ilgi g\u00f6rd\u00fc. Kazanlarda kaynat\u0131lan a\u015fureler, davetlilere ikram edildi, payla\u015fman\u0131n en g\u00fczel \u00f6rne\u011fi sergilendi.<\/p>\n<p>Kent protokol\u00fcn\u00fcn de kat\u0131ld\u0131\u011f\u0131 program\u0131n a\u00e7\u0131l\u0131\u015f konu\u015fmas\u0131n\u0131 Alevi K\u00fclt\u00fcr Dernekleri Toroslar \u015eube Ba\u015fkan\u0131 H\u00fcseyin De\u011ferli yapt\u0131. De\u011ferli, kendilerinin her zaman yan\u0131nda olan Toroslar Belediye Ba\u015fkan\u0131 Ats\u0131z Af\u015f\u0131n Y\u0131lmaz\u2019a te\u015fekk\u00fcr ederek; \u201cBu g\u00fczel Anadolu topraklar\u0131nda beraber ya\u015fayal\u0131m, \u00fclkemize, cumhuriyetimize ve bayra\u011f\u0131m\u0131za sahip \u00e7\u0131kal\u0131m. Say\u0131n Ba\u015fkan\u0131m\u0131z Ats\u0131z Af\u015f\u0131n Y\u0131lmaz\u2019a a\u015fure program\u0131m\u0131za sundu\u011fu katk\u0131lar\u0131ndan dolay\u0131 te\u015fekk\u00fcr ediyorum\u201d dedi<\/p>\n<p>\u201cBizi G\u00fc\u00e7l\u00fc K\u0131lan Ho\u015fg\u00f6r\u00fcm\u00fcz ve Karde\u015fli\u011fimizdir\u201d<\/p>\n<p>Toroslar Belediye Ba\u015fkan\u0131 Ats\u0131z Af\u015f\u0131n Y\u0131lmaz da, a\u015furenin, payla\u015fman\u0131n, dayan\u0131\u015fman\u0131n, karde\u015fli\u011fin, ho\u015fg\u00f6r\u00fcn\u00fcn ve bereketin simgesi oldu\u011funu belirterek, birlik ve beraberli\u011fin daim olmas\u0131n\u0131 diledi.<\/p>\n<p>Ba\u015fkan Y\u0131lmaz; \u201cAllah tuttu\u011funuz oru\u00e7lar\u0131 kabul eylesin. Ho\u015fg\u00f6r\u00fc ay\u0131 olan Muharrem ay\u0131nda Toroslar Cem evi ile birlikte geleneksel olarak d\u00fczenledi\u011fimiz a\u015fure etkinli\u011fimizi yapt\u0131k. Birlik ve beraberlik i\u00e7inde bir arada olman\u0131n mutlulu\u011funu ya\u015f\u0131yoruz. T\u00fcm hem\u015fehrilerimi sayg\u0131, sevgi ve muhabbetle selaml\u0131yorum\u201d dedi.<\/p>\n<p>Antalya Aksu Kaymakaml\u0131\u011f\u0131na atanan Kaymakam Ahmet Hikmet \u015eahin\u2019e yeni g\u00f6rev yerinde ba\u015far\u0131lar\u0131n\u0131n devam\u0131n\u0131 da dileyen Ba\u015fkan Y\u0131lmaz; \u201cSay\u0131n Kaymakam\u0131m\u0131zla ger\u00e7ekten \u00e7ok uyumlu \u00e7al\u0131\u015ft\u0131k. \u00d6zellikle pandemi ve tam kapanma s\u00fcreci ola\u011fan\u00fcst\u00fc d\u00f6nemdi. Bu vir\u00fcs\u00fcn ne oldu\u011funu bilmedi\u011fimiz, her g\u00fcn oturup fikir al\u0131\u015fveri\u015finde bulundu\u011fumuz g\u00fcnlerdi. O g\u00fcnlerde bize a\u011fabeyli\u011fiyle, liderli\u011fiyle ba\u015far\u0131l\u0131 bir \u00e7al\u0131\u015fma yapma imkan\u0131 sundu. Kendisine yeniden \u015fahs\u0131m, belediyemiz, il\u00e7emiz ve Mersin ad\u0131na can\u0131 g\u00f6n\u00fclden \u015f\u00fckranlar\u0131m\u0131 sunuyor, ba\u015far\u0131lar\u0131n\u0131n devam\u0131n\u0131 diliyorum\u201d \u015feklinde konu\u015ftu.<\/p>\n<p>Alevi K\u00fclt\u00fcr Dernekleri Genel Sekreteri Ali \u00d6zveren de a\u015furenin, dostlu\u011fa, karde\u015fli\u011fe ve bar\u0131\u015fa vesile olmas\u0131n\u0131 diledi.<\/p>\n<p>Kaymakam \u015eahin; \u201cToroslar\u2019da G\u00f6rev Yapmaktan \u00c7ok Mutlu Oldum\u201d<\/p>\n<p>Antalya\u2019n\u0131n Aksu il\u00e7esine atanan Toroslar Kaymakam\u0131 Ahmet Hikmet \u015eahin de Toroslar\u2019dan ayr\u0131lacak olman\u0131n buruklu\u011funu ya\u015fad\u0131\u011f\u0131n\u0131 belirterek; \u201c\u0130n\u015fallah birlik ve beraberli\u011fimiz devam edecek. \u00c7ok sevdi\u011fim Mersin\u2019den, Toroslar\u2019dan ayr\u0131lacak olmaktan dolay\u0131 \u00e7ok \u00fczg\u00fcn\u00fcm ama dostluklar\u0131m\u0131z\u0131 da geride b\u0131rakm\u0131yoruz. B\u00fct\u00fcn dostlar\u0131m\u0131, kalbimde, y\u00fcre\u011fimde ta\u015f\u0131yarak gidece\u011fim. \u0130n\u015fallah orada da bir araya geliriz. Burada ailem ve ben \u00e7ok mutlu oldum. Hepinize \u00e7ok te\u015fekk\u00fcr ediyorum\u201d diye konu\u015ftu.<\/p>\n<p>Konu\u015fmalar\u0131n ard\u0131ndan semah g\u00f6sterileriyle devam eden programda davetlilere a\u015fure ikram\u0131 yap\u0131ld\u0131.<\/p>\n","protected":false},"excerpt":{"rendered":"<p>Toroslar Belediyesi ile Alevi K\u00fclt\u00fcr Dernekleri Toroslar \u015eubesi\u2019nin Muharrem ay\u0131 dolay\u0131s\u0131yla geleneksel olarak organize etti\u011fi a\u015fure program\u0131nda birlik ve beraberlik mesajlar\u0131 verildi. Toroslar Cem Evi&#8217;nde ger\u00e7ekle\u015ftirilen program, yo\u011fun ilgi g\u00f6rd\u00fc. &hellip; <a href=\"https:\/\/akdenizolaygazetesi.com\/?p=13960\" class=\"more-link\">Devam\u0131n\u0131 Oku&#8230;<\/a><\/p>\n","protected":false},"author":2,"featured_media":13961,"comment_status":"open","ping_status":"open","sticky":false,"template":"","format":"standard","meta":[],"categories":[3,5],"tags":[],"_links":{"self":[{"href":"https:\/\/akdenizolaygazetesi.com\/index.php?rest_route=\/wp\/v2\/posts\/13960"}],"collection":[{"href":"https:\/\/akdenizolaygazetesi.com\/index.php?rest_route=\/wp\/v2\/posts"}],"about":[{"href":"https:\/\/akdenizolaygazetesi.com\/index.php?rest_route=\/wp\/v2\/types\/post"}],"author":[{"embeddable":true,"href":"https:\/\/akdenizolaygazetesi.com\/index.php?rest_route=\/wp\/v2\/users\/2"}],"replies":[{"embeddable":true,"href":"https:\/\/akdenizolaygazetesi.com\/index.php?rest_route=%2Fwp%2Fv2%2Fcomments&post=13960"}],"version-history":[{"count":1,"href":"https:\/\/akdenizolaygazetesi.com\/index.php?rest_route=\/wp\/v2\/posts\/13960\/revisions"}],"predecessor-version":[{"id":13962,"href":"https:\/\/akdenizolaygazetesi.com\/index.php?rest_route=\/wp\/v2\/posts\/13960\/revisions\/13962"}],"wp:featuredmedia":[{"embeddable":true,"href":"https:\/\/akdenizolaygazetesi.com\/index.php?rest_route=\/wp\/v2\/media\/13961"}],"wp:attachment":[{"href":"https:\/\/akdenizolaygazetesi.com\/index.php?rest_route=%2Fwp%2Fv2%2Fmedia&parent=13960"}],"wp:term":[{"taxonomy":"category","embeddable":true,"href":"https:\/\/akdenizolaygazetesi.com\/index.php?rest_route=%2Fwp%2Fv2%2Fcategories&post=13960"},{"taxonomy":"post_tag","embeddable":true,"href":"https:\/\/akdenizolaygazetesi.com\/index.php?rest_route=%2Fwp%2Fv2%2Ftags&post=13960"}],"curies":[{"name":"wp","href":"https:\/\/api.w.org\/{rel}","templated":true}]}}