{"id":13963,"date":"2021-09-01T10:45:03","date_gmt":"2021-09-01T07:45:03","guid":{"rendered":"http:\/\/akdenizolaygazetesi.com\/?p=13963"},"modified":"2021-09-01T10:45:03","modified_gmt":"2021-09-01T07:45:03","slug":"oguz-aksac-konseri-3-eylulde","status":"publish","type":"post","link":"https:\/\/akdenizolaygazetesi.com\/?p=13963","title":{"rendered":"&#8220;O\u011fuz Aksa\u00e7 konseri 3 Eyl\u00fcl&#8217;de&#8221;"},"content":{"rendered":"<p>Akdeniz&#8217;de Yaz Ak\u015famlar\u0131 etkinliklerinin co\u015fkusu 30 A\u011fustos Zafer Bayram\u0131&#8217;nda da katlanarak devam etti. Etkinlik kapsam\u0131nda Adanal\u0131o\u011flu&#8217;nda ger\u00e7ekle\u015fen G\u00fcne\u015f Korosu ve Kibrit Kutusu m\u00fczik gruplar\u0131n\u0131n konserleri b\u00fcy\u00fck ilgi g\u00f6rd\u00fc.<br \/>\nAkdeniz Belediyesi K\u00fclt\u00fcr ve Sosyal \u0130\u015fler M\u00fcd\u00fcrl\u00fc\u011f\u00fc&#8217;nce organize edilen ve il\u00e7enin bir\u00e7ok mahallesinde de etkinliklerin b\u00fcy\u00fck bir heyecan ve co\u015fkuyla devam etti\u011fi Akdeniz&#8217;de Yaz Ak\u015famlar\u0131 programlar\u0131, 30 A\u011fustos Zafer Bayram\u0131&#8217;nda da Adanal\u0131o\u011flu Mahallesi&#8217;nde b\u00fcy\u00fck ilgi g\u00f6rd\u00fc. Re\u015fit Can \u0130lk\u00f6\u011fretim Okulu&#8217;nda, G\u00fcne\u015f Korosu ve Kibrit Kutusu m\u00fczik gruplar\u0131n\u0131n konserlerinde keyifli anlar ya\u015fand\u0131. Program sonunda vatanda\u015flar ellerinde T\u00fcrk Bayraklar\u0131 ile hep bir a\u011f\u0131zdan 10. Y\u0131l Mar\u015f\u0131&#8217;n\u0131 s\u00f6yleyerek m\u00fczik gruplar\u0131na e\u015flik etti.<br \/>\nBa\u015fkan Mustafa G\u00fcltak ise 30 A\u011fustos Zafer Bayram\u0131 dolay\u0131s\u0131 ile yapt\u0131\u011f\u0131 a\u00e7\u0131klamada, &#8220;Ba\u011f\u0131ms\u0131zl\u0131k i\u00e7in sarf etti\u011fimiz m\u00fccadele ile T\u00fcrkiye; d\u00fcnyan\u0131n bir\u00e7ok \u00fclkesi i\u00e7in umut \u0131\u015f\u0131\u011f\u0131 olmu\u015ftur. Bizler ne \u015fansl\u0131y\u0131z ki; tarihi \u015fanl\u0131 zaferlerle dolu bir milletin evlatlar\u0131y\u0131z. Bu kutsal vatan\u0131m\u0131za sonsuza kadar sahip \u00e7\u0131kmaya ve \u00fclkemizi \u00e7a\u011fda\u015f medeniyetler seviyesine ula\u015ft\u0131rmak i\u00e7in var g\u00fcc\u00fcm\u00fczle \u00e7al\u0131\u015fmaya devam edece\u011fiz. Ba\u015fta Gazi Mustafa Kemal Atat\u00fcrk ve silah arkada\u015flar\u0131 olmak \u00fczere, vatan topra\u011f\u0131 u\u011fruna can\u0131n\u0131 veren \u015fehitlerimizi rahmetle, gazilerimizi de minnetle an\u0131yorum. 30 A\u011fustos Zafer Bayram\u0131m\u0131z kutlu olsun&#8221; diye konu\u015ftu.<br \/>\n&#8220;O\u011fuz Aksa\u00e7 konseri 3 Eyl\u00fcl&#8217;de&#8221;<br \/>\nAkdeniz&#8217;de Yaz Ak\u015famlar\u0131 etkinlikleri kapsam\u0131nda K\u00fclt\u00fcr ve Sosyal \u0130\u015fler M\u00fcd\u00fcrl\u00fc\u011f\u00fc taraf\u0131ndan verilen bilgiye g\u00f6re, 01 Eyl\u00fcl \u00c7ar\u015famba g\u00fcn\u00fc saat 20:30&#8217;da Yenita\u015fkent Yusuf Bay\u0131k Orta Okulu&#8217;nda &#8220;Organize \u0130\u015fler Sazan Sarmal\u0131&#8221; filminin g\u00f6sterimi ger\u00e7ekle\u015ftirilecekken, 02 Eyl\u00fcl Per\u015fembe g\u00fcn\u00fc saat 19:30&#8217;da Karaduvar Mahalle Muhtarl\u0131\u011f\u0131 \u00f6n\u00fcnde &#8220;Kibrit Kutusu&#8221; m\u00fczik grubunun konseri, 20:30&#8217;da ise &#8220;Organize \u0130\u015fler Sazan Sarmal\u0131&#8221; filminin g\u00f6sterimi ger\u00e7ekle\u015fecek.  03 Eyl\u00fcl Cuma g\u00fcn\u00fc saat 20:30&#8217;da ise Mersin Millet Bah\u00e7esi&#8217;nde O\u011fuz Aksa\u00e7 konserinin olaca\u011f\u0131n\u0131 bildiren Akdeniz Belediyesi K\u00fclt\u00fcr ve Sosyal \u0130\u015fler M\u00fcd\u00fcrl\u00fc\u011f\u00fc, etkinliklerin \u00fccretsiz oldu\u011funu da duyurdu. <\/p>\n","protected":false},"excerpt":{"rendered":"<p>Akdeniz&#8217;de Yaz Ak\u015famlar\u0131 etkinliklerinin co\u015fkusu 30 A\u011fustos Zafer Bayram\u0131&#8217;nda da katlanarak devam etti. Etkinlik kapsam\u0131nda Adanal\u0131o\u011flu&#8217;nda ger\u00e7ekle\u015fen G\u00fcne\u015f Korosu ve Kibrit Kutusu m\u00fczik gruplar\u0131n\u0131n konserleri b\u00fcy\u00fck ilgi g\u00f6rd\u00fc. Akdeniz Belediyesi &hellip; <a href=\"https:\/\/akdenizolaygazetesi.com\/?p=13963\" class=\"more-link\">Devam\u0131n\u0131 Oku&#8230;<\/a><\/p>\n","protected":false},"author":2,"featured_media":13964,"comment_status":"open","ping_status":"open","sticky":false,"template":"","format":"standard","meta":[],"categories":[3,5],"tags":[],"_links":{"self":[{"href":"https:\/\/akdenizolaygazetesi.com\/index.php?rest_route=\/wp\/v2\/posts\/13963"}],"collection":[{"href":"https:\/\/akdenizolaygazetesi.com\/index.php?rest_route=\/wp\/v2\/posts"}],"about":[{"href":"https:\/\/akdenizolaygazetesi.com\/index.php?rest_route=\/wp\/v2\/types\/post"}],"author":[{"embeddable":true,"href":"https:\/\/akdenizolaygazetesi.com\/index.php?rest_route=\/wp\/v2\/users\/2"}],"replies":[{"embeddable":true,"href":"https:\/\/akdenizolaygazetesi.com\/index.php?rest_route=%2Fwp%2Fv2%2Fcomments&post=13963"}],"version-history":[{"count":1,"href":"https:\/\/akdenizolaygazetesi.com\/index.php?rest_route=\/wp\/v2\/posts\/13963\/revisions"}],"predecessor-version":[{"id":13965,"href":"https:\/\/akdenizolaygazetesi.com\/index.php?rest_route=\/wp\/v2\/posts\/13963\/revisions\/13965"}],"wp:featuredmedia":[{"embeddable":true,"href":"https:\/\/akdenizolaygazetesi.com\/index.php?rest_route=\/wp\/v2\/media\/13964"}],"wp:attachment":[{"href":"https:\/\/akdenizolaygazetesi.com\/index.php?rest_route=%2Fwp%2Fv2%2Fmedia&parent=13963"}],"wp:term":[{"taxonomy":"category","embeddable":true,"href":"https:\/\/akdenizolaygazetesi.com\/index.php?rest_route=%2Fwp%2Fv2%2Fcategories&post=13963"},{"taxonomy":"post_tag","embeddable":true,"href":"https:\/\/akdenizolaygazetesi.com\/index.php?rest_route=%2Fwp%2Fv2%2Ftags&post=13963"}],"curies":[{"name":"wp","href":"https:\/\/api.w.org\/{rel}","templated":true}]}}