{"id":13966,"date":"2021-09-01T10:46:50","date_gmt":"2021-09-01T07:46:50","guid":{"rendered":"http:\/\/akdenizolaygazetesi.com\/?p=13966"},"modified":"2021-09-01T10:46:50","modified_gmt":"2021-09-01T07:46:50","slug":"zafer-coskusu-toroslari-sardi","status":"publish","type":"post","link":"https:\/\/akdenizolaygazetesi.com\/?p=13966","title":{"rendered":"&#8220;ZAFER CO\u015eKUSU TOROSLAR&#8217;I SARDI&#8221;"},"content":{"rendered":"<p>Toroslar Belediyesi, Zafer Haftas\u0131 etkinliklerine, &#8220;Geleneksel Karakucak G\u00fcre\u015fleri&#8221; ile damga vurdu. Etkinli\u011fe, T\u00fcrkiye&#8217;nin d\u00f6rt bir yan\u0131ndan gelen 810 pehlivan kat\u0131ld\u0131. Sporcular, minikler, y\u0131ld\u0131zlar ve b\u00fcy\u00fckler kategorilerinde yar\u0131\u015farak er meydan\u0131nda boy g\u00f6sterdi.<\/p>\n<p>Toroslar Belediye Ba\u015fkan\u0131 Ats\u0131z Af\u015f\u0131n Y\u0131lmaz, ama\u00e7lar\u0131n\u0131n ata sporu g\u00fcre\u015fi gen\u00e7lere sevdirmek oldu\u011funu belirterek; &#8220;Hem zaferimizi kutluyoruz hem de ata sporumuzu ya\u015fat\u0131yoruz&#8221; dedi.<\/p>\n<p>Toroslar Belediyesi&#8217;nin, Ayvagedi\u011fi, So\u011fucak ve G\u00f6zne Mahalleleri&#8217;nde 3 g\u00fcn \u00fcst \u00fcste organize etti\u011fi g\u00fcre\u015fler, 30 A\u011fustos Zafer Bayram\u0131&#8217;n\u0131n 99&#8217;uncu y\u0131l d\u00f6n\u00fcm\u00fcnde co\u015fkuyla sonland\u0131.<\/p>\n<p>7&#8217;den 70&#8217;e yo\u011fun ilgi g\u00f6ren g\u00fcre\u015f m\u00fcsabakalar\u0131nda, atalar\u0131m\u0131z\u0131n destans\u0131 zaferi an\u0131s\u0131na m\u00fccadele eden sporcular, zaferin y\u0131l d\u00f6n\u00fcm\u00fcnde G\u00f6zne Mahallesi&#8217;ndeki er meydan\u0131na \u00e7\u0131karak, g\u00fcre\u015f severlere unutulmaz bir g\u00fcn ya\u015fatt\u0131.<\/p>\n<p>Toroslar Belediye Ba\u015fkan\u0131 Ats\u0131z Af\u015f\u0131n Y\u0131lmaz, t\u00fcm sporcularla yak\u0131ndan ilgilenerek tebrik etti ve ba\u015far\u0131lar\u0131n\u0131n devam\u0131n\u0131 diledi.<\/p>\n<p>T\u00fcrk g\u00fcre\u015finin efsane isimlerinin de yer ald\u0131\u011f\u0131 g\u00fcre\u015f m\u00fcsabakalar\u0131n\u0131, MHP Mersin Milletvekilleri Baki \u015eim\u015fek ve Olcay K\u0131lavuz, MHP MYK \u00dcyesi Serdar Soydan, \u00dclk\u00fc Ocaklar\u0131 Genel Ba\u015fkan Yard\u0131mc\u0131s\u0131 Emre Y\u00fcksel, Genel Sekreter Yard\u0131mc\u0131lar\u0131 Melik\u015fah Ebubekir Din\u00e7er ve Mehmet Demircio\u011flu, Mersin \u00dclk\u00fc Ocaklar\u0131 Ba\u015fkan\u0131 Murat Sezer, MHP Toroslar \u0130l\u00e7e Ba\u015fkan\u0131 H\u00fcsn\u00fc Do\u011fan, MHP Tarsus \u0130l\u00e7e Ba\u015fkan\u0131 Mehmet \u00c7elik, Mersin \u0130l M\u00fcft\u00fcs\u00fc \u015eaban Kondi, Toroslar \u0130l\u00e7e Milli E\u011fitim M\u00fcd\u00fcr\u00fc Nazmi Kendigelen, Toroslar \u00dclk\u00fc Ocaklar\u0131 Ba\u015fkan\u0131 Vural Koparan, Cumhur \u0130ttifak\u0131 B\u00fcy\u00fck\u015fehir Belediye Ba\u015fkan Aday\u0131 Hamit Tuna, belediye meclis \u00fcyeleri, mahalle muhtarlar\u0131, sendika ba\u015fkanlar\u0131 ve \u00e7ok say\u0131da vatanda\u015f takip etti.<\/p>\n<p>Ayvagedi\u011fi Mahallesi&#8217;nde Geleneksel Karakucak G\u00fcre\u015fleri ile ba\u015flayan etkinlik,  So\u011fucak Mahallesi&#8217;nde d\u00fczenlenen 7. Geleneksel Karakucak G\u00fcre\u015fleri ve T\u00fcrkiye Y\u0131ld\u0131zlar \u015eampiyonas\u0131&#8217;n\u0131n ard\u0131ndan zaferin y\u0131l d\u00f6n\u00fcm\u00fcnde G\u00f6zne Mahallesi&#8217;ndeki g\u00fcre\u015f m\u00fcsabakalar\u0131 ile ta\u00e7land\u0131.<\/p>\n<p>&#8220;Er Meydan\u0131, T\u00fcrk Bayraklar\u0131 ve Mar\u015flarla \u0130nledi&#8221;<\/p>\n<p>G\u00f6zne G\u00fcre\u015f alan\u0131 T\u00fcrk bayraklar\u0131yla k\u0131rm\u0131z\u0131 beyaza boyand\u0131. G\u00fcre\u015fler, Toroslar Belediyesi Halk Oyunlar\u0131 ekibinin g\u00f6sterisiyle \u015fenlendi.<\/p>\n<p>Toroslar Belediye Ba\u015fkan\u0131 Ats\u0131z Af\u015f\u0131n Y\u0131lmaz, protokol \u00fcyeleri ve vatanda\u015flarla birlikte mar\u015flar e\u015fli\u011finde T\u00fcrk bayraklar\u0131n\u0131 sallayarak, 30 A\u011fustos Zaferini co\u015fkuyla kutlad\u0131.<\/p>\n<p>Sayg\u0131 Duru\u015fu ve \u0130stiklal Mar\u015f\u0131&#8217;n\u0131n ard\u0131ndan konu\u015fmalara ge\u00e7ildi. Mahalle muhtarlar\u0131, Toroslar Belediye Ba\u015fkan\u0131 Ats\u0131z Af\u015f\u0131n Y\u0131lmaz&#8217;a, g\u00fcre\u015f m\u00fcsabakalar\u0131n\u0131 yaylalarda ta\u00e7land\u0131rd\u0131\u011f\u0131 i\u00e7in te\u015fekk\u00fcr etti.<\/p>\n<p>&#8220;Bu Topraklardan Yeni Pehlivanlar \u00c7\u0131kacak&#8221;<\/p>\n<p>Toroslar Belediye Ba\u015fkan\u0131 Ats\u0131z Af\u015f\u0131n Y\u0131lmaz da t\u00fcm hem\u015fehrilerine seslenerek, 30 A\u011fustos Zafer Bayram\u0131&#8217;n\u0131 kutlad\u0131.<\/p>\n<p>&#8220;A\u011fustos ay\u0131, T\u00fcrk&#8217;\u00fcn zafer ay\u0131d\u0131r&#8221; diyen Ba\u015fkan Y\u0131lmaz; &#8220;3 g\u00fcn \u00fcst \u00fcste d\u00fczenledi\u011fimiz g\u00fcre\u015f m\u00fcsabakalar\u0131yla Zafer Haftas\u0131&#8217;n\u0131 kutlad\u0131k. A\u011fustos Ay\u0131, T\u00fcrk&#8217;\u00fcn zafer ay\u0131d\u0131r. 1071&#8217;de Sultan Alpraslan, Malazgirt&#8217;te Bizans \u0130mparatoruna kar\u015f\u0131 b\u00fcy\u00fck bir zafer kazanarak Anadolu&#8217;nun kap\u0131lar\u0131n\u0131 atalar\u0131m\u0131za a\u00e7t\u0131. Anadolu, ebediyen T\u00fcrk yurdu oldu. Sultan Alparslan&#8217;\u0131 ve ad\u0131n\u0131 ta\u015f\u0131maktan \u015feref duydu\u011fum komutan\u0131 Af\u015f\u0131n Bey&#8217;i, t\u00fcm \u015fehitlerimizi, gazilerimizi rahmetle, minnetle an\u0131yorum. 30 A\u011fustos&#8217;ta \u00fclkemizin her yeri d\u00fc\u015fman taraf\u0131ndan i\u015fgal edilmi\u015fken, her evde bir \u015fehit varken, kimisi Yemen&#8217;de, kimisi \u00c7anakkale&#8217;de, kimisi d\u00fcnyan\u0131n \u00e7e\u015fitli yerlerinde kalm\u0131\u015fken, milletimiz son askerle, son mermiyle, son kazma ve k\u00fcrekle kurtulu\u015f m\u00fccadelesi verdi. Ulu \u00d6nderimiz Gazi Mustafa Kemal Atat\u00fcrk&#8217;\u00fc ve t\u00fcm silah arkada\u015flar\u0131n\u0131 sayg\u0131yla, rahmetle an\u0131yorum. Bu etkinli\u011fimizin amac\u0131 hem zaferimizi kutlamak hem de bir gelene\u011fi ya\u015fatmak. \u00c7ocuklar\u0131m\u0131za zafer bilincini a\u015f\u0131lamak istiyoruz. Bug\u00fcn\u00fcn k\u0131ymetini bilmeleri, o g\u00fcnlerde verilen m\u00fccadeleyi anlamalar\u0131 ve idrak etmeleri gerekir. Etkinli\u011fimize kat\u0131lan t\u00fcm pehlivanlar\u0131m\u0131z\u0131, spor insanlar\u0131m\u0131z\u0131 ve de\u011ferli hem\u015fehrilerimi sayg\u0131 ve sevgiyle selaml\u0131yorum. 30 A\u011fustos Zafer Bayram\u0131m\u0131z kutlu olsun&#8221; diye konu\u015ftu.<\/p>\n<p>&#8220;\u00c7ocuklar\u0131m\u0131z\u0131 G\u00fcre\u015fe Y\u00f6nlendirelim&#8221;<\/p>\n<p>Ba\u015fkan Y\u0131lmaz, Toroslar Belediyesi Spor Kul\u00fcb\u00fc b\u00fcnyesinde g\u00fcre\u015f bran\u015f\u0131nda da e\u011fitim verdiklerinin bilgisini vererek; &#8220;Milli g\u00fcre\u015f\u00e7imiz, gen\u00e7lerimize spor kul\u00fcb\u00fcm\u00fcz b\u00fcnyesinde g\u00fcre\u015f e\u011fitimi veriyor. Antalya&#8217;dan Malatya&#8217;ya kadar bir\u00e7ok pehlivan yeti\u015ftirilmi\u015f bu topraklardan yeni pehlivanlar \u00e7\u0131kacak in\u015fallah&#8221; dedi.<\/p>\n<p>Milletvekili K\u0131lavuz; &#8220;Ba\u015fkan\u0131m\u0131z Ats\u0131z Af\u015f\u0131n Y\u0131lmaz ile Gurur Duyuyoruz&#8221;<\/p>\n<p>Daha sonra s\u00f6z alan MHP Mersin Milletvekili Olcay K\u0131lavuz da spora, sporcuya ve T\u00fcrk g\u00fcre\u015fine verdi\u011fi destekten dolay\u0131 Toroslar Belediye Ba\u015fkan\u0131 Ats\u0131z Af\u015f\u0131n Y\u0131lmaz&#8217;\u0131 kutlayarak; &#8220;Birlik; rahmet, bereket, zaferdir ve ba\u015far\u0131d\u0131r. Cenab-\u0131 Allah birli\u011fimizi, dirli\u011fimizi, huzurumuzu daim eylesin. Ba\u015fkan\u0131m\u0131z Ats\u0131z Af\u015f\u0131n Y\u0131lmaz, toplumumuzun her kesimine b\u00fcy\u00fck hizmetlerde bulunuyor. Belediye Meclis \u00dcyeleri, \u00e7al\u0131\u015fanlar\u0131 ile birlikte g\u00f6n\u00fcl seferberli\u011fi d\u00fczenlemi\u015f durumda. G\u00f6z kama\u015ft\u0131ran, g\u00f6\u011fs\u00fcm\u00fcz\u00fc kabartan hizmetler yap\u0131yor. Biz kendisiyle her zaman gurur duyuyoruz. Ankara&#8217;da d\u00fczenlenen Gen\u00e7 Dostu \u015eehirler Fikir ve Proje Yar\u0131\u015fmas\u0131&#8217;nda &#8220;Tekno Toroslar Projesiyle&#8221; Cumhurba\u015fkan\u0131 Recep Tayyip Erdo\u011fan&#8217;dan \u00f6d\u00fcl alan Ba\u015fkan\u0131m\u0131z\u0131 ayr\u0131ca kutluyorum. Allah yolunu, baht\u0131n\u0131 a\u00e7\u0131k eylesin&#8221; ifadelerini kulland\u0131.<\/p>\n<p>Milletvekili \u015eim\u015fek; &#8220;Ata Sporu G\u00fcre\u015f Toroslar&#8217;da Ya\u015fat\u0131l\u0131yor&#8221;<\/p>\n<p>T\u00fcm hem\u015fehrilerinin 30 A\u011fustos Zafer Bayram\u0131&#8217;n\u0131 tebrik eden  MHP Mersin Milletvekili Baki \u015eim\u015fek de g\u00fcre\u015fe sahip \u00e7\u0131kt\u0131\u011f\u0131 i\u00e7in Ba\u015fkan Y\u0131lmaz&#8217;a te\u015fekk\u00fcr ederek; &#8220;G\u00fcre\u015fe ve Anadolu \u00e7ocuklar\u0131na Cumhur \u0130ttifak\u0131 belediyeler sahip \u00e7\u0131k\u0131yor. Ats\u0131z Af\u015f\u0131n Y\u0131lmaz Ba\u015fkan\u0131m\u0131z da bu gelene\u011fi ya\u015fat\u0131yor. Ben kendisine te\u015fekk\u00fcr ediyorum. Anadolu \u00e7ocuklar\u0131, olimpiyatlardan madalyalarla d\u00f6n\u00fcyor, T\u00fcrk Bayra\u011f\u0131m\u0131z\u0131 g\u00f6ndere \u00e7ektiriyor, bizleri gururland\u0131r\u0131yorlar. Allah onlardan raz\u0131 olsun&#8221; diye konu\u015ftu.<\/p>\n<p>Konu\u015fmalar\u0131n ard\u0131ndan, g\u00fcre\u015f m\u00fcsabakalar\u0131na ge\u00e7ildi. Pehlivanlar, minikler, y\u0131ld\u0131zlar ve b\u00fcy\u00fckler kategorilerinde k\u0131yas\u0131ya m\u00fccadele etti.<\/p>\n<p>Er meydan\u0131nda, ba\u015fpehlivanl\u0131k g\u00fcre\u015fi \u00f6ncesi T\u00fcrk bayra\u011f\u0131 a\u00e7\u0131ld\u0131. Ba\u015fkan Y\u0131lmaz, sporculara malzeme hediye ederek, ba\u015far\u0131lar\u0131n\u0131n devam\u0131n\u0131 diledi.<\/p>\n<p>M\u00fcsabakalar\u0131n en renklisi ise sporda engelin olmad\u0131\u011f\u0131n\u0131 g\u00f6steren engelli sporcular\u0131n m\u00fccadelesi oldu. Ba\u015fkan Y\u0131lmaz, er meydan\u0131nda h\u00fcnerlerini sergileyen engelli sporcular\u0131 da tebrik ederek madalyayla \u00f6d\u00fcllendirdi.<\/p>\n<p>Ba\u015fkan Y\u0131lmaz daha sonra T\u00fcrk g\u00fcre\u015fine eme\u011fi ge\u00e7en 65 ya\u015f \u00fcst\u00fc spor adamlar\u0131na plaket takdim ederek, te\u015fekk\u00fcr etti.<\/p>\n<p>Heyecanl\u0131 ge\u00e7en Geleneksel Karakucak G\u00fcre\u015fleri, \u00f6d\u00fcl t\u00f6reni ile son buldu. Toroslar Belediye Ba\u015fkan\u0131 Ats\u0131z Af\u015f\u0131n Y\u0131lmaz, protokol \u00fcyeleriyle birlikte kategorilerinde dereceye giren sporculara madalya ve para \u00f6d\u00fcllerini verdi.<\/p>\n<p>G\u00fcre\u015f\u00e7iler de b\u00f6ylesi b\u00fcy\u00fck bir organizasyonda kendilerini bulu\u015fturdu\u011fu i\u00e7in Ba\u015fkan Y\u0131lmaz&#8217;a te\u015fekk\u00fcr etti.<\/p>\n","protected":false},"excerpt":{"rendered":"<p>Toroslar Belediyesi, Zafer Haftas\u0131 etkinliklerine, &#8220;Geleneksel Karakucak G\u00fcre\u015fleri&#8221; ile damga vurdu. Etkinli\u011fe, T\u00fcrkiye&#8217;nin d\u00f6rt bir yan\u0131ndan gelen 810 pehlivan kat\u0131ld\u0131. Sporcular, minikler, y\u0131ld\u0131zlar ve b\u00fcy\u00fckler kategorilerinde yar\u0131\u015farak er meydan\u0131nda boy &hellip; <a href=\"https:\/\/akdenizolaygazetesi.com\/?p=13966\" class=\"more-link\">Devam\u0131n\u0131 Oku&#8230;<\/a><\/p>\n","protected":false},"author":2,"featured_media":13967,"comment_status":"open","ping_status":"open","sticky":false,"template":"","format":"standard","meta":[],"categories":[3,5,10],"tags":[],"_links":{"self":[{"href":"https:\/\/akdenizolaygazetesi.com\/index.php?rest_route=\/wp\/v2\/posts\/13966"}],"collection":[{"href":"https:\/\/akdenizolaygazetesi.com\/index.php?rest_route=\/wp\/v2\/posts"}],"about":[{"href":"https:\/\/akdenizolaygazetesi.com\/index.php?rest_route=\/wp\/v2\/types\/post"}],"author":[{"embeddable":true,"href":"https:\/\/akdenizolaygazetesi.com\/index.php?rest_route=\/wp\/v2\/users\/2"}],"replies":[{"embeddable":true,"href":"https:\/\/akdenizolaygazetesi.com\/index.php?rest_route=%2Fwp%2Fv2%2Fcomments&post=13966"}],"version-history":[{"count":1,"href":"https:\/\/akdenizolaygazetesi.com\/index.php?rest_route=\/wp\/v2\/posts\/13966\/revisions"}],"predecessor-version":[{"id":13968,"href":"https:\/\/akdenizolaygazetesi.com\/index.php?rest_route=\/wp\/v2\/posts\/13966\/revisions\/13968"}],"wp:featuredmedia":[{"embeddable":true,"href":"https:\/\/akdenizolaygazetesi.com\/index.php?rest_route=\/wp\/v2\/media\/13967"}],"wp:attachment":[{"href":"https:\/\/akdenizolaygazetesi.com\/index.php?rest_route=%2Fwp%2Fv2%2Fmedia&parent=13966"}],"wp:term":[{"taxonomy":"category","embeddable":true,"href":"https:\/\/akdenizolaygazetesi.com\/index.php?rest_route=%2Fwp%2Fv2%2Fcategories&post=13966"},{"taxonomy":"post_tag","embeddable":true,"href":"https:\/\/akdenizolaygazetesi.com\/index.php?rest_route=%2Fwp%2Fv2%2Ftags&post=13966"}],"curies":[{"name":"wp","href":"https:\/\/api.w.org\/{rel}","templated":true}]}}