{"id":1397,"date":"2020-11-04T18:21:57","date_gmt":"2020-11-04T15:21:57","guid":{"rendered":"http:\/\/mersinekonomipolitikagazetesi.com\/?p=1397"},"modified":"2020-11-04T18:21:57","modified_gmt":"2020-11-04T15:21:57","slug":"vali-cakacaktan-yilin-babasina-ziyaret","status":"publish","type":"post","link":"https:\/\/akdenizolaygazetesi.com\/?p=1397","title":{"rendered":"Vali \u00c7akacak&#8217;tan &#8216;Y\u0131l\u0131n Babas\u0131&#8217;na ziyaret"},"content":{"rendered":"<p>Mersin Valisi \u00d6zdemir \u00c7akacak, 8 ya\u015f\u0131ndayken koruyucu aile olarak evlat edindi\u011fi k\u0131z\u0131 Kader\u2019e b\u00f6bre\u011fini veren, bu \u00f6rnek davran\u0131\u015fla da Aile ve Sosyal Politikalar Bakanl\u0131\u011f\u0131 taraf\u0131ndan &#8216;Y\u0131l\u0131n Babas\u0131&#8217; olarak \u00f6d\u00fcllendirilen Mustafa Boyraz\u2019\u0131 ziyaret ederek kutlad\u0131.<\/p>\n<p><span style=\"color: rgb(0, 0, 0); font-family: Tahoma, Arial, &quot;Times New Roman TUR&quot;, Verdana; font-size: 15px;\">Beraberinde e\u015fi Kevser \u00c7akacak ile birlikte Boyraz\u2019\u0131 75. Y\u0131l Mahallesi&#8217;ndeki evinde ziyaret eden Vali \u00c7akacak, lupus hastal\u0131\u011f\u0131 nedeniyle b\u00f6brek yetmezli\u011fi \u00e7eken 13 ya\u015f\u0131ndaki k\u0131z\u0131 Kader\u2019e b\u00f6bre\u011fini vererek sa\u011fl\u0131\u011f\u0131na kavu\u015fmas\u0131n\u0131 sa\u011flayan babay\u0131, fedakar davran\u0131\u015f\u0131ndan dolay\u0131 tebrik ederek, bu fedakarl\u0131k \u00f6rne\u011finin t\u00fcm insanl\u0131\u011fa \u00f6rnek te\u015fkil edebilecek bir davran\u0131\u015f oldu\u011funun alt\u0131n\u0131 \u00e7izdi.<\/span><br style=\"color: rgb(0, 0, 0); font-family: Tahoma, Arial, &quot;Times New Roman TUR&quot;, Verdana; font-size: 15px;\" \/><br \/>\n<span style=\"color: rgb(0, 0, 0); font-family: Tahoma, Arial, &quot;Times New Roman TUR&quot;, Verdana; font-size: 15px;\">Aile ve Sosyal Politikalar Bakanl\u0131\u011f\u0131n\u0131n \u2018Koruyucu Aile\u2019 uygulamas\u0131n\u0131n son derece faydal\u0131 ve ba\u015far\u0131l\u0131 bir uygulama oldu\u011funun \u00fczerinde duran Vali \u00c7akacak, bu sayede bir\u00e7ok \u00e7ocu\u011fun, yeni bir aileye kavu\u015farak gelece\u011fe daha b\u00fcy\u00fck umutlarla bakabildi\u011fini kaydetti.<\/span><br style=\"color: rgb(0, 0, 0); font-family: Tahoma, Arial, &quot;Times New Roman TUR&quot;, Verdana; font-size: 15px;\" \/><br \/>\n<span style=\"color: rgb(0, 0, 0); font-family: Tahoma, Arial, &quot;Times New Roman TUR&quot;, Verdana; font-size: 15px;\">\u2018Y\u0131l\u0131n Babas\u0131 \u00d6d\u00fcl\u00fc\u2019n\u00fc ge\u00e7ti\u011fimiz g\u00fcn ger\u00e7ekle\u015ftirilen Koruyucu Aile \u0130ftar Bulu\u015fmas\u0131nda, Aile ve Sosyal Politikalar Bakan\u0131 Fatma Bet\u00fcl Sayan Kaya&#8217;n\u0131n elinden alan Mustafa Boyraz ise ziyaretlerinden dolay\u0131 Vali \u00d6zdemir \u00c7akacak\u2019a te\u015fekk\u00fcrlerini sundu. Anne babal\u0131\u011f\u0131n sadece kan ba\u011f\u0131yla de\u011fil, can ba\u011f\u0131yla da m\u00fcmk\u00fcn oldu\u011funu ifade eden Boyraz, daha nice Kader\u2019lerin bu t\u00fcr yard\u0131mlara ihtiya\u00e7 duydu\u011funu, bu nedenle de organ ba\u011f\u0131\u015f\u0131 konusunda son derece duyarl\u0131 olunmas\u0131 gerekti\u011fini s\u00f6yledi.<\/span><br style=\"color: rgb(0, 0, 0); font-family: Tahoma, Arial, &quot;Times New Roman TUR&quot;, Verdana; font-size: 15px;\" \/><br \/>\n<span style=\"color: rgb(0, 0, 0); font-family: Tahoma, Arial, &quot;Times New Roman TUR&quot;, Verdana; font-size: 15px;\">Anne Azize Boyraz da Kader hayatlar\u0131na girdikten sonra, e\u015finin kurtulamaz denilen bir trafik kazas\u0131ndan kurtuldu\u011funu ve b\u00f6brek nakli i\u00e7in yap\u0131lan rutin tetkikler s\u0131ras\u0131nda tesad\u00fcfen safra kesesinde kanser te\u015fhisinin konuldu\u011funu, konulan erken te\u015fhis sayesinde de e\u015fi Mehmet Boyraz\u2019\u0131n bir kez daha hayata tutundu\u011funu ifade etti.<\/span><br style=\"color: rgb(0, 0, 0); font-family: Tahoma, Arial, &quot;Times New Roman TUR&quot;, Verdana; font-size: 15px;\" \/><br \/>\n<span style=\"color: rgb(0, 0, 0); font-family: Tahoma, Arial, &quot;Times New Roman TUR&quot;, Verdana; font-size: 15px;\">Rahats\u0131zl\u0131\u011f\u0131 nedeniyle bu ya\u015f\u0131na kadar \u00f6rg\u00fcn e\u011fitim alamayan, ancak evde g\u00f6rd\u00fc\u011f\u00fc e\u011fitim s\u00fcresince ba\u015far\u0131lar\u0131ndan dolay\u0131 takdir belgeleri bulunan Kader ise yeni ya\u015fam\u0131 i\u00e7in b\u00fcy\u00fck hayaller kurdu\u011funu, ge\u00e7ti\u011fimiz hafta girdi\u011fi bursluluk s\u0131nav\u0131n\u0131 kazanmas\u0131 halinde kazand\u0131\u011f\u0131 bursu ve \u00e7ok de\u011fer verdi\u011fi sa\u00e7lar\u0131n\u0131, hasta \u00e7ocuklara umut olmas\u0131 a\u00e7\u0131s\u0131ndan L\u00d6SEV\u2019e ba\u011f\u0131\u015flamak istedi\u011fini s\u00f6yledi.<\/span><\/p>\n","protected":false},"excerpt":{"rendered":"<p>Mersin Valisi \u00d6zdemir \u00c7akacak, 8 ya\u015f\u0131ndayken koruyucu aile olarak evlat edindi\u011fi k\u0131z\u0131 Kader\u2019e b\u00f6bre\u011fini veren, bu \u00f6rnek davran\u0131\u015fla da Aile ve Sosyal Politikalar Bakanl\u0131\u011f\u0131 taraf\u0131ndan &#8216;Y\u0131l\u0131n Babas\u0131&#8217; olarak \u00f6d\u00fcllendirilen Mustafa &hellip; <a href=\"https:\/\/akdenizolaygazetesi.com\/?p=1397\" class=\"more-link\">Devam\u0131n\u0131 Oku&#8230;<\/a><\/p>\n","protected":false},"author":1,"featured_media":0,"comment_status":"open","ping_status":"open","sticky":false,"template":"","format":"standard","meta":[],"categories":[],"tags":[],"_links":{"self":[{"href":"https:\/\/akdenizolaygazetesi.com\/index.php?rest_route=\/wp\/v2\/posts\/1397"}],"collection":[{"href":"https:\/\/akdenizolaygazetesi.com\/index.php?rest_route=\/wp\/v2\/posts"}],"about":[{"href":"https:\/\/akdenizolaygazetesi.com\/index.php?rest_route=\/wp\/v2\/types\/post"}],"author":[{"embeddable":true,"href":"https:\/\/akdenizolaygazetesi.com\/index.php?rest_route=\/wp\/v2\/users\/1"}],"replies":[{"embeddable":true,"href":"https:\/\/akdenizolaygazetesi.com\/index.php?rest_route=%2Fwp%2Fv2%2Fcomments&post=1397"}],"version-history":[{"count":0,"href":"https:\/\/akdenizolaygazetesi.com\/index.php?rest_route=\/wp\/v2\/posts\/1397\/revisions"}],"wp:attachment":[{"href":"https:\/\/akdenizolaygazetesi.com\/index.php?rest_route=%2Fwp%2Fv2%2Fmedia&parent=1397"}],"wp:term":[{"taxonomy":"category","embeddable":true,"href":"https:\/\/akdenizolaygazetesi.com\/index.php?rest_route=%2Fwp%2Fv2%2Fcategories&post=1397"},{"taxonomy":"post_tag","embeddable":true,"href":"https:\/\/akdenizolaygazetesi.com\/index.php?rest_route=%2Fwp%2Fv2%2Ftags&post=1397"}],"curies":[{"name":"wp","href":"https:\/\/api.w.org\/{rel}","templated":true}]}}