{"id":13978,"date":"2021-09-02T13:02:35","date_gmt":"2021-09-02T10:02:35","guid":{"rendered":"http:\/\/akdenizolaygazetesi.com\/?p=13978"},"modified":"2021-09-02T13:02:35","modified_gmt":"2021-09-02T10:02:35","slug":"baskan-yilmaz-birlikten-kuvvet-dogar","status":"publish","type":"post","link":"https:\/\/akdenizolaygazetesi.com\/?p=13978","title":{"rendered":"Ba\u015fkan Y\u0131lmaz: &#8220;Birlikten Kuvvet Do\u011far&#8221;"},"content":{"rendered":"<p>Spor Kul\u00fcb\u00fc b\u00fcnyesinde a\u00e7t\u0131\u011f\u0131 g\u00fcre\u015f bran\u015f\u0131 ile g\u00fcre\u015f alt yap\u0131s\u0131n\u0131 g\u00fc\u00e7lendiren Toroslar Belediye Ba\u015fkan\u0131 Ats\u0131z Af\u015f\u0131n Y\u0131lmaz, Zafer Haftas\u0131&#8217;nda ger\u00e7ekle\u015ftirdi\u011fi Geleneksel Karakucak G\u00fcre\u015fleri&#8217;ni 3 g\u00fcn boyunca hem\u015fehrileriyle bulu\u015fturdu.<\/p>\n<p>Toroslar Belediyesi taraf\u0131ndan d\u00fczenlenen &#8216;Geleneksel Karakucak G\u00fcre\u015fleri&#8217;, 810 pehlivan\u0131n kat\u0131l\u0131m\u0131yla ger\u00e7ekle\u015fti.<\/p>\n<p>30 A\u011fustos Zafer Bayram\u0131&#8217;n\u0131n 99&#8217;uncu y\u0131l d\u00f6n\u00fcm\u00fc dolay\u0131s\u0131yla Ayvagedi\u011fi, So\u011fucak ve G\u00f6zne Mahalleleri&#8217;nde \u00fc\u00e7 g\u00fcn \u00fcst \u00fcste s\u00fcren g\u00fcre\u015fler, k\u0131yas\u0131ya m\u00fccadeleye sahne oldu.<\/p>\n<p>T\u00fcrkiye Y\u0131ld\u0131zlar \u015eampiyonas\u0131&#8217;na da ev sahipli\u011fi yapan Toroslar Belediyesi, T\u00fcrkiye&#8217;nin d\u00f6rt bir yan\u0131ndan sporcular\u0131, g\u00fcre\u015f camias\u0131n\u0131n \u00f6nemli isimlerini ve g\u00fcre\u015f severleri Toroslar&#8217;da a\u011f\u0131rlad\u0131.<\/p>\n<p>Minikler, y\u0131ld\u0131zlar ve b\u00fcy\u00fckler kategorilerinde yap\u0131lan g\u00fcre\u015fler, b\u00fcy\u00fck bir spor organizasyonu olmas\u0131n\u0131n yan\u0131nda g\u00fczel bir turizm aktivitesi de oldu. G\u00fcre\u015f alan\u0131n\u0131 dolduran vatanda\u015flar, g\u00fcre\u015f m\u00fcsabakalar\u0131 ile heyecan dolu dakikalar ya\u015fad\u0131.<\/p>\n<p>Ba\u015f pehlivanlar\u0131n da yer ald\u0131\u011f\u0131 g\u00fcre\u015flerde dereceye giren sporcular, madalya ve para ile \u00f6d\u00fcllendirildi.<\/p>\n<p>Ba\u015fkan Y\u0131lmaz: &#8220;Birlikten Kuvvet Do\u011far&#8221;<\/p>\n<p>Toroslar Belediye Ba\u015fkan\u0131 Ats\u0131z Af\u015f\u0131n Y\u0131lmaz, T\u00fcrk sporu g\u00fcre\u015fin gelecek nesillere aktar\u0131lmas\u0131 i\u00e7in her t\u00fcrl\u00fc gayreti g\u00f6sterdiklerini s\u00f6yledi.<\/p>\n<p>Milli sporlar\u0131n geli\u015fmesinde bu t\u00fcr etkinliklerin \u00f6nemli katk\u0131lar sa\u011flad\u0131\u011f\u0131na dikkat \u00e7eken Ba\u015fkan Y\u0131lmaz; &#8220;Heyecan dolu g\u00fcre\u015f m\u00fcsabakalar\u0131n\u0131, Zafer Haftas\u0131 kapsam\u0131nda \u015fenli\u011fe d\u00f6n\u00fc\u015ft\u00fcrd\u00fck. Bu organizasyonlar, tarihi de\u011ferlere ev sahipli\u011fi yapan il\u00e7emizin ve kentimizin tan\u0131t\u0131m\u0131na da katk\u0131 sa\u011flamaktad\u0131r&#8221; dedi.<\/p>\n<p>G\u00fcre\u015f m\u00fcsabakalar\u0131na kat\u0131lan t\u00fcm sporculara te\u015fekk\u00fcr eden Ba\u015fkan Y\u0131lmaz; &#8220;Zafer Haftas\u0131&#8217;nda d\u00fczenledi\u011fimiz Karakucak G\u00fcre\u015flerimizi, 3 g\u00fcn boyunca hem\u015fehrilerimizle bulu\u015fturduk. Amac\u0131m\u0131z, ata sporumuzu ya\u015fatmak ve gelecek nesillere aktarmakt\u0131r. Bu m\u00fcsabakalarda \u00e7ocuklar\u0131m\u0131z\u0131n ve gen\u00e7lerimizin internet ortam\u0131nda de\u011fil, er meydan\u0131nda boy g\u00f6stermesi bizleri de mutlu etti. 30 A\u011fustos Zafer Bayram\u0131&#8217;nda Ulu \u00d6nder Gazi Mustafa Kemal Atat\u00fcrk&#8217;\u00fc, silah arkada\u015flar\u0131n\u0131, \u015fehit ve gazilerimizi rahmet ve  minnetle an\u0131yorum. Bizler onlar\u0131n emanet\u00e7ileriyiz. Birli\u011fimiz ve beraberli\u011fimiz daim olduk\u00e7a bu vatan ebediyen T\u00fcrk yurdu olacakt\u0131r. Nazl\u0131 bayra\u011f\u0131m\u0131z ebediyen dalgalanacakt\u0131r. Birlik ve beraberli\u011fimiz daim olsun&#8221; ifadelerini kulland\u0131.<\/p>\n","protected":false},"excerpt":{"rendered":"<p>Spor Kul\u00fcb\u00fc b\u00fcnyesinde a\u00e7t\u0131\u011f\u0131 g\u00fcre\u015f bran\u015f\u0131 ile g\u00fcre\u015f alt yap\u0131s\u0131n\u0131 g\u00fc\u00e7lendiren Toroslar Belediye Ba\u015fkan\u0131 Ats\u0131z Af\u015f\u0131n Y\u0131lmaz, Zafer Haftas\u0131&#8217;nda ger\u00e7ekle\u015ftirdi\u011fi Geleneksel Karakucak G\u00fcre\u015fleri&#8217;ni 3 g\u00fcn boyunca hem\u015fehrileriyle bulu\u015fturdu. Toroslar Belediyesi &hellip; <a href=\"https:\/\/akdenizolaygazetesi.com\/?p=13978\" class=\"more-link\">Devam\u0131n\u0131 Oku&#8230;<\/a><\/p>\n","protected":false},"author":2,"featured_media":13979,"comment_status":"open","ping_status":"open","sticky":false,"template":"","format":"standard","meta":[],"categories":[3,5,10],"tags":[],"_links":{"self":[{"href":"https:\/\/akdenizolaygazetesi.com\/index.php?rest_route=\/wp\/v2\/posts\/13978"}],"collection":[{"href":"https:\/\/akdenizolaygazetesi.com\/index.php?rest_route=\/wp\/v2\/posts"}],"about":[{"href":"https:\/\/akdenizolaygazetesi.com\/index.php?rest_route=\/wp\/v2\/types\/post"}],"author":[{"embeddable":true,"href":"https:\/\/akdenizolaygazetesi.com\/index.php?rest_route=\/wp\/v2\/users\/2"}],"replies":[{"embeddable":true,"href":"https:\/\/akdenizolaygazetesi.com\/index.php?rest_route=%2Fwp%2Fv2%2Fcomments&post=13978"}],"version-history":[{"count":1,"href":"https:\/\/akdenizolaygazetesi.com\/index.php?rest_route=\/wp\/v2\/posts\/13978\/revisions"}],"predecessor-version":[{"id":13980,"href":"https:\/\/akdenizolaygazetesi.com\/index.php?rest_route=\/wp\/v2\/posts\/13978\/revisions\/13980"}],"wp:featuredmedia":[{"embeddable":true,"href":"https:\/\/akdenizolaygazetesi.com\/index.php?rest_route=\/wp\/v2\/media\/13979"}],"wp:attachment":[{"href":"https:\/\/akdenizolaygazetesi.com\/index.php?rest_route=%2Fwp%2Fv2%2Fmedia&parent=13978"}],"wp:term":[{"taxonomy":"category","embeddable":true,"href":"https:\/\/akdenizolaygazetesi.com\/index.php?rest_route=%2Fwp%2Fv2%2Fcategories&post=13978"},{"taxonomy":"post_tag","embeddable":true,"href":"https:\/\/akdenizolaygazetesi.com\/index.php?rest_route=%2Fwp%2Fv2%2Ftags&post=13978"}],"curies":[{"name":"wp","href":"https:\/\/api.w.org\/{rel}","templated":true}]}}