{"id":1398,"date":"2020-11-04T18:21:57","date_gmt":"2020-11-04T15:21:57","guid":{"rendered":"http:\/\/mersinekonomipolitikagazetesi.com\/?p=1398"},"modified":"2020-11-04T18:21:57","modified_gmt":"2020-11-04T15:21:57","slug":"gazzeli-cocuklarin-bayram-hediyesi-mersin-limanindan-yola-cikti","status":"publish","type":"post","link":"https:\/\/akdenizolaygazetesi.com\/?p=1398","title":{"rendered":"Gazzeli \u00e7ocuklar\u0131n bayram hediyesi Mersin Liman\u0131\u2019ndan yola \u00e7\u0131kt\u0131"},"content":{"rendered":"<p>T\u00fcrkiye\u2019nin Filistin halk\u0131n\u0131n acil insani ihtiya\u00e7lar\u0131n\u0131 kar\u015f\u0131lamak ve Filistinli \u00e7ocuklara bayram hediyesi vermek \u00fczere haz\u0131rlad\u0131\u011f\u0131 10 bin ton insani yard\u0131m malzemesini ta\u015f\u0131yan \u015eefkat gemisi, Mersin Liman\u0131\u2019ndan Gazze\u2019ye u\u011furland\u0131. Ba\u015fbakan Yard\u0131mc\u0131s\u0131 Veysi Kaynak, Mersin\u2019den d\u00fcnyaya Katar ve Suriye mesaj\u0131 verdi.<\/p>\n<p><span style=\"color: rgb(0, 0, 0); font-family: Tahoma, Arial, &quot;Times New Roman TUR&quot;, Verdana; font-size: 15px;\">T\u00fcrkiye, Ramazan Bayram\u0131\u2019nda da Gazze\u2019yi yaln\u0131z b\u0131rakm\u0131yor. Filistin halk\u0131n\u0131n acil insani ihtiya\u00e7lar\u0131 i\u00e7in Ba\u015fbakanl\u0131k Afet ve Acil Durum Y\u00f6netimi Ba\u015fkanl\u0131\u011f\u0131 (AFAD) koordinasyonunda 10 bin tonluk insani yard\u0131m gemisi haz\u0131rland\u0131. \u00c7ocuklar i\u00e7in de oyuncaklar ve bayraml\u0131k k\u0131yafetler y\u00fcklenen Aqua Stella adl\u0131 \u2018\u015eefkat&#8217; gemisi, Ramazan Bayram\u0131\u2019nda Filistinlilere ula\u015ft\u0131r\u0131lmak \u00fczere Ba\u015fbakan Yard\u0131mc\u0131s\u0131 Veysi Kaynak\u2019\u0131n kat\u0131ld\u0131\u011f\u0131 t\u00f6renle Mersin Liman\u0131\u2019ndan Gazze\u2019nin Ashdod Liman\u0131\u2019na u\u011furland\u0131. T\u00f6rene Mersin Valisi \u00d6zdemir \u00c7akacak, AFAD Genel Ba\u015fkan Yard\u0131mc\u0131s\u0131 Fatih \u00d6zer, Mersin B\u00fcy\u00fck\u015fehir Belediye Ba\u015fkan\u0131 Burhanettin Kocamaz ve protokol \u00fcyeleri kat\u0131ld\u0131.<\/span><br style=\"color: rgb(0, 0, 0); font-family: Tahoma, Arial, &quot;Times New Roman TUR&quot;, Verdana; font-size: 15px;\" \/><br \/>\n<br style=\"color: rgb(0, 0, 0); font-family: Tahoma, Arial, &quot;Times New Roman TUR&quot;, Verdana; font-size: 15px;\" \/><br \/>\n<span style=\"color: rgb(0, 0, 0); font-family: Tahoma, Arial, &quot;Times New Roman TUR&quot;, Verdana; font-size: 15px;\">\u201cT\u00fcrkiye\u2019deki karde\u015flerinin sevgisiyle \u015fefkatiyle doldurdu\u011fu bir gemi daha bayram \u00f6ncesi Gazze\u2019ye hareket ediyor\u201d<\/span><br style=\"color: rgb(0, 0, 0); font-family: Tahoma, Arial, &quot;Times New Roman TUR&quot;, Verdana; font-size: 15px;\" \/><br \/>\n<span style=\"color: rgb(0, 0, 0); font-family: Tahoma, Arial, &quot;Times New Roman TUR&quot;, Verdana; font-size: 15px;\">Ba\u015fbakan Yard\u0131mc\u0131s\u0131 Kaynak, t\u00f6rende yapt\u0131\u011f\u0131 konu\u015fmada Ramazan\u2019\u0131n ilk haftas\u0131nda Silifke Ta\u015fucu Liman\u0131\u2019nda Somali\u2019ye g\u00f6nderdikleri yard\u0131m gemisinden sonra Mersin Liman\u0131\u2019ndan da Gazze\u2019ye bir yard\u0131m gemisi g\u00f6ndermenin mutlulu\u011funu ya\u015fad\u0131klar\u0131n\u0131 s\u00f6yledi. Filistin ve Gazze\u2019nin T\u00fcrkiye i\u00e7in ba\u015fka bir anlam ta\u015f\u0131d\u0131\u011f\u0131n\u0131 vurgulayan Kaynak, Filistin\u2019in T\u00fcrk milletinin her bir ferdinin kalbinde ayr\u0131 bir yer i\u015fgal etti\u011fini belirtti. T\u00fcrkiye\u2019nin Filistinlilerle et-kemik oldu\u011funu dile getiren Kaynak, \u201cBiz Osmanl\u0131 d\u00f6neminde y\u0131llarca Filistin\u2019i y\u00f6nettik ve y\u0131llarca bar\u0131\u015f\u0131n, adaletin sembol\u00fc olduk. Ama bug\u00fcn Filistin maalesef 1. D\u00fcnya Sava\u015f\u0131\u2019ndan sonra \u00e7ok ac\u0131lar \u00e7eken bir b\u00f6lge olarak an\u0131lmaktad\u0131r. Filistin i\u00e7erisinde Gazze de a\u00e7\u0131k hava hapishanesi haline getirilmi\u015ftir. Mavi Marmara gemisine yap\u0131lan bask\u0131ndan sonra ili\u015fkilerimizi ask\u0131ya ald\u0131\u011f\u0131m\u0131z \u0130srail ile ge\u00e7en y\u0131l yap\u0131lan mutabakat\u0131n ilk \u015fart\u0131, Gazze\u2019yi y\u00f6nelik bu ambargolar\u0131n kald\u0131r\u0131lmas\u0131 ve insani yard\u0131m\u0131n a\u00e7\u0131lmas\u0131yd\u0131 ve ilk kez ge\u00e7en sene yine Mersin Liman\u0131\u2019ndan Leydi Leyla gemimizi Gazze\u2019ye g\u00f6ndermi\u015ftik. Kurban Bayram\u0131\u2019nda da ikinci gemimizi g\u00f6ndermi\u015ftik. Yine d\u00fcnyan\u0131n \u00f6zellikle \u0130slam d\u00fcnyas\u0131n\u0131n bir\u00e7ok s\u0131k\u0131nt\u0131 ya\u015fad\u0131\u011f\u0131 bu g\u00fcnlerde T\u00fcrkiye\u2019deki karde\u015flerinin sevgisiyle ve \u015fefkatiyle doldurdu\u011fu bir gemi daha bayram \u00f6ncesi Mersinimizden Gazze\u2019ye do\u011fru hareket ediyor. \u0130n\u015fallah 30-36 saat sonra bu gemi Ashdod Liman\u0131\u2019nda olacak ve bayrama kadar \u00e7ocuklar\u0131m\u0131z\u0131n, Gazze\u2019deki karde\u015flerimizin bayraml\u0131klar\u0131n\u0131 yeti\u015ftirecek\u201d dedi.<\/span><br style=\"color: rgb(0, 0, 0); font-family: Tahoma, Arial, &quot;Times New Roman TUR&quot;, Verdana; font-size: 15px;\" \/><br \/>\n<br style=\"color: rgb(0, 0, 0); font-family: Tahoma, Arial, &quot;Times New Roman TUR&quot;, Verdana; font-size: 15px;\" \/><br \/>\n<span style=\"color: rgb(0, 0, 0); font-family: Tahoma, Arial, &quot;Times New Roman TUR&quot;, Verdana; font-size: 15px;\">\u201cGazze\u2019de \u015fu anda \u00e7ok acil bir insani durum var\u201d<\/span><br style=\"color: rgb(0, 0, 0); font-family: Tahoma, Arial, &quot;Times New Roman TUR&quot;, Verdana; font-size: 15px;\" \/><br \/>\n<span style=\"color: rgb(0, 0, 0); font-family: Tahoma, Arial, &quot;Times New Roman TUR&quot;, Verdana; font-size: 15px;\">Gazze\u2019de \u015fu anda \u00e7ok acil bir insani durum oldu\u011funa dikkat \u00e7eken Kaynak, \u201c\u015eu anda Gazze\u2019de elektrik yok, her t\u00fcrl\u00fc insani ihtiya\u00e7 en minimum seviyede ve Gazzelilerin hakk\u0131n\u0131, hukukunu koruyacak maalesef bir hami yok. Gazze\u2019deki elektrik s\u0131k\u0131nt\u0131s\u0131 i\u00e7in Birle\u015fmi\u015f Milletlerin \u00e7a\u011fr\u0131s\u0131 \u00fczerine Gazze\u2019deki hastanelerin, kre\u015flerin, okullar\u0131n elektrik ihtiyac\u0131n\u0131n belli bir k\u0131sm\u0131n\u0131 kar\u015f\u0131lamak \u00fczere bundan sonra Gazze\u2019ye yak\u0131t deste\u011finde bulunaca\u011f\u0131z. Bununla Gazze\u2019deki santral \u00e7al\u0131\u015facak ve en az\u0131ndan hastanelerdeki, kre\u015flerdeki, okullardaki elektrik ihtiyac\u0131 20-25 g\u00fcn kar\u015f\u0131lanm\u0131\u015f olacak. E\u011fer Gazze\u2019yi, Filistin\u2019i, Somali\u2019yi b\u00fct\u00fcn d\u00fcnya yaln\u0131z b\u0131rakm\u0131\u015fsa, oray\u0131 a\u00e7\u0131k hava hapishanesi haline getirmi\u015fse ve oralar i\u00e7in fiilen ambargolar uygulan\u0131yorsa biz bu modaya uyamay\u0131z. D\u00fcnyan\u0131n neresinde bir adaletsizlik varsa ona isyan eden, d\u00fcnyan\u0131n neresinde karde\u015fler aras\u0131nda bir problem varsa onu \u00e7\u00f6zmeye \u00e7al\u0131\u015fan T\u00fcrkiye liderdir\u201d diye konu\u015ftu.<\/span><br style=\"color: rgb(0, 0, 0); font-family: Tahoma, Arial, &quot;Times New Roman TUR&quot;, Verdana; font-size: 15px;\" \/><br \/>\n<br style=\"color: rgb(0, 0, 0); font-family: Tahoma, Arial, &quot;Times New Roman TUR&quot;, Verdana; font-size: 15px;\" \/><br \/>\n<span style=\"color: rgb(0, 0, 0); font-family: Tahoma, Arial, &quot;Times New Roman TUR&quot;, Verdana; font-size: 15px;\">\u201cSuni bir krizi hep birlikte izliyoruz\u201d<\/span><br style=\"color: rgb(0, 0, 0); font-family: Tahoma, Arial, &quot;Times New Roman TUR&quot;, Verdana; font-size: 15px;\" \/><br \/>\n<span style=\"color: rgb(0, 0, 0); font-family: Tahoma, Arial, &quot;Times New Roman TUR&quot;, Verdana; font-size: 15px;\">\u201cSuni bir krizi hep beraber izliyoruz\u201d diyerek Katar krizine de\u011finen Kaynak, K\u00f6rfez\u2019de Katar\u2019a y\u00f6nelik bir abluka uyguland\u0131\u011f\u0131n\u0131 s\u00f6yledi. Bu konuda onlar aras\u0131nda bir an \u00f6nce sulhu, selameti sa\u011flamak i\u00e7in anla\u015fan T\u00fcrkiye Cumhuriyeti\u2019nin Cumhurba\u015fkan\u0131, Ba\u015fbakan\u0131, D\u0131\u015fi\u015fleri Bakan\u0131 oldu\u011funu dile getiren Kaynak, \u015f\u00f6yle devam etti:\u00a0<\/span><br style=\"color: rgb(0, 0, 0); font-family: Tahoma, Arial, &quot;Times New Roman TUR&quot;, Verdana; font-size: 15px;\" \/><br \/>\n<span style=\"color: rgb(0, 0, 0); font-family: Tahoma, Arial, &quot;Times New Roman TUR&quot;, Verdana; font-size: 15px;\">\u201cOnlara, \u2018Durun, siz karde\u015fsiniz\u2019 diye hayk\u0131ran Recep Tayyip Erdo\u011fan var. Katar meselesi \u00e7ok \u00f6nemlidir. Katar\u2019\u0131n haks\u0131z yere bir ablukaya maruz kalmas\u0131 ve haks\u0131z yere b\u00f6lgede g\u00fc\u00e7s\u00fczle\u015ftirilmeye \u00e7al\u0131\u015f\u0131lmas\u0131 hepimizi \u00e7ok yak\u0131ndan ilgilendirmektedir ve ilgilendirmelidir. Biz o y\u00fczden bu b\u00f6lgede g\u00fc\u00e7l\u00fc bir devlet olmak zorunday\u0131z ve g\u00fc\u00e7l\u00fc bir milletiz. B\u00fct\u00fcn d\u00fcnya mazlumlar\u0131n\u0131n g\u00f6z\u00fcn\u00fcn \u00fczerimizde oldu\u011funu unutmay\u0131n. \u0130\u015fte gelecek hafta sonu Uganda\u2019da m\u00fclteciler krizinden dolay\u0131 bir uluslararas\u0131 yard\u0131m toplant\u0131s\u0131 var. Birle\u015fmi\u015f Milletler Genel Sekreteri davet ediyor, T\u00fcrkiyesiz bu i\u015fler olmaz diye. \u00c7ad\u2019da, Etiyopya\u2019da, Afrika\u2019n\u0131n di\u011fer yerlerinde, oradaki insanlar, oradaki mazlumlar, sizlerin \u015fefkatine muhta\u00e7. Biz, d\u00fcnya sessiz dursa da, d\u00fcnya ilgisiz olsa da, d\u00fcnya duyars\u0131z olsa da mazlum ve ma\u011fdur co\u011frafyalar i\u00e7in ilgimizi aynen s\u00fcrd\u00fcrece\u011fiz. Arkam\u0131zda milletimizin deste\u011fi oldu\u011fu m\u00fcddet\u00e7e s\u00fcrd\u00fcrece\u011fiz. Bunun ba\u015fka da yolu yok. Bunu yaparken de \u0131rk, dil, din, renk ayr\u0131m\u0131 g\u00f6zetmeyece\u011fiz.\u201d<\/span><br style=\"color: rgb(0, 0, 0); font-family: Tahoma, Arial, &quot;Times New Roman TUR&quot;, Verdana; font-size: 15px;\" \/><br \/>\n<br style=\"color: rgb(0, 0, 0); font-family: Tahoma, Arial, &quot;Times New Roman TUR&quot;, Verdana; font-size: 15px;\" \/><br \/>\n<span style=\"color: rgb(0, 0, 0); font-family: Tahoma, Arial, &quot;Times New Roman TUR&quot;, Verdana; font-size: 15px;\">\u201cBir ter\u00f6r \u00f6rg\u00fct\u00fcn\u00fcn \u00e7aresi, onu bir ba\u015fka ter\u00f6r \u00f6rg\u00fct\u00fcyle ortadan kald\u0131rmak de\u011fildir\u201d<\/span><br style=\"color: rgb(0, 0, 0); font-family: Tahoma, Arial, &quot;Times New Roman TUR&quot;, Verdana; font-size: 15px;\" \/><br \/>\n<span style=\"color: rgb(0, 0, 0); font-family: Tahoma, Arial, &quot;Times New Roman TUR&quot;, Verdana; font-size: 15px;\">T\u00fcrkiye\u2019nin 6 y\u0131ldan bu yana 3 milyondan fazla Suriyeliyi de misafir etti\u011fini kaydeden Kaynak, Suriye\u2019de bir an \u00f6nce bar\u0131\u015f\u0131n tesis edilmesi i\u00e7in gayret ettiklerini ifade etti. Kaynak, \u201cT\u00fcrk Silahl\u0131 Kuvvetlerimiz, Suriye\u2019de F\u0131rat Kalkan\u0131 b\u00f6lgesinde 2 bin kilometrekareden fazla bir alan\u0131 tekrar insanlar\u0131n vatan\u0131 haline getirdi. Bu sene orada tar\u0131m \u00fcr\u00fcnleri hasat edildi, 66 bin \u00e7ocuk F\u0131rat Kalkan\u0131 b\u00f6lgesinde kendi okullar\u0131na devam ettiler. F\u0131rat Kalkan\u0131 b\u00f6lgesi, b\u00f6lgede bar\u0131\u015f\u0131n nas\u0131l tesis edilece\u011fini b\u00fct\u00fcn d\u00fcnyaya g\u00f6stermektedir\u201d ifadelerini kulland\u0131.<\/span><br style=\"color: rgb(0, 0, 0); font-family: Tahoma, Arial, &quot;Times New Roman TUR&quot;, Verdana; font-size: 15px;\" \/><br \/>\n<span style=\"color: rgb(0, 0, 0); font-family: Tahoma, Arial, &quot;Times New Roman TUR&quot;, Verdana; font-size: 15px;\">Suriye\u2019de PYD-YPG ter\u00f6r \u00f6rg\u00fctlerine DEA\u015e\u2019la m\u00fccadele gerek\u00e7esiyle silah da\u011f\u0131t\u0131lmas\u0131n\u0131 ele\u015ftiren ve sitemini dile getiren Kaynak, \u015funlar\u0131 s\u00f6yledi:\u00a0<\/span><br style=\"color: rgb(0, 0, 0); font-family: Tahoma, Arial, &quot;Times New Roman TUR&quot;, Verdana; font-size: 15px;\" \/><br \/>\n<span style=\"color: rgb(0, 0, 0); font-family: Tahoma, Arial, &quot;Times New Roman TUR&quot;, Verdana; font-size: 15px;\">\u201cE\u011fer ortada bir DEA\u015e ter\u00f6r \u00f6rg\u00fct\u00fc varsa bu ter\u00f6r \u00f6rg\u00fct\u00fcyle ancak me\u015fru silahl\u0131 g\u00fc\u00e7ler m\u00fccadele edebilir. O y\u00fczden m\u00fcttefiklerimize sitemimiz var. DEA\u015e ter\u00f6r \u00f6rg\u00fct\u00fcne kar\u015f\u0131 en etkili m\u00fccadeleyi yapan T\u00fcrk Silahl\u0131 Kuvvetleri yerine, NATO\u2019daki m\u00fcttefikleri yerine bir ba\u015fka ter\u00f6r \u00f6rg\u00fct\u00fcyle b\u00f6lgenin bir ba\u015fka yerindeki DEA\u015e ter\u00f6r \u00f6rg\u00fct\u00fcn\u00fc ortadan kald\u0131rmaya \u00e7al\u0131\u015f\u0131yorlar. Bunun do\u011fru bir yol olmad\u0131\u011f\u0131n\u0131 Cumhurba\u015fkan\u0131m\u0131z, hepimiz her seferinde anlatt\u0131k. \u00c7\u00fcnk\u00fc bir ter\u00f6r \u00f6rg\u00fct\u00fcn\u00fcn \u00e7aresi, onu bir ba\u015fka ter\u00f6r \u00f6rg\u00fct\u00fcyle ortadan kald\u0131rmak de\u011fildir. \u00c7\u00fcnk\u00fc ter\u00f6r \u00f6rg\u00fct\u00fcn\u00fcn dini olmaz, vicdan\u0131 olmaz, taraf\u0131 olmaz. Ter\u00f6r \u00f6rg\u00fct\u00fc ter\u00f6r \u00f6rg\u00fct\u00fcd\u00fcr.\u201d<\/span><br style=\"color: rgb(0, 0, 0); font-family: Tahoma, Arial, &quot;Times New Roman TUR&quot;, Verdana; font-size: 15px;\" \/><br \/>\n<br style=\"color: rgb(0, 0, 0); font-family: Tahoma, Arial, &quot;Times New Roman TUR&quot;, Verdana; font-size: 15px;\" \/><br \/>\n<span style=\"color: rgb(0, 0, 0); font-family: Tahoma, Arial, &quot;Times New Roman TUR&quot;, Verdana; font-size: 15px;\">\u201cPYD\u2019ye verilen silahlar\u0131n DEA\u015e m\u00fccadelesinden sonra kime d\u00f6nece\u011finin garantisini asla kimse veremez\u201d<\/span><br style=\"color: rgb(0, 0, 0); font-family: Tahoma, Arial, &quot;Times New Roman TUR&quot;, Verdana; font-size: 15px;\" \/><br \/>\n<span style=\"color: rgb(0, 0, 0); font-family: Tahoma, Arial, &quot;Times New Roman TUR&quot;, Verdana; font-size: 15px;\">\u201cKoskoca devletlere, 60 y\u0131ldan fazlad\u0131r NATO m\u00fcttefiki oldu\u011fu \u00fclkeler, stratejik ortak oldu\u011fu \u00fclkeler yerine PKK\u2019n\u0131n b\u00f6lgedeki uzant\u0131s\u0131 ter\u00f6r \u00f6rg\u00fctleriyle i\u015f yapmak asla yak\u0131\u015f\u0131k almaz\u201d diyen Kaynak, \u015f\u00f6yle devam etti:\u00a0<\/span><br style=\"color: rgb(0, 0, 0); font-family: Tahoma, Arial, &quot;Times New Roman TUR&quot;, Verdana; font-size: 15px;\" \/><br \/>\n<span style=\"color: rgb(0, 0, 0); font-family: Tahoma, Arial, &quot;Times New Roman TUR&quot;, Verdana; font-size: 15px;\">\u201cT\u00fcrkiye\u2019de 40 binden fazla cana mal olmu\u015f PKK ter\u00f6r \u00f6rg\u00fct\u00fcn\u00fcn Suriye\u2019deki uzant\u0131s\u0131 PYD-YPG vas\u0131tas\u0131yla, onlarla bir ba\u015fka ter\u00f6r \u00f6rg\u00fct\u00fcn\u00fc yok etmek, onlara silah da\u011f\u0131tmak. Bunlar asla anlay\u0131\u015fla kar\u015f\u0131lanacak, kabul edilecek \u015feyler de\u011fildir. PYD\u2019ye verilen o silahlar\u0131n DEA\u015e ter\u00f6r \u00f6rg\u00fct\u00fcyle yap\u0131lan m\u00fccadeleden sonra kime d\u00f6nece\u011finin garantisini asla kimse veremez. O b\u00f6lgede kal\u0131c\u0131 istikrar\u0131, kal\u0131c\u0131 huzuru sa\u011flamak i\u00e7in T\u00fcrkiye\u2019nin fikrini herkes almak zorundad\u0131r. Biz \u00e7\u00fcnk\u00fc bin y\u0131ldan beri bu co\u011frafyada ya\u015f\u0131yoruz. Biz bu co\u011frafyada, bu co\u011frafyan\u0131n di\u011fer asli unsurlar\u0131yla beraber karde\u015f\u00e7e ya\u015fad\u0131k, adaletle y\u00fcr\u00fcd\u00fck. D\u00fcnyan\u0131n ka\u00e7 bin kilometre \u00f6tesinden gelip bu b\u00f6lgenin sulhunu, s\u00fckununu sa\u011flayaca\u011f\u0131n\u0131 iddia edenler, yak\u0131n zamanda bunun bo\u015f bir hayal oldu\u011funu g\u00f6receklerdir.\u201d<\/span><br style=\"color: rgb(0, 0, 0); font-family: Tahoma, Arial, &quot;Times New Roman TUR&quot;, Verdana; font-size: 15px;\" \/><br \/>\n<br style=\"color: rgb(0, 0, 0); font-family: Tahoma, Arial, &quot;Times New Roman TUR&quot;, Verdana; font-size: 15px;\" \/><br \/>\n<span style=\"color: rgb(0, 0, 0); font-family: Tahoma, Arial, &quot;Times New Roman TUR&quot;, Verdana; font-size: 15px;\">\u201cT\u00fcrkiye\u2019nin ba\u015far\u0131s\u0131 ortadayken, koalisyon g\u00fc\u00e7lerinin bir ba\u015fka ter\u00f6r \u00f6rg\u00fct\u00fcyle ittifak etmesi yanl\u0131\u015f bir projedir ve hayaldir\u201d<\/span><br style=\"color: rgb(0, 0, 0); font-family: Tahoma, Arial, &quot;Times New Roman TUR&quot;, Verdana; font-size: 15px;\" \/><br \/>\n<span style=\"color: rgb(0, 0, 0); font-family: Tahoma, Arial, &quot;Times New Roman TUR&quot;, Verdana; font-size: 15px;\">DEA\u015e ter\u00f6r \u00f6rg\u00fct\u00fcne kar\u015f\u0131 hem d\u0131\u015far\u0131da hem i\u00e7eride en etkili m\u00fccadeleyi T\u00fcrkiye\u2019nin verdi\u011fini belirten Kaynak, \u201cF\u0131rat Kalkan\u0131 i\u00e7inde 3 binden fazla DEA\u015e ter\u00f6r ter\u00f6ristini bertaraf ettik ve i\u00e7erideki m\u00fccadelemiz \u00e7ok ba\u015far\u0131l\u0131 bir \u015fekilde s\u00fcrmektedir. T\u00fcrkiye, DEA\u015e ter\u00f6r \u00f6rg\u00fct\u00fcyle m\u00fccadele ederken, PKK ile de DHKP-C ile de hain FET\u00d6 ter\u00f6r \u00f6rg\u00fct\u00fcyle de m\u00fccadele etmeye devam etmektedir. \u00c7ok y\u00f6nle, \u00e7ok tarafl\u0131 bir ter\u00f6r sald\u0131r\u0131s\u0131yla kar\u015f\u0131 kar\u015f\u0131ya olan T\u00fcrkiye, Allah\u2019\u0131n izniyle milletin deste\u011fiyle bu m\u00fccadelesini ba\u015far\u0131yla s\u00fcrd\u00fcrmektedir. T\u00fcrkiye\u2019nin bu ba\u015far\u0131s\u0131 ortadayken, Rakka\u2019da, M\u00fcmbi\u00e7\u2019te, ba\u015fka bir yerde m\u00fcttefikimiz olan \u00fclkelerin, koalisyon g\u00fc\u00e7lerinin bir ba\u015fka ter\u00f6r \u00f6rg\u00fct\u00fcyle ittifak edip, bir ba\u015fka ter\u00f6r \u00f6rg\u00fct\u00fcn\u00fc ortadan kald\u0131rmaya y\u00f6nelmesi hem yanl\u0131\u015f bir projedir ve neticesi itibariyle hayal oldu\u011fu g\u00f6r\u00fclecektir\u201d dedi.<\/span><br style=\"color: rgb(0, 0, 0); font-family: Tahoma, Arial, &quot;Times New Roman TUR&quot;, Verdana; font-size: 15px;\" \/><br \/>\n<br style=\"color: rgb(0, 0, 0); font-family: Tahoma, Arial, &quot;Times New Roman TUR&quot;, Verdana; font-size: 15px;\" \/><br \/>\n<span style=\"color: rgb(0, 0, 0); font-family: Tahoma, Arial, &quot;Times New Roman TUR&quot;, Verdana; font-size: 15px;\">\u201cRamazan Bayram\u0131\u2019nda Filistinli \u00e7ocuklar\u0131m\u0131z\u0131n y\u00fcz\u00fcn\u00fc g\u00fcld\u00fcrece\u011fiz\u201d<\/span><br style=\"color: rgb(0, 0, 0); font-family: Tahoma, Arial, &quot;Times New Roman TUR&quot;, Verdana; font-size: 15px;\" \/><br \/>\n<span style=\"color: rgb(0, 0, 0); font-family: Tahoma, Arial, &quot;Times New Roman TUR&quot;, Verdana; font-size: 15px;\">AFAD Genel Ba\u015fkan Yard\u0131mc\u0131s\u0131 \u00d6zer de konu\u015fmas\u0131nda acil g\u0131da yard\u0131m\u0131na ihtiya\u00e7 duyan Filistin halk\u0131 i\u00e7in Ba\u015fbakanl\u0131k AFAD koordinasyonunda, Vak\u0131flar Genel M\u00fcd\u00fcrl\u00fc\u011f\u00fc, Toprak Mahsulleri Ofisi ve sivil toplum ile \u00f6zel sekt\u00f6r kurulu\u015flar\u0131n\u0131n deste\u011fi ile haz\u0131rlanan 10 bin ton insani yard\u0131m malzemesinin Mersin Liman\u0131\u2019ndan Gazze\u2019ye hareket edece\u011fini s\u00f6yledi. \u00c7ocuklar i\u00e7in en az g\u0131da yard\u0131m\u0131 kadar \u00f6nem ta\u015f\u0131yan oyuncaklar ve bayraml\u0131k k\u0131yafetler de unutulmad\u0131\u011f\u0131n\u0131 ve Ramazan Bayram\u0131\u2019nda Filistinli \u00e7ocuklar\u0131n y\u00fcz\u00fcn\u00fc g\u00fcld\u00fcreceklerini belirten \u00d6zer, \u201c\u015eefkat gemisine y\u00fcklenen insani yard\u0131m malzemeleri, 18 bin 100 oyuncak, 32 bin k\u0131rtasiye seti, 50 bin g\u0131da kolisi, 5 bin ton un, 100 ton bisk\u00fcvi ve kek, 50 bin muhtelif giysi, bin bayraml\u0131k giysi ve bin 10 bisikletten olu\u015fuyor\u201d dedi.<\/span><br style=\"color: rgb(0, 0, 0); font-family: Tahoma, Arial, &quot;Times New Roman TUR&quot;, Verdana; font-size: 15px;\" \/><br \/>\n<span style=\"color: rgb(0, 0, 0); font-family: Tahoma, Arial, &quot;Times New Roman TUR&quot;, Verdana; font-size: 15px;\">Konu\u015fmalar\u0131n ard\u0131ndan Ba\u015fbakan Yard\u0131mc\u0131s\u0131 Kaynak ve beraberindekiler, Mersin Liman\u0131\u2019ndan demir alan \u015eefkat gemisini el sallayarak Gazze\u2019ye u\u011furlad\u0131.<\/span><\/p>\n","protected":false},"excerpt":{"rendered":"<p>T\u00fcrkiye\u2019nin Filistin halk\u0131n\u0131n acil insani ihtiya\u00e7lar\u0131n\u0131 kar\u015f\u0131lamak ve Filistinli \u00e7ocuklara bayram hediyesi vermek \u00fczere haz\u0131rlad\u0131\u011f\u0131 10 bin ton insani yard\u0131m malzemesini ta\u015f\u0131yan \u015eefkat gemisi, Mersin Liman\u0131\u2019ndan Gazze\u2019ye u\u011furland\u0131. Ba\u015fbakan Yard\u0131mc\u0131s\u0131 &hellip; <a href=\"https:\/\/akdenizolaygazetesi.com\/?p=1398\" class=\"more-link\">Devam\u0131n\u0131 Oku&#8230;<\/a><\/p>\n","protected":false},"author":1,"featured_media":0,"comment_status":"open","ping_status":"open","sticky":false,"template":"","format":"standard","meta":[],"categories":[],"tags":[],"_links":{"self":[{"href":"https:\/\/akdenizolaygazetesi.com\/index.php?rest_route=\/wp\/v2\/posts\/1398"}],"collection":[{"href":"https:\/\/akdenizolaygazetesi.com\/index.php?rest_route=\/wp\/v2\/posts"}],"about":[{"href":"https:\/\/akdenizolaygazetesi.com\/index.php?rest_route=\/wp\/v2\/types\/post"}],"author":[{"embeddable":true,"href":"https:\/\/akdenizolaygazetesi.com\/index.php?rest_route=\/wp\/v2\/users\/1"}],"replies":[{"embeddable":true,"href":"https:\/\/akdenizolaygazetesi.com\/index.php?rest_route=%2Fwp%2Fv2%2Fcomments&post=1398"}],"version-history":[{"count":0,"href":"https:\/\/akdenizolaygazetesi.com\/index.php?rest_route=\/wp\/v2\/posts\/1398\/revisions"}],"wp:attachment":[{"href":"https:\/\/akdenizolaygazetesi.com\/index.php?rest_route=%2Fwp%2Fv2%2Fmedia&parent=1398"}],"wp:term":[{"taxonomy":"category","embeddable":true,"href":"https:\/\/akdenizolaygazetesi.com\/index.php?rest_route=%2Fwp%2Fv2%2Fcategories&post=1398"},{"taxonomy":"post_tag","embeddable":true,"href":"https:\/\/akdenizolaygazetesi.com\/index.php?rest_route=%2Fwp%2Fv2%2Ftags&post=1398"}],"curies":[{"name":"wp","href":"https:\/\/api.w.org\/{rel}","templated":true}]}}