{"id":13984,"date":"2021-09-02T13:05:44","date_gmt":"2021-09-02T10:05:44","guid":{"rendered":"http:\/\/akdenizolaygazetesi.com\/?p=13984"},"modified":"2021-09-02T13:05:44","modified_gmt":"2021-09-02T10:05:44","slug":"buyuksehir-expo-2021-hatayda-mersinin-tarihi-kulturel-ve-bitkisel-guzelliklerini-tanitacak","status":"publish","type":"post","link":"https:\/\/akdenizolaygazetesi.com\/?p=13984","title":{"rendered":"B\u00dcY\u00dcK\u015eEH\u0130R, EXPO 2021 HATAY\u2019DA MERS\u0130N\u2019\u0130N TAR\u0130H\u0130, K\u00dcLT\u00dcREL VE B\u0130TK\u0130SEL G\u00dcZELL\u0130KLER\u0130N\u0130 TANITACAK"},"content":{"rendered":"<p>Mersin B\u00fcy\u00fck\u015fehir Belediyesi, uluslararas\u0131 organizasyonlarda \u00f6nemli bir yeri olan ve 10 Aral\u0131k 2021-30 May\u0131s 2022 tarihleri aras\u0131nda yap\u0131lmas\u0131 planlanan EXPO 2021 Hatay\u2019\u0131n \u0130ller Bah\u00e7esi b\u00f6l\u00fcm\u00fcnde \u00f6zel kat\u0131l\u0131mc\u0131 olarak \u2018Mersin Bah\u00e7esi\u2019 ile yerini alacak.<\/p>\n<p>FIFA D\u00fcnya Kupas\u0131 ve Olimpiyat Oyunlar\u0131\u2019ndan sonra d\u00fcnyada ekonomik ve k\u00fclt\u00fcrel etki yaratan \u00fc\u00e7\u00fcnc\u00fc en b\u00fcy\u00fck organizasyon olarak kabul edilen EXPO, bu y\u0131l Hatay\u2019da ger\u00e7ekle\u015ftirilecek. Mersin B\u00fcy\u00fck\u015fehir Belediyesi, EXPO 2021 Hatay\u2019a kendisine ayr\u0131lan 1006 metrekarelik alanda olu\u015fturaca\u011f\u0131 \u2018Mersin Bah\u00e7esi\u2019 ile kat\u0131larak; Mersin\u2019in bitkisel, k\u00fclt\u00fcrel ve tarihi g\u00fczelliklerinin uluslararas\u0131 alanda tan\u0131t\u0131m\u0131n\u0131 sa\u011flayacak. En farkl\u0131 ve do\u011fal peyzaj i\u00e7in bir s\u00fcredir \u00e7al\u0131\u015fan Park ve Bah\u00e7eler Dairesi ekipleri, B\u00fcy\u00fck\u015fehir\u2019e ayr\u0131lan 1006 metrekarelik pavilyonda Mersin\u2019in t\u00fcm g\u00fczelliklerini sergileyece\u011fi bir bah\u00e7e olu\u015fturmak ad\u0131na 6 ayd\u0131r \u00e7al\u0131\u015fmalar\u0131n\u0131 s\u00fcrd\u00fcr\u00fcyor.<\/p>\n<p>Mersin\u2019in k\u00fclt\u00fcrel, tarihi ve bitkisel simgeleri tan\u0131t\u0131lacak<\/p>\n<p>Hatay EXPO Mersin Bah\u00e7esi i\u00e7in bir s\u00fcredir \u00fczerine \u00e7al\u0131\u015f\u0131lan alanda, Mersin do\u011fusundan bat\u0131s\u0131na kadar tasarland\u0131. \u00c7al\u0131\u015fma alan\u0131nda; Kleopatra Kap\u0131s\u0131, Pompeipolis, Kanl\u0131divane, Adam Kayalar, Cennet-Cehennem Obru\u011fu, K\u0131zkalesi, Mamure Kalesi r\u00f6prod\u00fcksiyonlar\u0131 ve tasvirleri yer alacak. Tasar\u0131mda yer alan Cennet Obru\u011fu\u2019nda ise Mersin\u2019in 1800\u2019den g\u00fcn\u00fcm\u00fcze kadarki tarihi s\u00fcrecinin tan\u0131t\u0131lmas\u0131 planlan\u0131yor. Projede Mersin\u2019in bitki \u00f6rt\u00fcs\u00fcne vurgu yapacak olan turun\u00e7, limon, portakal, muz ve begonvil de yer alacak.<\/p>\n<p>Mart ay\u0131nda Meclis karar\u0131 ile kabul edilmi\u015fti<\/p>\n<p>Hatay B\u00fcy\u00fck\u015fehir Belediyesi ve Uluslararas\u0131 Bah\u00e7e Bitkileri \u00dcreticileri Birli\u011fi\u2019nin (A\u0130PH) ortak karar\u0131yla EXPO 2021 Hatay organizasyonunda Mersin B\u00fcy\u00fck\u015fehir Belediyesi\u2019nin \u0130ller Bah\u00e7esi alan\u0131nda yer almas\u0131 karar\u0131, B\u00fcy\u00fck\u015fehir Belediye Meclisi\u2019nin 2021 y\u0131l\u0131n\u0131n Mart ay\u0131 2. Birle\u015fimi\u2019nde kabul edilmi\u015fti.<\/p>\n","protected":false},"excerpt":{"rendered":"<p>Mersin B\u00fcy\u00fck\u015fehir Belediyesi, uluslararas\u0131 organizasyonlarda \u00f6nemli bir yeri olan ve 10 Aral\u0131k 2021-30 May\u0131s 2022 tarihleri aras\u0131nda yap\u0131lmas\u0131 planlanan EXPO 2021 Hatay\u2019\u0131n \u0130ller Bah\u00e7esi b\u00f6l\u00fcm\u00fcnde \u00f6zel kat\u0131l\u0131mc\u0131 olarak \u2018Mersin Bah\u00e7esi\u2019 &hellip; <a href=\"https:\/\/akdenizolaygazetesi.com\/?p=13984\" class=\"more-link\">Devam\u0131n\u0131 Oku&#8230;<\/a><\/p>\n","protected":false},"author":2,"featured_media":13985,"comment_status":"open","ping_status":"open","sticky":false,"template":"","format":"standard","meta":[],"categories":[8,3,5],"tags":[],"_links":{"self":[{"href":"https:\/\/akdenizolaygazetesi.com\/index.php?rest_route=\/wp\/v2\/posts\/13984"}],"collection":[{"href":"https:\/\/akdenizolaygazetesi.com\/index.php?rest_route=\/wp\/v2\/posts"}],"about":[{"href":"https:\/\/akdenizolaygazetesi.com\/index.php?rest_route=\/wp\/v2\/types\/post"}],"author":[{"embeddable":true,"href":"https:\/\/akdenizolaygazetesi.com\/index.php?rest_route=\/wp\/v2\/users\/2"}],"replies":[{"embeddable":true,"href":"https:\/\/akdenizolaygazetesi.com\/index.php?rest_route=%2Fwp%2Fv2%2Fcomments&post=13984"}],"version-history":[{"count":1,"href":"https:\/\/akdenizolaygazetesi.com\/index.php?rest_route=\/wp\/v2\/posts\/13984\/revisions"}],"predecessor-version":[{"id":13986,"href":"https:\/\/akdenizolaygazetesi.com\/index.php?rest_route=\/wp\/v2\/posts\/13984\/revisions\/13986"}],"wp:featuredmedia":[{"embeddable":true,"href":"https:\/\/akdenizolaygazetesi.com\/index.php?rest_route=\/wp\/v2\/media\/13985"}],"wp:attachment":[{"href":"https:\/\/akdenizolaygazetesi.com\/index.php?rest_route=%2Fwp%2Fv2%2Fmedia&parent=13984"}],"wp:term":[{"taxonomy":"category","embeddable":true,"href":"https:\/\/akdenizolaygazetesi.com\/index.php?rest_route=%2Fwp%2Fv2%2Fcategories&post=13984"},{"taxonomy":"post_tag","embeddable":true,"href":"https:\/\/akdenizolaygazetesi.com\/index.php?rest_route=%2Fwp%2Fv2%2Ftags&post=13984"}],"curies":[{"name":"wp","href":"https:\/\/api.w.org\/{rel}","templated":true}]}}