{"id":13993,"date":"2021-09-03T13:10:55","date_gmt":"2021-09-03T10:10:55","guid":{"rendered":"http:\/\/akdenizolaygazetesi.com\/?p=13993"},"modified":"2021-09-03T13:10:55","modified_gmt":"2021-09-03T10:10:55","slug":"mersin-buyuksehirin-uretici-kadin-stantlari-ozgecan-aslan-meydaninda-kuruldu","status":"publish","type":"post","link":"https:\/\/akdenizolaygazetesi.com\/?p=13993","title":{"rendered":"MERS\u0130N B\u00dcY\u00dcK\u015eEH\u0130R\u2019\u0130N \u2018\u00dcRET\u0130C\u0130 KADIN STANTLARI\u2019 \u00d6ZGECAN ASLAN MEYDANI\u2019NDA KURULDU"},"content":{"rendered":"<p>Mersin B\u00fcy\u00fck\u015fehir Belediyesi Kad\u0131n ve Aile Hizmetleri Dairesi\u2019nin \u00d6zgecan Aslan Bar\u0131\u015f Meydan\u0131\u2019nda a\u00e7t\u0131\u011f\u0131 \u2018\u00dcretici Kad\u0131n Stantlar\u0131\u2019nda; Mersinli kad\u0131n \u00fcreticiler ile K\u00fclt\u00fcr ve Turizm Bakanl\u0131\u011f\u0131 Somut Olmayan K\u00fclt\u00fcrel Miras Ta\u015f\u0131y\u0131c\u0131lar\u0131 el eme\u011fi \u00fcr\u00fcnlerini al\u0131c\u0131larla bulu\u015fturdu.<\/p>\n<p>Kad\u0131n \u00fcreticiler ve el sanatlar\u0131 ustalar\u0131 yan yana sat\u0131\u015f yapt\u0131<\/p>\n<p>1 Eyl\u00fcl\u2019de a\u00e7\u0131lan ve iki g\u00fcn s\u00fcren etkinli\u011fe; Akdeniz, Yeni\u015fehir, Toroslar ve Mezitli il\u00e7elerinden 198 \u00fcretici kad\u0131n ile 22 somut olmayan k\u00fclt\u00fcrel miras ta\u015f\u0131y\u0131c\u0131s\u0131 kat\u0131ld\u0131. Stantlarda cam \u00fcfleme \u00fcr\u00fcnler, naht sanat\u0131ndan tablolar, bitkisel \u00f6r\u00fcc\u00fcl\u00fckle yap\u0131lan \u00f6rg\u00fc \u00e7antalar, su kaba\u011f\u0131 oymas\u0131 hediyelik e\u015fyalar, telk\u00e2ri tak\u0131lar, deri i\u015flemesi e\u015fyalar, l\u00fcle ta\u015f\u0131 i\u015flemesiyle yap\u0131lan biblolar, ah\u015fap oyuncaklar, ke\u00e7e sanat\u0131 ile yap\u0131lan ev e\u015fyalar\u0131 ve i\u011fne oyalar\u0131 yer ald\u0131.<\/p>\n<p>\u201cKendi i\u00e7erimizde e\u011fitim \u00e7al\u0131\u015fmas\u0131 olarak nitelendirdik\u201d<\/p>\n<p>K\u00fclt\u00fcr ve Turizm Bakanl\u0131\u011f\u0131\u2019n\u0131n Somut Olmayan K\u00fclt\u00fcrel Miras Ta\u015f\u0131y\u0131c\u0131lar\u0131 ile yap\u0131lan etkinli\u011fin, evinde \u00fcretim yapan kad\u0131nlara \u00f6rnek olaca\u011f\u0131n\u0131 ifade eden Kad\u0131n ve Aile Hizmetleri Dairesi Ba\u015fkanl\u0131\u011f\u0131\u2019nda g\u00f6revli Burcu Sert, \u201c80 stantta 198 \u00fcretici kad\u0131n var. Ayn\u0131 zamanda T\u00fcrkiye\u2019nin d\u00f6rt bir yan\u0131ndan gelen el sanatk\u00e2r\u0131 ustalar\u0131 da sat\u0131\u015f ve tan\u0131t\u0131m imk\u00e2n\u0131 buldu. K\u00fclt\u00fcr ve Turizm Bakanl\u0131\u011f\u0131 sanat\u00e7\u0131lar\u0131n\u0131n profesyonel \u00e7al\u0131\u015fmalar\u0131n\u0131, evde \u00fcretim yapan kad\u0131nlar\u0131m\u0131z\u0131n alanda, yerinde g\u00f6rmeleri \u00e7ok de\u011ferli ve k\u0131ymetli. Hem kendi i\u00e7erimizde e\u011fitim \u00e7al\u0131\u015fmas\u0131 olarak nitelendirdik bunu hem de T\u00fcrkiye\u2019nin her taraf\u0131nda \u00fcretim yapan ki\u015fileri Mersinlilerle bulu\u015fturma imkan\u0131 sa\u011flad\u0131k\u201d dedi.<\/p>\n<p>\u201cBiz \u015fansl\u0131 kad\u0131nlardan\u0131z\u201d<\/p>\n<p>Bir\u00e7ok kad\u0131n\u0131n \u2018\u00dcretici Kad\u0131n Stantlar\u0131\u2019ndan kazand\u0131\u011f\u0131 parayla ev giderlerini kar\u015f\u0131lad\u0131\u011f\u0131n\u0131 belirten G\u00fclseren Eker, \u201cDaha yeni ba\u015flad\u0131k biz de annemle. Kendimizi burada bir \u015fekilde ifade edebiliyoruz. Daha do\u011frusu evimize bir \u015fekilde ekmek g\u00f6t\u00fcrebiliyoruz. Ge\u00e7imini bu \u015fekilde sa\u011flayan \u00e7ok fazla insan var. Biz \u00e7ok daha yeniyiz burada. Bunlar\u0131n daha \u00e7ok duyurulmas\u0131 gerekiyor \u00e7\u00fcnk\u00fc \u00e7o\u011fu insan, \u00fcretici kad\u0131nlar\u0131n sat\u0131\u015f yapt\u0131\u011f\u0131ndan haberdar de\u011fil. Bu etkinliklerin olmas\u0131 hem \u00fcretici kad\u0131nlar i\u00e7in hem de gelip al\u0131\u015fveri\u015f yapmak isteyen insanlar i\u00e7in \u00e7ok \u00f6nemli ve de\u011ferli bence. Biz \u015fansl\u0131 kad\u0131nlardan\u0131z buraya gelip stant a\u00e7abildi\u011fimiz i\u00e7in. Y\u00fczlerce insan var bu \u015fekilde gelip yapmak isteyip ama yapamayan, sesini duyuramayan. O y\u00fczden buradan s\u00f6yleyebilece\u011fim tek \u015fey bize bu \u015fans\u0131 verdikleri i\u00e7in te\u015fekk\u00fcr etmek. Eminim buradaki \u00fcretici kad\u0131nlar\u0131n, \u00fcretici insanlar\u0131n s\u00f6ylemek istedi\u011fi tek \u015fey budur\u201d dedi.<\/p>\n<p>\u201cBu kad\u0131n hareketinin t\u00fcm T\u00fcrkiye\u2019yi sarmas\u0131n\u0131 diliyorum\u201d<\/p>\n<p>K\u00fclt\u00fcr ve Turizm Bakanl\u0131\u011f\u0131 Somut Olmayan K\u00fclt\u00fcrel Miras Ta\u015f\u0131y\u0131c\u0131lar\u0131 aras\u0131nda yer alan ve unutulmaya y\u00fcz tutmu\u015f el sanatlar\u0131n\u0131 icra ettiklerini ifade eden Yasemin Akbulut da stant a\u00e7anlar aras\u0131ndayd\u0131. K\u0131rk yama ustas\u0131 olan Akbulut, kad\u0131n eme\u011fine verilen destekte yer almak istediklerini belirterek, \u201cBuraya kad\u0131n eme\u011fine destek vermeye geldik. Yap\u0131lan bu etkinlikte yerimizi ald\u0131k ve farkl\u0131 alanlardan 22 sanat\u00e7\u0131yla, bir\u00e7ok \u015fehirden kat\u0131l\u0131m g\u00f6steren de\u011ferli ustalar\u0131m\u0131zla buraday\u0131z. Bu kad\u0131n hareketine destek veriyoruz. T\u00fcm T\u00fcrkiye\u2019yi sarmas\u0131n\u0131 diliyorum. Biz bu sanatlar\u0131m\u0131z\u0131 burada g\u00f6stermeye \u00e7al\u0131\u015f\u0131yoruz.  Buraya gelmemizi ve sanat\u0131m\u0131z\u0131 g\u00f6stermemizi sa\u011flayanlara te\u015fekk\u00fcrlerimi iletmek istiyorum. Bizlere sunmu\u015f oldu\u011fu bu ortam i\u00e7in Belediye Ba\u015fkan\u0131m\u0131za, e\u015fi Say\u0131n Meral Se\u00e7er\u2019e ilgi ve alakalar\u0131ndan dolay\u0131 sonsuz te\u015fekk\u00fcrlerimizi iletiyoruz\u201d diye konu\u015ftu.<\/p>\n","protected":false},"excerpt":{"rendered":"<p>Mersin B\u00fcy\u00fck\u015fehir Belediyesi Kad\u0131n ve Aile Hizmetleri Dairesi\u2019nin \u00d6zgecan Aslan Bar\u0131\u015f Meydan\u0131\u2019nda a\u00e7t\u0131\u011f\u0131 \u2018\u00dcretici Kad\u0131n Stantlar\u0131\u2019nda; Mersinli kad\u0131n \u00fcreticiler ile K\u00fclt\u00fcr ve Turizm Bakanl\u0131\u011f\u0131 Somut Olmayan K\u00fclt\u00fcrel Miras Ta\u015f\u0131y\u0131c\u0131lar\u0131 el &hellip; <a href=\"https:\/\/akdenizolaygazetesi.com\/?p=13993\" class=\"more-link\">Devam\u0131n\u0131 Oku&#8230;<\/a><\/p>\n","protected":false},"author":2,"featured_media":13994,"comment_status":"open","ping_status":"open","sticky":false,"template":"","format":"standard","meta":[],"categories":[3,5],"tags":[],"_links":{"self":[{"href":"https:\/\/akdenizolaygazetesi.com\/index.php?rest_route=\/wp\/v2\/posts\/13993"}],"collection":[{"href":"https:\/\/akdenizolaygazetesi.com\/index.php?rest_route=\/wp\/v2\/posts"}],"about":[{"href":"https:\/\/akdenizolaygazetesi.com\/index.php?rest_route=\/wp\/v2\/types\/post"}],"author":[{"embeddable":true,"href":"https:\/\/akdenizolaygazetesi.com\/index.php?rest_route=\/wp\/v2\/users\/2"}],"replies":[{"embeddable":true,"href":"https:\/\/akdenizolaygazetesi.com\/index.php?rest_route=%2Fwp%2Fv2%2Fcomments&post=13993"}],"version-history":[{"count":1,"href":"https:\/\/akdenizolaygazetesi.com\/index.php?rest_route=\/wp\/v2\/posts\/13993\/revisions"}],"predecessor-version":[{"id":13995,"href":"https:\/\/akdenizolaygazetesi.com\/index.php?rest_route=\/wp\/v2\/posts\/13993\/revisions\/13995"}],"wp:featuredmedia":[{"embeddable":true,"href":"https:\/\/akdenizolaygazetesi.com\/index.php?rest_route=\/wp\/v2\/media\/13994"}],"wp:attachment":[{"href":"https:\/\/akdenizolaygazetesi.com\/index.php?rest_route=%2Fwp%2Fv2%2Fmedia&parent=13993"}],"wp:term":[{"taxonomy":"category","embeddable":true,"href":"https:\/\/akdenizolaygazetesi.com\/index.php?rest_route=%2Fwp%2Fv2%2Fcategories&post=13993"},{"taxonomy":"post_tag","embeddable":true,"href":"https:\/\/akdenizolaygazetesi.com\/index.php?rest_route=%2Fwp%2Fv2%2Ftags&post=13993"}],"curies":[{"name":"wp","href":"https:\/\/api.w.org\/{rel}","templated":true}]}}