{"id":13996,"date":"2021-09-03T13:13:26","date_gmt":"2021-09-03T10:13:26","guid":{"rendered":"http:\/\/akdenizolaygazetesi.com\/?p=13996"},"modified":"2021-09-03T13:13:26","modified_gmt":"2021-09-03T10:13:26","slug":"baskan-gultak-etkinliklerimiz-bunlarla-sinirli-kalmayacak","status":"publish","type":"post","link":"https:\/\/akdenizolaygazetesi.com\/?p=13996","title":{"rendered":"Ba\u015fkan G\u00fcltak; &#8220;Etkinliklerimiz bunlarla s\u0131n\u0131rl\u0131 kalmayacak&#8221;"},"content":{"rendered":"<p>Akdeniz&#8217;de Yaz Ak\u015famlar\u0131 etkinlikleri kapsam\u0131nda Karaduvar Mahallesinde Kibrit Kutusu m\u00fczik grubu konseri ger\u00e7ekle\u015firken, &#8216;Organize \u0130\u015fler Sazan Sarmal\u0131&#8217; sinema filminin de a\u00e7\u0131k hava g\u00f6sterimi yap\u0131ld\u0131. Ba\u015fkan Mustafa G\u00fcltak konuya ili\u015fkin yapt\u0131\u011f\u0131 de\u011ferlendirmede,&#8221;Vatanda\u015flar\u0131m\u0131z\u0131n bu s\u00fcre\u00e7te moral bulmas\u0131 en b\u00fcy\u00fck temennimiz. Yak\u0131nda k\u00fclt\u00fcr ve sanat etkinliklerimize dair \u00e7ok g\u00fczel s\u00fcrprizlerimiz olacak&#8221;  dedi.<br \/>\nAkdeniz Belediyesi, K\u00fclt\u00fcr ve Sosyal \u0130\u015fler M\u00fcd\u00fcrl\u00fc\u011f\u00fc&#8217;n\u00fcn organizasyonunda ger\u00e7ekle\u015fen &#8216;Yaz Ak\u015famlar\u0131&#8217; etkinliklerine kald\u0131\u011f\u0131 yerden devam ediyor. Bu kapsamda ge\u00e7ti\u011fimiz ak\u015fam Karadauvar Mahalle Muhtarl\u0131\u011f\u0131 \u00f6n\u00fcnde Kibrit Kutusu m\u00fczik grubunun birbirinden g\u00fczel \u015fark\u0131lar\u0131yla e\u011flenen vatanda\u015flar, konserin ard\u0131ndan da &#8216;Organize \u0130\u015fler Sazan Sarmal\u0131&#8217; sinema filmi ile a\u00e7\u0131k havada keyifli zamanlar ge\u00e7irdi. Ayr\u0131ca belediyeye ba\u011fl\u0131 ekipler vatanda\u015flara patlam\u0131\u015f m\u0131s\u0131r ve gazoz da\u011f\u0131tarak nostaljik yaz ak\u015famlar\u0131n\u0131n da ya\u015fanmas\u0131na vesile oldu.<br \/>\nBa\u015fkan G\u00fcltak; &#8220;Etkinliklerimiz bunlarla s\u0131n\u0131rl\u0131 kalmayacak&#8221;<br \/>\nYo\u011fun ilgi g\u00f6ren Akdeniz&#8217;de Yaz Ak\u015famlar\u0131 etkinlikleri hakk\u0131nda de\u011ferlendirmede bulunan Ba\u015fkan Mustafa G\u00fcltak; &#8220;Hemen her mahallemizde k\u00fclt\u00fcr sanat etkinliklerimizin ula\u015ft\u0131\u011f\u0131n\u0131 ve ilgi g\u00f6rd\u00fc\u011f\u00fcn\u00fc bilmek bizleri \u00e7ok mutlu ediyor. Sa\u011fl\u0131k a\u00e7\u0131s\u0131ndan t\u00fcm d\u00fcnya gibi \u00fclkemizde zor g\u00fcnler ge\u00e7irdi. Umuyorum ki bu s\u00fcreci de en k\u0131sa s\u00fcrede atlat\u0131r\u0131z. Bu anlamda t\u00fcm vatanda\u015flar\u0131m\u0131z\u0131n moral bulmas\u0131 en b\u00fcy\u00fck temennimiz. Etkinliklerimiz elbette bunlarla s\u0131n\u0131rl\u0131 kalmayacak. Yak\u0131nda k\u00fclt\u00fcr ve sanata dair g\u00fczel s\u00fcrprizlerimiz olacak&#8221; diye konu\u015ftu.<br \/>\nAkdeniz&#8217;de Yaz Ak\u015famlar\u0131 etkinlikleri kapsam\u0131nda K\u00fclt\u00fcr ve Sosyal \u0130\u015fler M\u00fcd\u00fcrl\u00fc\u011f\u00fc taraf\u0131ndan verilen bilgiye g\u00f6re, 04 Eyl\u00fcl Cumartesi g\u00fcn\u00fc saat 19:30&#8217;da Karacailyas D\u00fc\u011f\u00fcn Salonu yan\u0131nda Naciye \u00c7akmak konseri ger\u00e7ekle\u015ftirilecekken, yine ayn\u0131 yerde konser sonras\u0131 saat 20:30&#8217;da Ek\u015fi Elmalar filminin g\u00f6sterimi yap\u0131lacak. <\/p>\n","protected":false},"excerpt":{"rendered":"<p>Akdeniz&#8217;de Yaz Ak\u015famlar\u0131 etkinlikleri kapsam\u0131nda Karaduvar Mahallesinde Kibrit Kutusu m\u00fczik grubu konseri ger\u00e7ekle\u015firken, &#8216;Organize \u0130\u015fler Sazan Sarmal\u0131&#8217; sinema filminin de a\u00e7\u0131k hava g\u00f6sterimi yap\u0131ld\u0131. Ba\u015fkan Mustafa G\u00fcltak konuya ili\u015fkin yapt\u0131\u011f\u0131 &hellip; <a href=\"https:\/\/akdenizolaygazetesi.com\/?p=13996\" class=\"more-link\">Devam\u0131n\u0131 Oku&#8230;<\/a><\/p>\n","protected":false},"author":2,"featured_media":13997,"comment_status":"open","ping_status":"open","sticky":false,"template":"","format":"standard","meta":[],"categories":[3,5],"tags":[],"_links":{"self":[{"href":"https:\/\/akdenizolaygazetesi.com\/index.php?rest_route=\/wp\/v2\/posts\/13996"}],"collection":[{"href":"https:\/\/akdenizolaygazetesi.com\/index.php?rest_route=\/wp\/v2\/posts"}],"about":[{"href":"https:\/\/akdenizolaygazetesi.com\/index.php?rest_route=\/wp\/v2\/types\/post"}],"author":[{"embeddable":true,"href":"https:\/\/akdenizolaygazetesi.com\/index.php?rest_route=\/wp\/v2\/users\/2"}],"replies":[{"embeddable":true,"href":"https:\/\/akdenizolaygazetesi.com\/index.php?rest_route=%2Fwp%2Fv2%2Fcomments&post=13996"}],"version-history":[{"count":1,"href":"https:\/\/akdenizolaygazetesi.com\/index.php?rest_route=\/wp\/v2\/posts\/13996\/revisions"}],"predecessor-version":[{"id":13998,"href":"https:\/\/akdenizolaygazetesi.com\/index.php?rest_route=\/wp\/v2\/posts\/13996\/revisions\/13998"}],"wp:featuredmedia":[{"embeddable":true,"href":"https:\/\/akdenizolaygazetesi.com\/index.php?rest_route=\/wp\/v2\/media\/13997"}],"wp:attachment":[{"href":"https:\/\/akdenizolaygazetesi.com\/index.php?rest_route=%2Fwp%2Fv2%2Fmedia&parent=13996"}],"wp:term":[{"taxonomy":"category","embeddable":true,"href":"https:\/\/akdenizolaygazetesi.com\/index.php?rest_route=%2Fwp%2Fv2%2Fcategories&post=13996"},{"taxonomy":"post_tag","embeddable":true,"href":"https:\/\/akdenizolaygazetesi.com\/index.php?rest_route=%2Fwp%2Fv2%2Ftags&post=13996"}],"curies":[{"name":"wp","href":"https:\/\/api.w.org\/{rel}","templated":true}]}}