{"id":13999,"date":"2021-09-05T10:07:44","date_gmt":"2021-09-05T07:07:44","guid":{"rendered":"http:\/\/akdenizolaygazetesi.com\/?p=13999"},"modified":"2021-09-05T10:07:44","modified_gmt":"2021-09-05T07:07:44","slug":"toroslar-belediyesinden-sanata-destek","status":"publish","type":"post","link":"https:\/\/akdenizolaygazetesi.com\/?p=13999","title":{"rendered":"&#8220;Toroslar Belediyesi&#8217;nden Sanata Destek&#8221;"},"content":{"rendered":"<p>\u0130nsan odakl\u0131 ve \u00e7evik belediyecilik anlay\u0131\u015f\u0131 ile T\u00fcrkiye&#8217;ye \u00f6rnek olacak projelere imza atan Toroslar Belediye Ba\u015fkan\u0131 Ats\u0131z Af\u015f\u0131n Y\u0131lmaz, \u00e7al\u0131\u015fmalar\u0131n\u0131n \u00f6d\u00fcle lay\u0131k g\u00f6r\u00fclmesinin gururunu ya\u015fad\u0131klar\u0131n\u0131 s\u00f6yledi.<\/p>\n<p>Ba\u015fkan Y\u0131lmaz, Toroslar Belediyesi&#8217;nin Eyl\u00fcl ay\u0131 Meclis Toplant\u0131s\u0131&#8217;n\u0131n a\u00e7\u0131l\u0131\u015f konu\u015fmas\u0131na birlik ve beraberli\u011fe vurgu yaparak ba\u015flad\u0131.<\/p>\n<p>Ankara&#8217;da d\u00fczenlenen Gen\u00e7 Dostu \u015eehirler Fikir ve Proje Yar\u0131\u015fmas\u0131&#8217;nda &#8220;Tekno Toroslar&#8221; Projesi ile Cumhurba\u015fkan\u0131 Recep Tayyip Erdo\u011fan&#8217;dan \u00f6d\u00fcl ald\u0131klar\u0131n\u0131 belirten Ba\u015fkan Y\u0131lmaz, bu projenin \u00f6d\u00fclle ta\u00e7land\u0131r\u0131lmas\u0131na katk\u0131 sunan t\u00fcm \u00e7al\u0131\u015fma arkada\u015flar\u0131na te\u015fekk\u00fcr ederek; &#8220;Gen\u00e7lik ve Spor Bakanl\u0131\u011f\u0131 ile T\u00fcrkiye Belediyeler Birli\u011fi&#8217;nin d\u00fczenledi\u011fi Gen\u00e7 Dostu \u015eehirler Fikir ve Proje Yar\u0131\u015fmas\u0131&#8217;nda &#8220;Tekno Toroslar&#8221; Projemizle gen\u00e7 dostu belediye \u00f6d\u00fcl\u00fcn\u00fc ald\u0131k. \u00dczerinde \u00e7ok \u00e7al\u0131\u015ft\u0131\u011f\u0131m\u0131z bir proje. Bu t\u00fcr \u00f6d\u00fcller, bizi daha \u00e7ok g\u00fc\u00e7lendiriyor. Yeni \u00e7al\u0131\u015fmalar yapmam\u0131za vesile oluyor. G\u00f6z\u00fcm\u00fcz s\u00fcrekli ufuk \u00e7izgisinde. Amac\u0131m\u0131z, yeni teknolojiyi takip etmek ve gen\u00e7lerimize sunmak. Bu konuda gen\u00e7lerimizin ufkunu a\u00e7abilirsek ne mutlu bize. Eme\u011fi ge\u00e7en t\u00fcm \u00e7al\u0131\u015fma arkada\u015flar\u0131ma can\u0131 g\u00f6n\u00fclden te\u015fekk\u00fcr ediyorum&#8221; ifadelerini kulland\u0131.<\/p>\n<p>&#8220;Toroslar Belediyesi&#8217;nden Sanata Destek&#8221;<\/p>\n<p>Ba\u015fkan Y\u0131lmaz&#8217;\u0131n konu\u015fmas\u0131n\u0131n ard\u0131ndan g\u00fcndem maddelerine ge\u00e7ildi. 08-09-10 Ekim 2021 tarihleri aras\u0131nda ger\u00e7ekle\u015ftirilecek olan \u201c\u0130\u00e7el Sanat Kul\u00fcb\u00fc 26. Mersin Arkeoloji G\u00fcnleri\u201d i\u00e7in Toroslar Belediyesi b\u00fct\u00e7esinden 25 bin TL maddi deste\u011fin sa\u011flanmas\u0131na ili\u015fkin teklif g\u00f6r\u00fc\u015f\u00fclerek oy birli\u011fiyle kabul edildi.<\/p>\n<p>Ba\u015fkan Y\u0131lmaz, sanata ve sanat\u00e7\u0131ya her zaman destek vereceklerini belirterek; &#8220;Kentimizin faydas\u0131na olan, ulusal ve uluslararas\u0131 alanda tan\u0131t\u0131lmas\u0131na katk\u0131 sa\u011flayan her t\u00fcrl\u00fc \u00e7al\u0131\u015fman\u0131n yan\u0131nday\u0131z&#8221; dedi.<\/p>\n<p>Arpa\u00e7sakarlar Mahallesi muhtelif ada ve parsellerde yap\u0131lacak olan 1\/1000 \u00f6l\u00e7ekli Uygulama \u0130mar Plan\u0131 de\u011fi\u015fikli\u011fine ait \u0130mar ve Bay\u0131nd\u0131rl\u0131k Komisyonu ile \u00c7evre ve Sa\u011fl\u0131k Komisyonunun ortak raporu g\u00f6r\u00fc\u015f\u00fclerek oy birli\u011fiyle kabul edildi.<\/p>\n<p>Toplant\u0131,  Mersin \u0130li, Toroslar \u0130l\u00e7esi 3. Etap, 4. Etap, Kuzey Kent Giri\u015fi 5. Etap ve 8. Etap 1\/1000 \u00f6l\u00e7ekli Revizyon Uygulama \u0130mar Plan\u0131&#8217; na ili\u015fkin Plan ve B\u00fct\u00e7e, \u0130mar ve Bay\u0131nd\u0131rl\u0131k, \u00c7evre ve Sa\u011fl\u0131k, Gen\u00e7lik ve Spor, E\u011fitim, K\u00fclt\u00fcr, Sanat ve Sosyal \u0130\u015fler, Tar\u0131m, Orman ve Hayvanc\u0131l\u0131k \u0130\u015fleri ile Kad\u0131n-Erkek E\u015fitli\u011fi Komisyonlar\u0131n\u0131n ortak raporunun g\u00f6r\u00fc\u015f\u00fclerek oy birli\u011fiyle kabul edilmesinin ard\u0131ndan sona erdi.<\/p>\n<p>Toroslar Belediye Meclisi Ekim Ay\u0131 Meclis Toplant\u0131s\u0131&#8217;n\u0131n, 5 Ekim 2021 Sal\u0131 g\u00fcn\u00fc saat 14.00&#8217;de yap\u0131lmas\u0131na oy birli\u011fiyle karar verildi.<\/p>\n","protected":false},"excerpt":{"rendered":"<p>\u0130nsan odakl\u0131 ve \u00e7evik belediyecilik anlay\u0131\u015f\u0131 ile T\u00fcrkiye&#8217;ye \u00f6rnek olacak projelere imza atan Toroslar Belediye Ba\u015fkan\u0131 Ats\u0131z Af\u015f\u0131n Y\u0131lmaz, \u00e7al\u0131\u015fmalar\u0131n\u0131n \u00f6d\u00fcle lay\u0131k g\u00f6r\u00fclmesinin gururunu ya\u015fad\u0131klar\u0131n\u0131 s\u00f6yledi. Ba\u015fkan Y\u0131lmaz, Toroslar Belediyesi&#8217;nin &hellip; <a href=\"https:\/\/akdenizolaygazetesi.com\/?p=13999\" class=\"more-link\">Devam\u0131n\u0131 Oku&#8230;<\/a><\/p>\n","protected":false},"author":2,"featured_media":14000,"comment_status":"open","ping_status":"open","sticky":false,"template":"","format":"standard","meta":[],"categories":[3,5],"tags":[],"_links":{"self":[{"href":"https:\/\/akdenizolaygazetesi.com\/index.php?rest_route=\/wp\/v2\/posts\/13999"}],"collection":[{"href":"https:\/\/akdenizolaygazetesi.com\/index.php?rest_route=\/wp\/v2\/posts"}],"about":[{"href":"https:\/\/akdenizolaygazetesi.com\/index.php?rest_route=\/wp\/v2\/types\/post"}],"author":[{"embeddable":true,"href":"https:\/\/akdenizolaygazetesi.com\/index.php?rest_route=\/wp\/v2\/users\/2"}],"replies":[{"embeddable":true,"href":"https:\/\/akdenizolaygazetesi.com\/index.php?rest_route=%2Fwp%2Fv2%2Fcomments&post=13999"}],"version-history":[{"count":1,"href":"https:\/\/akdenizolaygazetesi.com\/index.php?rest_route=\/wp\/v2\/posts\/13999\/revisions"}],"predecessor-version":[{"id":14001,"href":"https:\/\/akdenizolaygazetesi.com\/index.php?rest_route=\/wp\/v2\/posts\/13999\/revisions\/14001"}],"wp:featuredmedia":[{"embeddable":true,"href":"https:\/\/akdenizolaygazetesi.com\/index.php?rest_route=\/wp\/v2\/media\/14000"}],"wp:attachment":[{"href":"https:\/\/akdenizolaygazetesi.com\/index.php?rest_route=%2Fwp%2Fv2%2Fmedia&parent=13999"}],"wp:term":[{"taxonomy":"category","embeddable":true,"href":"https:\/\/akdenizolaygazetesi.com\/index.php?rest_route=%2Fwp%2Fv2%2Fcategories&post=13999"},{"taxonomy":"post_tag","embeddable":true,"href":"https:\/\/akdenizolaygazetesi.com\/index.php?rest_route=%2Fwp%2Fv2%2Ftags&post=13999"}],"curies":[{"name":"wp","href":"https:\/\/api.w.org\/{rel}","templated":true}]}}