{"id":1400,"date":"2020-11-04T18:21:57","date_gmt":"2020-11-04T15:21:57","guid":{"rendered":"http:\/\/mersinekonomipolitikagazetesi.com\/?p=1400"},"modified":"2020-11-04T18:21:57","modified_gmt":"2020-11-04T15:21:57","slug":"ruslardan-turkiye-festivaline-yogun-ilgi","status":"publish","type":"post","link":"https:\/\/akdenizolaygazetesi.com\/?p=1400","title":{"rendered":"Ruslardan &#8220;T\u00fcrkiye Festivali&#8221;ne yo\u011fun ilgi"},"content":{"rendered":"<p>T\u00fcrkiye Otelciler Federasyonu (T\u00dcROFED) \u00f6nc\u00fcl\u00fc\u011f\u00fcnde Moskova&#8217;n\u0131n merkezinde 165 bin metrekarelik bir parkta kurulan &#8216;T\u00fcrkiye Festivali&#8217;nin ikinci g\u00fcn\u00fcnde Ruslar yo\u011fun ilgi g\u00f6sterdi. Festival alan\u0131n\u0131 havan\u0131n ya\u011f\u0131\u015fl\u0131 olmas\u0131na ra\u011fmen ilk g\u00fcn\u00fcnde 20 bin Rus ziyaret ederken havan\u0131n g\u00fcne\u015fli olu\u011fu ikinci g\u00fcnde ise yakla\u015f\u0131k 70 bin ki\u015finin ziyaret etmesi bekleniyor.<\/p>\n<p><span style=\"color: rgb(0, 0, 0); font-family: Tahoma, Arial, &quot;Times New Roman TUR&quot;, Verdana; font-size: 15px;\">Moskova\u2019da T\u00dcROFED\u2019in koordinasyonunda, K\u00fclt\u00fcr ve Turizm Bakanl\u0131\u011f\u0131, T\u00fcrkiye Turizm Yat\u0131r\u0131mc\u0131lar\u0131 Derne\u011fi (TYD), T\u00fcrkiye Seyahat Acenteleri Birli\u011fi (T\u00dcRSAB) T\u00fcrkiye Otelciler Birli\u011fi (T\u00dcROB), Turist Rehberleri Birli\u011fi (TUREB) ve Rus-T\u00fcrk \u0130\u015fadamlar\u0131 Birli\u011fi (RT\u0130B) taraf\u0131ndan desteklenen T\u00fcrkiye Festivali ikinci g\u00fcnde devam ediyor. Moskova merkezinde yer alan Krasnaya Presnya Park\u0131\u2019ndaki 165 d\u00f6n\u00fcml\u00fck alanda 3 g\u00fcn s\u00fcrecek festivalin ikinci g\u00fcn\u00fcnde T\u00fcrkiye\u2019nin Moskova B\u00fcy\u00fckel\u00e7isi H\u00fcseyin Diri\u00f6z, Antalya Valisi M\u00fcnir Karalo\u011flu, Turizm Bakanl\u0131\u011f\u0131 Tan\u0131tma Genel M\u00fcd\u00fcrl\u00fc\u011f\u00fc Genel M\u00fcd\u00fcr Yard\u0131mc\u0131s\u0131 Ahmet Ali Temurci, Antalya \u0130l K\u00fclt\u00fcr ve Turizm M\u00fcd\u00fcr\u00fc \u0130brahim Acar, T\u00dcROFED Ba\u015fkan\u0131 Osman Ay\u0131k, AKTOB Ba\u015fkan\u0131 Erkan Ya\u011fc\u0131 ve \u00e7ok say\u0131da turizmci Rus tatilcilerle g\u00f6r\u00fc\u015fmeler yapt\u0131.\u00a0<\/span><br style=\"color: rgb(0, 0, 0); font-family: Tahoma, Arial, &quot;Times New Roman TUR&quot;, Verdana; font-size: 15px;\" \/><br \/>\n<span style=\"color: rgb(0, 0, 0); font-family: Tahoma, Arial, &quot;Times New Roman TUR&quot;, Verdana; font-size: 15px;\">Festivalde \u0130stanbul, Antalya, Mu\u011fla, \u0130zmir, Ayd\u0131n, Nev\u015fehir, Gaziantep, Adana ve Mersin gibi \u015fehirlerin bir\u00e7ok turizm beldesi b\u00f6lgesel de\u011ferleri ve turizm zenginlikleri de kurulan \u00e7ad\u0131rlar da tan\u0131t\u0131lmaya devam ediyor. Festival alan\u0131ndaki giri\u015f kap\u0131s\u0131nda Ruslar\u0131 Mehteran tak\u0131m\u0131 kar\u015f\u0131lad\u0131. Yo\u011fun ya\u011fmura ra\u011fmen ilk g\u00fcnde Festival alan\u0131n\u0131 20 bin ki\u015fi ziyaret ederken, havan\u0131n g\u00fcne\u015fli oldu\u011fu ikinci g\u00fcnde de alan doldu. Park alan\u0131nda kurulan tan\u0131t\u0131m \u00e7ad\u0131rlar\u0131n\u0131n \u00f6n\u00fcnde uzun kuyruklar olu\u015furken, ikinci g\u00fcnde yakla\u015f\u0131k 70 bin Rus\u2019un ziyaret etmesi bekleniyor.<\/span><br style=\"color: rgb(0, 0, 0); font-family: Tahoma, Arial, &quot;Times New Roman TUR&quot;, Verdana; font-size: 15px;\" \/><br \/>\n<br style=\"color: rgb(0, 0, 0); font-family: Tahoma, Arial, &quot;Times New Roman TUR&quot;, Verdana; font-size: 15px;\" \/><br \/>\n<span style=\"color: rgb(0, 0, 0); font-family: Tahoma, Arial, &quot;Times New Roman TUR&quot;, Verdana; font-size: 15px;\">&#8220;Rusya pazar\u0131 da bizim en \u00f6nemli kaynak pazar&#8221;<\/span><br style=\"color: rgb(0, 0, 0); font-family: Tahoma, Arial, &quot;Times New Roman TUR&quot;, Verdana; font-size: 15px;\" \/><br \/>\n<span style=\"color: rgb(0, 0, 0); font-family: Tahoma, Arial, &quot;Times New Roman TUR&quot;, Verdana; font-size: 15px;\">T\u00dcROFED Ba\u015fkan\u0131 Osman Ay\u0131k, festivale kat\u0131l\u0131m\u0131n Moskova Fuar\u0131n\u0131n \u00fcst\u00fcnde olaca\u011f\u0131n\u0131 s\u00f6yledi.<\/span><br style=\"color: rgb(0, 0, 0); font-family: Tahoma, Arial, &quot;Times New Roman TUR&quot;, Verdana; font-size: 15px;\" \/><br \/>\n<span style=\"color: rgb(0, 0, 0); font-family: Tahoma, Arial, &quot;Times New Roman TUR&quot;, Verdana; font-size: 15px;\">Bu t\u00fcr bir festivalin \u015fimdiye kadar d\u00fczenlenmedi\u011fini hat\u0131rlatan Ay\u0131k, &#8220;Bu organizasyonu ilk defa yap\u0131yoruz. Burada ama\u00e7 al\u0131\u015f\u0131lm\u0131\u015f tan\u0131t\u0131m faaliyetlerinin d\u0131\u015f\u0131nda bir \u015fey yapmakt\u0131. Rusya Federasyonu pazar\u0131 da bizim en \u00f6nemli kaynak pazarlar\u0131m\u0131zdan bir tanesi. Buradaki ama\u00e7 \u00fcst d\u00fczey ili\u015fkilerin d\u00fczeldi\u011fini tabana indirmek halka da duyurmakt\u0131&#8221; dedi.<\/span><br style=\"color: rgb(0, 0, 0); font-family: Tahoma, Arial, &quot;Times New Roman TUR&quot;, Verdana; font-size: 15px;\" \/><br \/>\n<br style=\"color: rgb(0, 0, 0); font-family: Tahoma, Arial, &quot;Times New Roman TUR&quot;, Verdana; font-size: 15px;\" \/><br \/>\n<span style=\"color: rgb(0, 0, 0); font-family: Tahoma, Arial, &quot;Times New Roman TUR&quot;, Verdana; font-size: 15px;\">&#8220;Festivale olan yo\u011fun olan ilgi bizi \u015fa\u015f\u0131rtt\u0131&#8221;<\/span><br style=\"color: rgb(0, 0, 0); font-family: Tahoma, Arial, &quot;Times New Roman TUR&quot;, Verdana; font-size: 15px;\" \/><br \/>\n<span style=\"color: rgb(0, 0, 0); font-family: Tahoma, Arial, &quot;Times New Roman TUR&quot;, Verdana; font-size: 15px;\">Festival ile T\u00fcrkiye\u2019yi Rusya\u2019ya getirdiklerini ifade eden T\u00dcROFED Ba\u015fkan\u0131 Ay\u0131k, &#8220;Festivale olan yo\u011fun olan ilgi bizi \u015fa\u015f\u0131rtt\u0131. \u0130lginin bu kadar olaca\u011f\u0131n\u0131 beklemiyorduk. Yar\u0131n ak\u015fam alaca\u011f\u0131m\u0131z say\u0131lar burada d\u00fczenledi\u011fimiz Moskova fuar\u0131n\u0131n \u00fcst\u00fcnde olacakt\u0131r. Burada \u00e7ok farkl\u0131 bir tan\u0131t\u0131m oldu. Ben de bunun neticesini alaca\u011f\u0131m\u0131z\u0131 d\u00fc\u015f\u00fcn\u00fcyorum. Ruslar\u0131n bir \u00e7o\u011fu hala T\u00fcrkiye ile durumlar\u0131n yumu\u015fad\u0131\u011f\u0131n\u0131n fark\u0131nda de\u011fildi. Bu festival ile bunun fark\u0131na varacaklard\u0131r&#8221; ifadelerini kaydetti.<\/span><br style=\"color: rgb(0, 0, 0); font-family: Tahoma, Arial, &quot;Times New Roman TUR&quot;, Verdana; font-size: 15px;\" \/><br \/>\n<br style=\"color: rgb(0, 0, 0); font-family: Tahoma, Arial, &quot;Times New Roman TUR&quot;, Verdana; font-size: 15px;\" \/><br \/>\n<span style=\"color: rgb(0, 0, 0); font-family: Tahoma, Arial, &quot;Times New Roman TUR&quot;, Verdana; font-size: 15px;\">&#8220;Festival, fuar d\u0131\u015f\u0131nda yap\u0131lan \u00e7ok b\u00fcy\u00fck bir etkinlik&#8221;<\/span><br style=\"color: rgb(0, 0, 0); font-family: Tahoma, Arial, &quot;Times New Roman TUR&quot;, Verdana; font-size: 15px;\" \/><br \/>\n<span style=\"color: rgb(0, 0, 0); font-family: Tahoma, Arial, &quot;Times New Roman TUR&quot;, Verdana; font-size: 15px;\">AKTOB Ba\u015fkan\u0131 Erkan Ya\u011fc\u0131 ise T\u00fcrkiye Festivalinin Rusya da ilk kez yap\u0131ld\u0131\u011f\u0131n\u0131 s\u00f6yledi. Festivalin fuar d\u0131\u015f\u0131nda yap\u0131lan \u00e7ok b\u00fcy\u00fck bir etkinlik oldu\u011funu belirten Ya\u011fc\u0131, &#8220;Festivale \u00e7ok b\u00fcy\u00fck bir ilgi var. Do\u011fru bir i\u015f yapm\u0131\u015f\u0131z. T\u00fcrkiye ve Antalya imaj\u0131 turizmdeki \u00f6nemini anlatmak noktas\u0131nda g\u00fczel bir \u00e7al\u0131\u015fma oluyor. Bug\u00fcn artan bir talebi g\u00f6r\u00fcyoruz. Co\u015fkulu kalabal\u0131k otel ve destinasyonlara yo\u011fun ilgi g\u00f6steriyor. Moskova\u2019n\u0131n merkezinde olu\u015fturulan bu ortam ile t\u00fcm T\u00fcrkiye tan\u0131t\u0131lm\u0131\u015f oluyor. Burada direk t\u00fcketici ile g\u00f6r\u00fc\u015f\u00fcyoruz. Burada hedef t\u00fcketici&#8221; diye konu\u015ftu.<\/span><br style=\"color: rgb(0, 0, 0); font-family: Tahoma, Arial, &quot;Times New Roman TUR&quot;, Verdana; font-size: 15px;\" \/><br \/>\n<span style=\"color: rgb(0, 0, 0); font-family: Tahoma, Arial, &quot;Times New Roman TUR&quot;, Verdana; font-size: 15px;\">AKTOB Ba\u015fkan\u0131 Erkan Ya\u011fc\u0131, tan\u0131t\u0131m \u00e7al\u0131\u015fmalar\u0131n\u0131 \u00e7e\u015fitlendirmeleri gerekti\u011fini belirterek, &#8220;Fuarlar \u00f6nemli ama art\u0131k halkla da bulu\u015fmam\u0131z laz\u0131m. \u015eehirlerde \u00fclkeyi hissettirmemiz laz\u0131m. Bu festivalinde amac\u0131 bu&#8221; dedi.<\/span><\/p>\n","protected":false},"excerpt":{"rendered":"<p>T\u00fcrkiye Otelciler Federasyonu (T\u00dcROFED) \u00f6nc\u00fcl\u00fc\u011f\u00fcnde Moskova&#8217;n\u0131n merkezinde 165 bin metrekarelik bir parkta kurulan &#8216;T\u00fcrkiye Festivali&#8217;nin ikinci g\u00fcn\u00fcnde Ruslar yo\u011fun ilgi g\u00f6sterdi. Festival alan\u0131n\u0131 havan\u0131n ya\u011f\u0131\u015fl\u0131 olmas\u0131na ra\u011fmen ilk g\u00fcn\u00fcnde 20 &hellip; <a href=\"https:\/\/akdenizolaygazetesi.com\/?p=1400\" class=\"more-link\">Devam\u0131n\u0131 Oku&#8230;<\/a><\/p>\n","protected":false},"author":1,"featured_media":0,"comment_status":"open","ping_status":"open","sticky":false,"template":"","format":"standard","meta":[],"categories":[],"tags":[],"_links":{"self":[{"href":"https:\/\/akdenizolaygazetesi.com\/index.php?rest_route=\/wp\/v2\/posts\/1400"}],"collection":[{"href":"https:\/\/akdenizolaygazetesi.com\/index.php?rest_route=\/wp\/v2\/posts"}],"about":[{"href":"https:\/\/akdenizolaygazetesi.com\/index.php?rest_route=\/wp\/v2\/types\/post"}],"author":[{"embeddable":true,"href":"https:\/\/akdenizolaygazetesi.com\/index.php?rest_route=\/wp\/v2\/users\/1"}],"replies":[{"embeddable":true,"href":"https:\/\/akdenizolaygazetesi.com\/index.php?rest_route=%2Fwp%2Fv2%2Fcomments&post=1400"}],"version-history":[{"count":0,"href":"https:\/\/akdenizolaygazetesi.com\/index.php?rest_route=\/wp\/v2\/posts\/1400\/revisions"}],"wp:attachment":[{"href":"https:\/\/akdenizolaygazetesi.com\/index.php?rest_route=%2Fwp%2Fv2%2Fmedia&parent=1400"}],"wp:term":[{"taxonomy":"category","embeddable":true,"href":"https:\/\/akdenizolaygazetesi.com\/index.php?rest_route=%2Fwp%2Fv2%2Fcategories&post=1400"},{"taxonomy":"post_tag","embeddable":true,"href":"https:\/\/akdenizolaygazetesi.com\/index.php?rest_route=%2Fwp%2Fv2%2Ftags&post=1400"}],"curies":[{"name":"wp","href":"https:\/\/api.w.org\/{rel}","templated":true}]}}