{"id":14002,"date":"2021-09-05T10:14:14","date_gmt":"2021-09-05T07:14:14","guid":{"rendered":"http:\/\/akdenizolaygazetesi.com\/?p=14002"},"modified":"2021-09-05T10:14:14","modified_gmt":"2021-09-05T07:14:14","slug":"hukukcularimiz-adaletin-saglanmasinda-en-onemli-ayagi-olusturuyor","status":"publish","type":"post","link":"https:\/\/akdenizolaygazetesi.com\/?p=14002","title":{"rendered":"&#8220;HUKUK\u00c7ULARIMIZ, ADALET\u0130N SA\u011eLANMASINDA EN \u00d6NEML\u0130 AYA\u011eI OLU\u015eTURUYOR&#8221;"},"content":{"rendered":"<p>Akdeniz Belediye Ba\u015fkan\u0131 M. Mustafa G\u00fcltak, Mersin Barosu Ba\u015fkanl\u0131\u011f\u0131 taraf\u0131ndan d\u00fczenlenen Adli Y\u0131l A\u00e7\u0131l\u0131\u015f kokteyline kat\u0131ld\u0131. Ba\u015fkan G\u00fcltak; &#8220;Hukuk\u00e7ular\u0131m\u0131z, adaletin sa\u011flanmas\u0131 noktas\u0131nda en \u00f6nemli aya\u011f\u0131 olu\u015fturuyor. Kendilerine ba\u015far\u0131lar diliyor; yeni adli y\u0131l\u0131n hay\u0131rlara vesile olmas\u0131n\u0131 temenni ediyorum&#8221; dedi.<br \/>\nKongre ve Sergi Saray\u0131&#8217;nda d\u00fczenlenen kokteyle, \u00a0Mersin\u00a0Valisi Ali \u0130hsan Su,\u00a0Mersin\u00a0Cumhuriyet Ba\u015fsavc\u0131s\u0131 Tolgahan \u00d6ztoprak, Mersin\u00a0Baro Ba\u015fkan\u0131 Gazi \u00d6zdemir, Adana Baro Ba\u015fkan\u0131 Semih G\u00f6kayaz,\u00a0Mersin\u00a01. \u0130dare Mahkemesi Ba\u015fkan\u0131 Mustafa Serdenge\u00e7ti,\u00a0Mersin\u00a02. \u0130dare Mahkemesi Ba\u015fkan\u0131 Emin \u00d6zt\u00fcrk ile Mersin Milletvekilleri, il ve il\u00e7e belediye ba\u015fkanlar\u0131 ile \u00e7ok say\u0131da avukat kat\u0131ld\u0131.<br \/>\nBa\u015fkan G\u00fcltak; &#8220;Bug\u00fcn\u00fcn benim i\u00e7in ayr\u0131ca bir \u00f6nemi var&#8221;<br \/>\nAdli y\u0131l\u0131n a\u00e7\u0131l\u0131\u015f\u0131nda bas\u0131n mensuplar\u0131na a\u00e7\u0131klamada bulunan Akdeniz Belediye Ba\u015fkan\u0131 M. Mustafa G\u00fcltak; &#8220;Bug\u00fcn olduk\u00e7a \u00f6nemli bir g\u00fcn. Kendi k\u0131z\u0131m da avukat oldu\u011fundan dolay\u0131 bug\u00fcn\u00fcn benim i\u00e7in ayr\u0131ca bir \u00f6nemi var. Hukuk\u00e7ular\u0131m\u0131zdan hakimlerimiz, savc\u0131lar\u0131m\u0131z adaletin sa\u011flanmas\u0131nda, savunma noktas\u0131nda da avukatlar\u0131m\u0131z en \u00f6nemli aya\u011f\u0131 olu\u015fturuyorlar. Sizler tek ba\u015f\u0131n\u0131za bir \u015feyleri savunam\u0131yorsan\u0131z ya da sizleri savunan, hakk\u0131n\u0131z\u0131 arayan kimseler yoksa orada adaletin tamamen ortaya \u00e7\u0131kmas\u0131 m\u00fcmk\u00fcn de\u011fil&#8221; dedi.<br \/>\n&#8220;Toplumun huzur ve rafah\u0131n\u0131n teminat\u0131 adalettir&#8221;<br \/>\nBa\u015fkan G\u00fcltak; &#8220;Toplumun huzur ve rafah\u0131n\u0131n teminat\u0131 \u015f\u00fcphesiz adalettir. Bu sebepten avukatl\u0131k olduk\u00e7a \u00f6nemli bir meslek; savunma noktas\u0131 da bu i\u015fin elzem ayaklar\u0131ndan birisidir. Dolay\u0131s\u0131yla b\u00f6ylesi bir g\u00fcnde Mersin Baromuzu da yaln\u0131z b\u0131rakmak istemedik. Bu ba\u011flamda t\u00fcm hukuk\u00e7ular\u0131m\u0131za yeni d\u00f6nemde ba\u015far\u0131lar dilerken; adli y\u0131l\u0131m\u0131z\u0131n da hay\u0131rlara vesile olmas\u0131n\u0131 temenni ediyorum&#8221; diye konu\u015ftu. <\/p>\n","protected":false},"excerpt":{"rendered":"<p>Akdeniz Belediye Ba\u015fkan\u0131 M. Mustafa G\u00fcltak, Mersin Barosu Ba\u015fkanl\u0131\u011f\u0131 taraf\u0131ndan d\u00fczenlenen Adli Y\u0131l A\u00e7\u0131l\u0131\u015f kokteyline kat\u0131ld\u0131. Ba\u015fkan G\u00fcltak; &#8220;Hukuk\u00e7ular\u0131m\u0131z, adaletin sa\u011flanmas\u0131 noktas\u0131nda en \u00f6nemli aya\u011f\u0131 olu\u015fturuyor. Kendilerine ba\u015far\u0131lar diliyor; yeni &hellip; <a href=\"https:\/\/akdenizolaygazetesi.com\/?p=14002\" class=\"more-link\">Devam\u0131n\u0131 Oku&#8230;<\/a><\/p>\n","protected":false},"author":2,"featured_media":14003,"comment_status":"open","ping_status":"open","sticky":false,"template":"","format":"standard","meta":[],"categories":[1,2,3],"tags":[],"_links":{"self":[{"href":"https:\/\/akdenizolaygazetesi.com\/index.php?rest_route=\/wp\/v2\/posts\/14002"}],"collection":[{"href":"https:\/\/akdenizolaygazetesi.com\/index.php?rest_route=\/wp\/v2\/posts"}],"about":[{"href":"https:\/\/akdenizolaygazetesi.com\/index.php?rest_route=\/wp\/v2\/types\/post"}],"author":[{"embeddable":true,"href":"https:\/\/akdenizolaygazetesi.com\/index.php?rest_route=\/wp\/v2\/users\/2"}],"replies":[{"embeddable":true,"href":"https:\/\/akdenizolaygazetesi.com\/index.php?rest_route=%2Fwp%2Fv2%2Fcomments&post=14002"}],"version-history":[{"count":1,"href":"https:\/\/akdenizolaygazetesi.com\/index.php?rest_route=\/wp\/v2\/posts\/14002\/revisions"}],"predecessor-version":[{"id":14004,"href":"https:\/\/akdenizolaygazetesi.com\/index.php?rest_route=\/wp\/v2\/posts\/14002\/revisions\/14004"}],"wp:featuredmedia":[{"embeddable":true,"href":"https:\/\/akdenizolaygazetesi.com\/index.php?rest_route=\/wp\/v2\/media\/14003"}],"wp:attachment":[{"href":"https:\/\/akdenizolaygazetesi.com\/index.php?rest_route=%2Fwp%2Fv2%2Fmedia&parent=14002"}],"wp:term":[{"taxonomy":"category","embeddable":true,"href":"https:\/\/akdenizolaygazetesi.com\/index.php?rest_route=%2Fwp%2Fv2%2Fcategories&post=14002"},{"taxonomy":"post_tag","embeddable":true,"href":"https:\/\/akdenizolaygazetesi.com\/index.php?rest_route=%2Fwp%2Fv2%2Ftags&post=14002"}],"curies":[{"name":"wp","href":"https:\/\/api.w.org\/{rel}","templated":true}]}}