{"id":14005,"date":"2021-09-05T10:17:21","date_gmt":"2021-09-05T07:17:21","guid":{"rendered":"http:\/\/akdenizolaygazetesi.com\/?p=14005"},"modified":"2021-09-05T10:17:21","modified_gmt":"2021-09-05T07:17:21","slug":"akdenizde-oguz-aksac-ruzgari","status":"publish","type":"post","link":"https:\/\/akdenizolaygazetesi.com\/?p=14005","title":{"rendered":"AKDEN\u0130Z&#8217;DE O\u011eUZ AKSA\u00c7 R\u00dcZGARI"},"content":{"rendered":"<p>Akdeniz&#8217;de Yaz Ak\u015famlar\u0131 co\u015fkusu O\u011fuz Aksa\u00e7 konseri ile devam etti. Mersin Millet Bah\u00e7esi&#8217;nde y\u00fczlerce vatanda\u015f\u0131n kat\u0131ld\u0131\u011f\u0131 etkinlikte sahne alan Aksa\u00e7, sahne performans\u0131 ile Akdenizlilere e\u011flence dolu bir ak\u015fam ya\u015fatt\u0131.<br \/>\nAkdeniz Belediyesi K\u00fclt\u00fcr ve Sosyal \u0130\u015fler M\u00fcd\u00fcrl\u00fc\u011f\u00fc&#8217;n\u00fcn organize etti\u011fi Mersin Millet Bah\u00e7esi&#8217;ndeki etkinlikler O\u011fuz Aksa\u00e7 konseri ile s\u00fcrd\u00fc. Programa Akdeniz Belediyesi Ba\u015fkan Vekili Ayd\u0131n Egin&#8217;in yan\u0131 s\u0131ra \u00e7ok say\u0131da vatanda\u015f kat\u0131ld\u0131. Uzun bir s\u00fcre sahnede kalan Aksa\u00e7, Anadolu&#8217;nun bir \u00e7ok b\u00f6lgesinden s\u00f6yledi\u011fi birbirinden g\u00fczel \u015fark\u0131 ve t\u00fcrk\u00fclerle izleyenleri adeta b\u00fcy\u00fcledi. Ba\u015far\u0131l\u0131 sanat\u00e7\u0131 \u00e7e\u015fitli enstr\u00fcmanlarla yapt\u0131\u011f\u0131 \u015fovlarla da dikkat \u00e7ekerek b\u00fcy\u00fck alk\u0131\u015f toplad\u0131.<br \/>\nBu tarz k\u00fclt\u00fcrel etkinliklerin toplumun kayna\u015fma arac\u0131 olmas\u0131 a\u00e7\u0131s\u0131ndan \u00e7ok \u00f6nemli oldu\u011funa vurgu yapan O\u011fuz Aksa\u00e7, &#8220;\u00dclkemiz de\u011fi\u015fik s\u00fcre\u00e7lerden ge\u00e7ip, t\u00fcrl\u00fc s\u0131k\u0131nt\u0131lar\u0131 atlat\u0131rken insanlar\u0131n bazen 10 dakikal\u0131k mutluluklara dahi ihtiyac\u0131 oluyor. Bu imkan\u0131 sa\u011flad\u0131\u011f\u0131ndan ve sanata verdi\u011fi katk\u0131lardan dolay\u0131 de\u011ferli Akdeniz Belediye Ba\u015fkan\u0131 Say\u0131n Mustafa G\u00fcltak Beyefendi&#8217;ye ve ekibine \u00e7ok te\u015fekk\u00fcr ediyoruz&#8221; ifadelerini kulland\u0131.<br \/>\nAkdeniz Belediye Ba\u015fkan Vekili Ayd\u0131n Egin ise, &#8220;Akdeniz&#8217;de Yaz Ak\u015famlar\u0131 etkinliklerimiz t\u00fcm h\u0131z\u0131yla devam ediyor. Sesi, yorumu ve beyefendili\u011fi ile program\u0131m\u0131za katk\u0131 sunan \u00e7ok k\u0131ymetli sanat\u00e7\u0131 arkada\u015f\u0131m\u0131z O\u011fuz Aksa\u00e7&#8217;a bu ak\u015fam i\u00e7in te\u015fekk\u00fcr ediyoruz. K\u00fclt\u00fcr ve sanat faaliyetlerimize h\u0131z kesmeden devam edece\u011fiz. S\u0131rada Bal\u0131k Festivalimiz var. Hepinizi sayg\u0131, sevgi ve muhabbetle selaml\u0131yor; iyi e\u011flenceler diliyorum&#8221; dedi.<br \/>\nKonu\u015fmalar\u0131n ar\u0131ndan e\u011flence ayn\u0131 co\u015fkuyla devam ederken, vatanda\u015flar da halaylar \u00e7ekip, t\u00fcrk\u00fcler s\u00f6yleyerek keyifli bir ak\u015fam ya\u015fad\u0131. \u00d6te yandan etkinlikler kapsam\u0131nda, 6 Eyl\u00fcl Pazartesi g\u00fcn\u00fc saat 19.30&#8217;da Millet Bah\u00e7esi Sahil Etab\u0131&#8217;nda Roman ve M\u00fczisyenler Derne\u011fi&#8217;nin, sonras\u0131nda saat 20.30&#8217;da ise Detox Band m\u00fczik grubunun konseri yap\u0131lacak.<\/p>\n","protected":false},"excerpt":{"rendered":"<p>Akdeniz&#8217;de Yaz Ak\u015famlar\u0131 co\u015fkusu O\u011fuz Aksa\u00e7 konseri ile devam etti. Mersin Millet Bah\u00e7esi&#8217;nde y\u00fczlerce vatanda\u015f\u0131n kat\u0131ld\u0131\u011f\u0131 etkinlikte sahne alan Aksa\u00e7, sahne performans\u0131 ile Akdenizlilere e\u011flence dolu bir ak\u015fam ya\u015fatt\u0131. Akdeniz &hellip; <a href=\"https:\/\/akdenizolaygazetesi.com\/?p=14005\" class=\"more-link\">Devam\u0131n\u0131 Oku&#8230;<\/a><\/p>\n","protected":false},"author":2,"featured_media":14006,"comment_status":"open","ping_status":"open","sticky":false,"template":"","format":"standard","meta":[],"categories":[2,3,5],"tags":[],"_links":{"self":[{"href":"https:\/\/akdenizolaygazetesi.com\/index.php?rest_route=\/wp\/v2\/posts\/14005"}],"collection":[{"href":"https:\/\/akdenizolaygazetesi.com\/index.php?rest_route=\/wp\/v2\/posts"}],"about":[{"href":"https:\/\/akdenizolaygazetesi.com\/index.php?rest_route=\/wp\/v2\/types\/post"}],"author":[{"embeddable":true,"href":"https:\/\/akdenizolaygazetesi.com\/index.php?rest_route=\/wp\/v2\/users\/2"}],"replies":[{"embeddable":true,"href":"https:\/\/akdenizolaygazetesi.com\/index.php?rest_route=%2Fwp%2Fv2%2Fcomments&post=14005"}],"version-history":[{"count":1,"href":"https:\/\/akdenizolaygazetesi.com\/index.php?rest_route=\/wp\/v2\/posts\/14005\/revisions"}],"predecessor-version":[{"id":14007,"href":"https:\/\/akdenizolaygazetesi.com\/index.php?rest_route=\/wp\/v2\/posts\/14005\/revisions\/14007"}],"wp:featuredmedia":[{"embeddable":true,"href":"https:\/\/akdenizolaygazetesi.com\/index.php?rest_route=\/wp\/v2\/media\/14006"}],"wp:attachment":[{"href":"https:\/\/akdenizolaygazetesi.com\/index.php?rest_route=%2Fwp%2Fv2%2Fmedia&parent=14005"}],"wp:term":[{"taxonomy":"category","embeddable":true,"href":"https:\/\/akdenizolaygazetesi.com\/index.php?rest_route=%2Fwp%2Fv2%2Fcategories&post=14005"},{"taxonomy":"post_tag","embeddable":true,"href":"https:\/\/akdenizolaygazetesi.com\/index.php?rest_route=%2Fwp%2Fv2%2Ftags&post=14005"}],"curies":[{"name":"wp","href":"https:\/\/api.w.org\/{rel}","templated":true}]}}