{"id":1401,"date":"2020-11-04T18:21:57","date_gmt":"2020-11-04T15:21:57","guid":{"rendered":"http:\/\/mersinekonomipolitikagazetesi.com\/?p=1401"},"modified":"2020-11-04T18:21:57","modified_gmt":"2020-11-04T15:21:57","slug":"mhpli-belediye-baskanina-fetoden-takipsizlik-karari","status":"publish","type":"post","link":"https:\/\/akdenizolaygazetesi.com\/?p=1401","title":{"rendered":"MHP&#8217;li Belediye Ba\u015fkan\u0131na FET\u00d6&#8217;den takipsizlik karar\u0131"},"content":{"rendered":"<p>Mersin&#8217;in Anamur il\u00e7esinin MHP&#8217;li Belediye Ba\u015fkan\u0131 Mehmet T\u00fcre hakk\u0131nda yakla\u015f\u0131k 1 y\u0131ldan bu yana devam eden Fetullah\u00e7\u0131 Ter\u00f6r \u00d6rg\u00fct\u00fc\/ Paralel Devlet Yap\u0131lanmas\u0131 (FET\u00d6\/PDY) soru\u015fturmas\u0131nda takipsizlik karar\u0131 verildi\u011fi bildirildi.<\/p>\n<p><span style=\"color: rgb(0, 0, 0); font-family: Tahoma, Arial, &quot;Times New Roman TUR&quot;, Verdana; font-size: 15px;\">Karar\u0131 sosyal medya hesab\u0131ndan duyuran T\u00fcre, &#8220;De\u011ferli hem\u015fehrilerim, de\u011ferli yol arkada\u015flar\u0131m. Bana inand\u0131n\u0131z, bana g\u00fcvendiniz, beni hi\u00e7 yaln\u0131z b\u0131rakmad\u0131n\u0131z. Sonsuz te\u015fekk\u00fcrler. Allah her \u015feyi g\u00f6ren ve i\u015fitendir. Allah do\u011frunun yan\u0131ndad\u0131r. T\u00fcrk adaletine, hakim ve savc\u0131lar\u0131m\u0131za, emniyet ve jandarmam\u0131za g\u00fcvenim tamd\u0131r. Hakk\u0131m\u0131zdaki t\u00fcm iftiralar ve y\u0131pratmalar sonu\u00e7suz kalm\u0131\u015ft\u0131r. Takipsizlik karar\u0131 verilmi\u015ftir&#8221; dedi.<\/span><br style=\"color: rgb(0, 0, 0); font-family: Tahoma, Arial, &quot;Times New Roman TUR&quot;, Verdana; font-size: 15px;\" \/><br \/>\n<span style=\"color: rgb(0, 0, 0); font-family: Tahoma, Arial, &quot;Times New Roman TUR&quot;, Verdana; font-size: 15px;\">Mersin Cumhuriyet Ba\u015fsavc\u0131l\u0131\u011f\u0131&#8217;nca, darbeden haberdar oldu\u011fu ve \u00f6rg\u00fct\u00fcn s\u00f6zde imam\u0131 \u015eeref E.&#8217;den haz\u0131rl\u0131k yapmas\u0131n\u0131 istedi\u011fi iddias\u0131yla 20 Temmuz 2016&#8217;da evinde arama yap\u0131l\u0131p ifadesi al\u0131nan T\u00fcre hakk\u0131nda soru\u015fturma ba\u015flat\u0131lm\u0131\u015ft\u0131.<\/span><\/p>\n","protected":false},"excerpt":{"rendered":"<p>Mersin&#8217;in Anamur il\u00e7esinin MHP&#8217;li Belediye Ba\u015fkan\u0131 Mehmet T\u00fcre hakk\u0131nda yakla\u015f\u0131k 1 y\u0131ldan bu yana devam eden Fetullah\u00e7\u0131 Ter\u00f6r \u00d6rg\u00fct\u00fc\/ Paralel Devlet Yap\u0131lanmas\u0131 (FET\u00d6\/PDY) soru\u015fturmas\u0131nda takipsizlik karar\u0131 verildi\u011fi bildirildi. Karar\u0131 sosyal &hellip; <a href=\"https:\/\/akdenizolaygazetesi.com\/?p=1401\" class=\"more-link\">Devam\u0131n\u0131 Oku&#8230;<\/a><\/p>\n","protected":false},"author":1,"featured_media":0,"comment_status":"open","ping_status":"open","sticky":false,"template":"","format":"standard","meta":[],"categories":[],"tags":[],"_links":{"self":[{"href":"https:\/\/akdenizolaygazetesi.com\/index.php?rest_route=\/wp\/v2\/posts\/1401"}],"collection":[{"href":"https:\/\/akdenizolaygazetesi.com\/index.php?rest_route=\/wp\/v2\/posts"}],"about":[{"href":"https:\/\/akdenizolaygazetesi.com\/index.php?rest_route=\/wp\/v2\/types\/post"}],"author":[{"embeddable":true,"href":"https:\/\/akdenizolaygazetesi.com\/index.php?rest_route=\/wp\/v2\/users\/1"}],"replies":[{"embeddable":true,"href":"https:\/\/akdenizolaygazetesi.com\/index.php?rest_route=%2Fwp%2Fv2%2Fcomments&post=1401"}],"version-history":[{"count":0,"href":"https:\/\/akdenizolaygazetesi.com\/index.php?rest_route=\/wp\/v2\/posts\/1401\/revisions"}],"wp:attachment":[{"href":"https:\/\/akdenizolaygazetesi.com\/index.php?rest_route=%2Fwp%2Fv2%2Fmedia&parent=1401"}],"wp:term":[{"taxonomy":"category","embeddable":true,"href":"https:\/\/akdenizolaygazetesi.com\/index.php?rest_route=%2Fwp%2Fv2%2Fcategories&post=1401"},{"taxonomy":"post_tag","embeddable":true,"href":"https:\/\/akdenizolaygazetesi.com\/index.php?rest_route=%2Fwp%2Fv2%2Ftags&post=1401"}],"curies":[{"name":"wp","href":"https:\/\/api.w.org\/{rel}","templated":true}]}}