{"id":14011,"date":"2021-09-05T10:21:10","date_gmt":"2021-09-05T07:21:10","guid":{"rendered":"http:\/\/akdenizolaygazetesi.com\/?p=14011"},"modified":"2021-09-05T10:21:10","modified_gmt":"2021-09-05T07:21:10","slug":"buyuksehir-silifke-ve-erdemlide-uretici-kadin-stantlari-kurdu","status":"publish","type":"post","link":"https:\/\/akdenizolaygazetesi.com\/?p=14011","title":{"rendered":"B\u00dcY\u00dcK\u015eEH\u0130R, S\u0130L\u0130FKE VE ERDEML\u0130\u2019DE \u201c\u00dcRET\u0130C\u0130 KADIN STANTLARI\u201d KURDU"},"content":{"rendered":"<p>Kad\u0131nlar\u0131n \u00fcrettikleri \u00fcr\u00fcnlerin ekonomik de\u011fere d\u00f6n\u00fc\u015fmesi ve evdeki gizli kad\u0131n i\u015f g\u00fcc\u00fcn\u00fcn ortaya \u00e7\u0131kmas\u0131 amac\u0131yla \u00e7al\u0131\u015fmalar\u0131n\u0131 s\u00fcrd\u00fcren B\u00fcy\u00fck\u015fehir Belediyesi, Silifke ve Erdemli il\u00e7elerinde \u201c\u00dcretici Kad\u0131n Stantlar\u0131\u201d kurdu. Kad\u0131n ve Aile Hizmetleri Dairesi taraf\u0131ndan kurulan stantlarda \u00fcretici kad\u0131nlar binbir emek ve zahmetle \u00fcrettikleri \u00fcr\u00fcnlerin sat\u0131\u015f\u0131n\u0131 yap\u0131yor. Silifke\u2019de \u015eehir Stadyumu yan\u0131nda kurulan 15 stantta 40 kad\u0131n \u00fcretici, Erdemli\u2019de Do\u011fan Aquapark \u00f6n\u00fcnde kurulan 13 stantta ise 28 kad\u0131n \u00fcretici \u00fcr\u00fcnlerini sergiliyor.<\/p>\n<p>\u00dcreten kad\u0131nlara sat\u0131\u015f \u00f6ncesi pazarlama dersleri<\/p>\n<p>B\u00fcy\u00fck\u015fehir Belediyesi, kurdu\u011fu stantlarla kad\u0131nlar\u0131n eme\u011fini g\u00f6r\u00fcn\u00fcr k\u0131larken, verdi\u011fi e\u011fitimlerle de \u00fcr\u00fcnlerini pazarlamalar\u0131 noktas\u0131nda destek oluyor. Her iki il\u00e7ede de kad\u0131nlar stantlar\u0131n\u0131n ba\u015f\u0131na ge\u00e7meden \u00f6nce sat\u0131\u015f-pazarlama, diksiyon, m\u00fc\u015fteri ili\u015fkileri ve paketleme e\u011fitimleri ald\u0131. Verilen e\u011fitimler sayesinde \u00fcretici kad\u0131nlar sat\u0131\u015f konusunda donan\u0131m kazand\u0131.<\/p>\n<p>Stantlar sezon sonuna kadar a\u00e7\u0131k<\/p>\n<p>Silifke\u2019de stantlar sezon sonuna kadar per\u015fembe ve cuma g\u00fcnleri, Erdemli\u2019de ise yine sezon sonuna kadar cuma, cumartesi ve pazar g\u00fcnleri sat\u0131\u015fa a\u00e7\u0131k olacak.<\/p>\n<p>\u201c\u00c7al\u0131\u015fmalar\u0131m\u0131z di\u011fer il\u00e7elerde de devam edecek\u201d<\/p>\n<p>Kad\u0131n ve Aile Hizmetleri Dairesi\u2019nde g\u00f6revli Burcu Sert, evdeki gizli kad\u0131n i\u015f g\u00fcc\u00fcn\u00fc a\u00e7\u0131\u011fa \u00e7\u0131kartmay\u0131 hedeflediklerini vurgulayarak, \u201cBu projedeki amac\u0131m\u0131z kad\u0131nlar\u0131n ev ekonomisine katk\u0131 sa\u011flamak. Bu \u015fekildeki \u00e7al\u0131\u015fmalar\u0131m\u0131z di\u011fer il\u00e7elerde de devam edecek\u201d dedi.<\/p>\n<p>\u201cBiz Ya\u011fmur Deniz i\u00e7in buraday\u0131z\u201d<\/p>\n<p>CHP Silifke \u0130l\u00e7e Kad\u0131n Kollar\u0131 Ba\u015fkan\u0131 ve Silifke Belediye Meclis \u00dcyesi \u015eerife Y\u00f6r\u00fck\u00e7\u00fc, kurulan stantlarda SMA hastas\u0131 Ya\u011fmur Deniz i\u00e7in sat\u0131\u015f yapt\u0131klar\u0131n\u0131 ve buradan elde edilecek gelirle Ya\u011fmur Deniz\u2019in tedavisine katk\u0131 sa\u011flamak istediklerini belirtti. Y\u00f6r\u00fck\u00e7\u00fc, \u015funlar\u0131 s\u00f6yledi:<\/p>\n<p>\u201cKad\u0131nlara d\u00fc\u015f\u00fcn\u00fcld\u00fcklerini hissettirdi\u011fi i\u00e7in B\u00fcy\u00fck\u015fehir Belediye Ba\u015fkan\u0131m\u0131z Say\u0131n Vahap Se\u00e7er\u2019e te\u015fekk\u00fcr ediyorum. Biz Ya\u011fmur Deniz i\u00e7in buraday\u0131z. Kad\u0131n Kollar\u0131 ve Silifke\u2019deki Cumhuriyet Halk Partisi\u2019nde g\u00f6n\u00fcll\u00fc arkada\u015flar\u0131mla el eme\u011fi g\u00f6z nuru ufak tefek bir \u015feyler yapt\u0131k. Buradan gelecek gelirle Ya\u011fmur Deniz\u2019in kampanyas\u0131na biz de katk\u0131da bulunaca\u011f\u0131z.\u201d<\/p>\n<p>\u201cBuradan kazand\u0131klar\u0131yla \u00e7ocu\u011funu \u00fcniversitede okutanlar\u0131m\u0131z var\u201d<\/p>\n<p>\u00dcreticilerden Saniye Tekinol, bir\u00e7ok kad\u0131n\u0131n satt\u0131klar\u0131 \u00fcr\u00fcnlerle \u00e7ocu\u011funu okuttu\u011funu belirterek, \u201cEl i\u015fi \u00fcr\u00fcnler sat\u0131yoruz. Kad\u0131nlar\u0131m\u0131z \u00e7ok yarar g\u00f6r\u00fcyor. Buradan kazand\u0131klar\u0131yla \u00e7ocu\u011funu \u00fcniversitede okutanlar\u0131m\u0131z var. Elimizden ne gelirse yapmaya, \u00fcr\u00fcnlerimizi de\u011ferlendirmeye, her g\u00fcn \u00fcretmeye \u00e7al\u0131\u015f\u0131yoruz. \u00dcretici kad\u0131nlar\u0131m\u0131z bunu ileride daha da g\u00fczelle\u015ftirecek. \u00c7ok te\u015fekk\u00fcr ederiz Vahap Ba\u015fkan\u0131m\u0131za\u201d dedi.<\/p>\n<p>\u201cBen bununla ge\u00e7iniyorum\u201d<\/p>\n<p>Yapt\u0131\u011f\u0131 kuklalar\u0131 satarak ge\u00e7imini sa\u011flad\u0131\u011f\u0131n\u0131 belirten ve i\u015fini severek yapt\u0131\u011f\u0131n\u0131 s\u00f6yleyen Nemika Y\u0131ld\u0131z, \u201c\u00c7ok istedi\u011fim bir \u015feydi. Bu stantlar\u0131 kurdu\u011fu i\u00e7in B\u00fcy\u00fck\u015fehir\u2019e te\u015fekk\u00fcr ederim. \u0130lk kez geliyorum ve \u00e7ok memnun oldum. \u00c7ok mutluyum. Ben bu i\u015fleri yapmay\u0131 seviyorum. Yapt\u0131klar\u0131m\u0131 da kad\u0131n dayan\u0131\u015fmas\u0131 i\u00e7inde satmay\u0131 seviyorum. Ben bununla ge\u00e7iniyorum. \u00c7ok para getirmiyor ama bunlar\u0131 yaparken mutlu oluyorum. D\u00fcnyalara de\u011fer\u201d diye konu\u015ftu.<\/p>\n","protected":false},"excerpt":{"rendered":"<p>Kad\u0131nlar\u0131n \u00fcrettikleri \u00fcr\u00fcnlerin ekonomik de\u011fere d\u00f6n\u00fc\u015fmesi ve evdeki gizli kad\u0131n i\u015f g\u00fcc\u00fcn\u00fcn ortaya \u00e7\u0131kmas\u0131 amac\u0131yla \u00e7al\u0131\u015fmalar\u0131n\u0131 s\u00fcrd\u00fcren B\u00fcy\u00fck\u015fehir Belediyesi, Silifke ve Erdemli il\u00e7elerinde \u201c\u00dcretici Kad\u0131n Stantlar\u0131\u201d kurdu. Kad\u0131n ve Aile &hellip; <a href=\"https:\/\/akdenizolaygazetesi.com\/?p=14011\" class=\"more-link\">Devam\u0131n\u0131 Oku&#8230;<\/a><\/p>\n","protected":false},"author":2,"featured_media":14012,"comment_status":"open","ping_status":"open","sticky":false,"template":"","format":"standard","meta":[],"categories":[2,3,5],"tags":[],"_links":{"self":[{"href":"https:\/\/akdenizolaygazetesi.com\/index.php?rest_route=\/wp\/v2\/posts\/14011"}],"collection":[{"href":"https:\/\/akdenizolaygazetesi.com\/index.php?rest_route=\/wp\/v2\/posts"}],"about":[{"href":"https:\/\/akdenizolaygazetesi.com\/index.php?rest_route=\/wp\/v2\/types\/post"}],"author":[{"embeddable":true,"href":"https:\/\/akdenizolaygazetesi.com\/index.php?rest_route=\/wp\/v2\/users\/2"}],"replies":[{"embeddable":true,"href":"https:\/\/akdenizolaygazetesi.com\/index.php?rest_route=%2Fwp%2Fv2%2Fcomments&post=14011"}],"version-history":[{"count":1,"href":"https:\/\/akdenizolaygazetesi.com\/index.php?rest_route=\/wp\/v2\/posts\/14011\/revisions"}],"predecessor-version":[{"id":14013,"href":"https:\/\/akdenizolaygazetesi.com\/index.php?rest_route=\/wp\/v2\/posts\/14011\/revisions\/14013"}],"wp:featuredmedia":[{"embeddable":true,"href":"https:\/\/akdenizolaygazetesi.com\/index.php?rest_route=\/wp\/v2\/media\/14012"}],"wp:attachment":[{"href":"https:\/\/akdenizolaygazetesi.com\/index.php?rest_route=%2Fwp%2Fv2%2Fmedia&parent=14011"}],"wp:term":[{"taxonomy":"category","embeddable":true,"href":"https:\/\/akdenizolaygazetesi.com\/index.php?rest_route=%2Fwp%2Fv2%2Fcategories&post=14011"},{"taxonomy":"post_tag","embeddable":true,"href":"https:\/\/akdenizolaygazetesi.com\/index.php?rest_route=%2Fwp%2Fv2%2Ftags&post=14011"}],"curies":[{"name":"wp","href":"https:\/\/api.w.org\/{rel}","templated":true}]}}