{"id":14014,"date":"2021-09-05T10:22:58","date_gmt":"2021-09-05T07:22:58","guid":{"rendered":"http:\/\/akdenizolaygazetesi.com\/?p=14014"},"modified":"2021-09-05T10:22:58","modified_gmt":"2021-09-05T07:22:58","slug":"tarsusta-esnafi-gezen-baskan-secer-vatandasin-taleplerini-de-dinledi","status":"publish","type":"post","link":"https:\/\/akdenizolaygazetesi.com\/?p=14014","title":{"rendered":"TARSUS\u2019TA ESNAFI GEZEN BA\u015eKAN SE\u00c7ER, VATANDA\u015eIN TALEPLER\u0130N\u0130 DE D\u0130NLED\u0130"},"content":{"rendered":"<p>Mersin B\u00fcy\u00fck\u015fehir Belediye Ba\u015fkan\u0131 Vahap Se\u00e7er, vatanda\u015flarla bir araya gelmeye, taleplerini dinlemeye devam ediyor. Hafta sonu Tarsus\u2019u ziyaret eden Ba\u015fkan Se\u00e7er, program boyunca esnaf\u0131 gezip \u201cHay\u0131rl\u0131 i\u015fler\u201d diledi. Ba\u015fkan Se\u00e7er, vatanda\u015flar\u0131n da yo\u011fun ilgisi ile kar\u015f\u0131la\u015ft\u0131.<\/p>\n<p>Ba\u015fkan Se\u00e7er\u2019in Tarsus ziyaretine, CHP Mersin Milletvekili ve Parti Meclisi \u00dcyesi Ali Mahir Ba\u015far\u0131r, CHP Tarsus \u0130l\u00e7e Ba\u015fkan\u0131 Ozan Varal, B\u00fcy\u00fck\u015fehir Belediyesi Meclis \u00dcyesi ve Tarsus-\u00c7aml\u0131yayla Koordinat\u00f6r\u00fc Ali Bolta\u00e7 ve B\u00fcy\u00fck\u015fehir Belediye Meclis \u00fcyeleri de kat\u0131ld\u0131.<\/p>\n<p>Ba\u015fkan Se\u00e7er, pazar esnaf\u0131n\u0131 gezdi taleplerini dinledi<\/p>\n<p>Tarsus program\u0131na An\u0131t Mahallesi Kapal\u0131 Semt Pazar\u0131 esnaf\u0131n\u0131 ziyaret ederek ba\u015flayan Ba\u015fkan Se\u00e7er, esnafa \u201cHay\u0131rl\u0131 i\u015fler\u201d dileyerek taleplerini dinledi. Pazar esnaf\u0131 ziyareti s\u0131ras\u0131nda An\u0131t Mahalle Muhtar\u0131 Mustafa Naci G\u00fcll\u00fc, Ba\u015fkan Se\u00e7er\u2019e \u00e7i\u00e7ek takdim etti. Ziyaret boyunca pazarda bulunan vatanda\u015flara B\u00fcy\u00fck\u015fehir ekipleri taraf\u0131ndan pazar torbas\u0131 hediye edilirken, \u00e7ocuklara da hediyeler verildi.<\/p>\n<p>Pazar esnaf\u0131 ziyaretinin ard\u0131ndan Ba\u015fkan Se\u00e7er, Gazi Pa\u015fa ve Cumhuriyet Mahallelerinde esnaf\u0131 gezerek, vatanda\u015flarla bir araya geldi.<\/p>\n","protected":false},"excerpt":{"rendered":"<p>Mersin B\u00fcy\u00fck\u015fehir Belediye Ba\u015fkan\u0131 Vahap Se\u00e7er, vatanda\u015flarla bir araya gelmeye, taleplerini dinlemeye devam ediyor. Hafta sonu Tarsus\u2019u ziyaret eden Ba\u015fkan Se\u00e7er, program boyunca esnaf\u0131 gezip \u201cHay\u0131rl\u0131 i\u015fler\u201d diledi. Ba\u015fkan Se\u00e7er, &hellip; <a href=\"https:\/\/akdenizolaygazetesi.com\/?p=14014\" class=\"more-link\">Devam\u0131n\u0131 Oku&#8230;<\/a><\/p>\n","protected":false},"author":2,"featured_media":14015,"comment_status":"open","ping_status":"open","sticky":false,"template":"","format":"standard","meta":[],"categories":[2,3,5],"tags":[],"_links":{"self":[{"href":"https:\/\/akdenizolaygazetesi.com\/index.php?rest_route=\/wp\/v2\/posts\/14014"}],"collection":[{"href":"https:\/\/akdenizolaygazetesi.com\/index.php?rest_route=\/wp\/v2\/posts"}],"about":[{"href":"https:\/\/akdenizolaygazetesi.com\/index.php?rest_route=\/wp\/v2\/types\/post"}],"author":[{"embeddable":true,"href":"https:\/\/akdenizolaygazetesi.com\/index.php?rest_route=\/wp\/v2\/users\/2"}],"replies":[{"embeddable":true,"href":"https:\/\/akdenizolaygazetesi.com\/index.php?rest_route=%2Fwp%2Fv2%2Fcomments&post=14014"}],"version-history":[{"count":1,"href":"https:\/\/akdenizolaygazetesi.com\/index.php?rest_route=\/wp\/v2\/posts\/14014\/revisions"}],"predecessor-version":[{"id":14016,"href":"https:\/\/akdenizolaygazetesi.com\/index.php?rest_route=\/wp\/v2\/posts\/14014\/revisions\/14016"}],"wp:featuredmedia":[{"embeddable":true,"href":"https:\/\/akdenizolaygazetesi.com\/index.php?rest_route=\/wp\/v2\/media\/14015"}],"wp:attachment":[{"href":"https:\/\/akdenizolaygazetesi.com\/index.php?rest_route=%2Fwp%2Fv2%2Fmedia&parent=14014"}],"wp:term":[{"taxonomy":"category","embeddable":true,"href":"https:\/\/akdenizolaygazetesi.com\/index.php?rest_route=%2Fwp%2Fv2%2Fcategories&post=14014"},{"taxonomy":"post_tag","embeddable":true,"href":"https:\/\/akdenizolaygazetesi.com\/index.php?rest_route=%2Fwp%2Fv2%2Ftags&post=14014"}],"curies":[{"name":"wp","href":"https:\/\/api.w.org\/{rel}","templated":true}]}}