{"id":1402,"date":"2020-11-04T18:21:57","date_gmt":"2020-11-04T15:21:57","guid":{"rendered":"http:\/\/mersinekonomipolitikagazetesi.com\/?p=1402"},"modified":"2020-11-04T18:21:57","modified_gmt":"2020-11-04T15:21:57","slug":"kocamaz-mersin-idmanyurdunu-yeniden-ayaga-kaldiracak-yoneticilere-ihtiyac-var","status":"publish","type":"post","link":"https:\/\/akdenizolaygazetesi.com\/?p=1402","title":{"rendered":"Kocamaz: \u201cMersin \u0130dmanyurdu\u2019nu yeniden aya\u011fa kald\u0131racak y\u00f6neticilere ihtiya\u00e7 var\u201d"},"content":{"rendered":"<p>Mersin B\u00fcy\u00fck\u015fehir Belediye Ba\u015fkan\u0131 Burhanettin Kocamaz, S\u00fcper Lig\u2019den 2\u2019nci Lig\u2019e d\u00fc\u015fen Mersin \u0130dmanyurdu\u2019nu hep birlikte aya\u011fa kald\u0131rma \u00e7a\u011fr\u0131s\u0131 yaparak, \u201cKul\u00fcb\u00fc bu hale getirenlerin vebali kald\u0131rmas\u0131 gerekir. Mutlaka bu kul\u00fcb\u00fc yeniden diriltecek, yeniden aya\u011fa kald\u0131racak y\u00f6neticilere ihtiya\u00e7 var\u201d dedi.<\/p>\n<p><span style=\"color: rgb(0, 0, 0); font-family: Tahoma, Arial, &quot;Times New Roman TUR&quot;, Verdana; font-size: 15px;\">Mersin spor camias\u0131, Ba\u015fkan Kocamaz\u2019\u0131n ev sahipli\u011finde d\u00fczenlenen iftar yeme\u011finde bir araya geldi. Tevfik S\u0131rr\u0131 G\u00fcr Stadyumu\u2019nda d\u00fczenlenen iftar yeme\u011fine, Mersin Gen\u00e7lik Hizmetleri ve Spor \u0130l M\u00fcd\u00fcr\u00fc \u015eaban G\u00fcne\u015f, Mersin Amat\u00f6r Spor Kul\u00fcpleri Federasyonu Ba\u015fkan Vekili Ahmet Karata\u015f, T\u00fcrkiye Futbol Antren\u00f6rleri Derne\u011fi (T\u00dcFAD) Mersin \u015eubesi Ba\u015fkan\u0131 Mesut Bilir, T\u00fcrkiye Faal Futbol Hakemleri ve G\u00f6zlemcileri Derne\u011fi (TFFHGD) Mersin \u015eube Ba\u015fkan\u0131 Abuzer Bilen, Mersin \u0130dmanyurdu (M\u0130Y) Kul\u00fcp Ba\u015fkan\u0131 Mahmut Karak, Tarsus \u0130dmanyurdu (T\u0130Y) Kul\u00fcp Ba\u015fkan\u0131 \u00d6nder Ege ve spor camias\u0131ndan \u00e7ok say\u0131da isim kat\u0131ld\u0131.<\/span><br style=\"color: rgb(0, 0, 0); font-family: Tahoma, Arial, &quot;Times New Roman TUR&quot;, Verdana; font-size: 15px;\" \/><br \/>\n<span style=\"color: rgb(0, 0, 0); font-family: Tahoma, Arial, &quot;Times New Roman TUR&quot;, Verdana; font-size: 15px;\">\u201cStat yine Mersinlileri bir araya getirecek bir mekana d\u00f6n\u00fc\u015fmeli\u201d<\/span><br style=\"color: rgb(0, 0, 0); font-family: Tahoma, Arial, &quot;Times New Roman TUR&quot;, Verdana; font-size: 15px;\" \/><br \/>\n<span style=\"color: rgb(0, 0, 0); font-family: Tahoma, Arial, &quot;Times New Roman TUR&quot;, Verdana; font-size: 15px;\">Yemekte, oru\u00e7lar\u0131n a\u00e7\u0131lmas\u0131n\u0131n ard\u0131ndan konu\u015fan Ba\u015fkan Kocamaz, sporun bir kentte ortak payda olu\u015fturdu\u011funu ve insanlar\u0131 bir araya getirdi\u011fini s\u00f6yledi. G\u00f6reve geldikleri g\u00fcnden bu yana Mersin\u2019deki t\u00fcm spor kul\u00fcplerine destek olmaya \u00e7al\u0131\u015ft\u0131klar\u0131n\u0131 vurgulayan Kocamaz, Tevfik S\u0131rr\u0131 G\u00fcr Stadyumu\u2019nun durumuna da de\u011findi. Kocamaz, \u201cTevfik S\u0131rr\u0131 G\u00fcr Stadyumu Mersin\u2019in ge\u00e7mi\u015finde ve sporunda \u00e7ok \u00f6nemli bir mekan olmu\u015f, insanlar\u0131 bulu\u015fturmu\u015f, birle\u015ftirmi\u015f ve Mersinlilik ruhunun geli\u015fmesine \u00e7ok b\u00fcy\u00fck katk\u0131lar sa\u011flam\u0131\u015f. Ama \u015fimdi bu tesisin art\u0131k tarih sahnesinden silinmesiyle ilgili bir \u00e7al\u0131\u015fma var. Biz de bu yerin, yine bu b\u00f6lgenin insanlar\u0131n\u0131 bir araya getirebilecek bir mekana d\u00f6n\u00fc\u015ft\u00fcr\u00fclmesini arzu ediyoruz. Buras\u0131n\u0131n Mersin\u2019in bir meydan\u0131 olarak de\u011ferlendirilmesi, Mersin\u2019in kalbinin yine burada atmas\u0131 i\u00e7in projeler haz\u0131rl\u0131yoruz. Bu b\u00f6lgenin Mersin B\u00fcy\u00fck\u015fehir Belediyesi\u2019ne ge\u00e7mesine y\u00f6nelik TOK\u0130 ile de \u00e7al\u0131\u015fmalar yap\u0131yoruz\u201d dedi.<\/span><br style=\"color: rgb(0, 0, 0); font-family: Tahoma, Arial, &quot;Times New Roman TUR&quot;, Verdana; font-size: 15px;\" \/><br \/>\n<span style=\"color: rgb(0, 0, 0); font-family: Tahoma, Arial, &quot;Times New Roman TUR&quot;, Verdana; font-size: 15px;\">Kocamaz\u2019dan Mersin \u0130dmanyurdu ele\u015ftirisi<\/span><br style=\"color: rgb(0, 0, 0); font-family: Tahoma, Arial, &quot;Times New Roman TUR&quot;, Verdana; font-size: 15px;\" \/><br \/>\n<span style=\"color: rgb(0, 0, 0); font-family: Tahoma, Arial, &quot;Times New Roman TUR&quot;, Verdana; font-size: 15px;\">Mersin\u2019in bir markas\u0131 olan Mersin \u0130dmanyurdu\u2019nun i\u00e7erisine d\u00fc\u015ft\u00fc\u011f\u00fc duruma \u00fcz\u00fcld\u00fcklerinin alt\u0131n\u0131 \u00e7izen Kocamaz, \u201cDaha fazla k\u00f6t\u00fcye gitmemesi gerekir. \u0130nsanlar\u0131n birle\u015fmesi, hem kentine hem de kentin ortak de\u011feri olan Mersin \u0130dmanyurdu\u2019na sahip \u00e7\u0131kmas\u0131 gerekir. Bizde laf \u00fcreten \u00e7ok ama icraata gelinince ortaya \u00e7\u0131kan da maalesef yok\u201d diye konu\u015ftu.<\/span><br style=\"color: rgb(0, 0, 0); font-family: Tahoma, Arial, &quot;Times New Roman TUR&quot;, Verdana; font-size: 15px;\" \/><br \/>\n<span style=\"color: rgb(0, 0, 0); font-family: Tahoma, Arial, &quot;Times New Roman TUR&quot;, Verdana; font-size: 15px;\">Mersin \u0130dmanyurdu Kul\u00fcb\u00fc\u2019ne ger\u00e7ekten destek verebilecek ve kul\u00fcb\u00fcn y\u00fck\u00fcn\u00fc hep birlikte aya\u011fa kald\u0131rabilecek ve y\u00fck\u00fc payla\u015facak insanlara ihtiya\u00e7 oldu\u011funu s\u00f6yleyen Kocamaz, \u201cKul\u00fcp biz g\u00f6reve geldi\u011fimizde son hamlelerle o g\u00fcn\u00fcn y\u00f6netimiyle birlikte S\u00fcper Lig\u2019e yeniden d\u00f6nm\u00fc\u015ft\u00fc. Ama arkas\u0131ndan gelen y\u00f6netimler bu kul\u00fcb\u00fcn geldi\u011fi noktada durmas\u0131yla ilgili yeterli \u00e7abay\u0131, gayreti g\u00f6steremediler ve maalesef geldi\u011fi yerin de alt\u0131na yeniden d\u00f6nd\u00fc. \u015eu anda birle\u015fmeye, b\u00fct\u00fcnle\u015fmeye ihtiyac\u0131m\u0131z var. \u015eu anda bu kul\u00fcb\u00fcn y\u00fck\u00fcn\u00fc kald\u0131rabilecek y\u00f6neticilere ihtiyac\u0131m\u0131z var. Sadece y\u00f6netimde isim olsun d\u00fc\u015f\u00fcncesiyle insanlar\u0131n orada yer almas\u0131 yetmez. Mutlaka bu kul\u00fcb\u00fc yeniden diriltecek, yeniden aya\u011fa kald\u0131racak y\u00f6neticilere ihtiya\u00e7 var. Burada herkes i\u015fin kolay\u0131na sar\u0131l\u0131yor. Y\u00f6netime gelen kim olursa olsun b\u00fct\u00fcn \u00fcmidini Mersin B\u00fcy\u00fck\u015fehir Belediyesi\u2019ne ba\u011fl\u0131yor\u201d ifadelerini kulland\u0131.<\/span><br style=\"color: rgb(0, 0, 0); font-family: Tahoma, Arial, &quot;Times New Roman TUR&quot;, Verdana; font-size: 15px;\" \/><br \/>\n<span style=\"color: rgb(0, 0, 0); font-family: Tahoma, Arial, &quot;Times New Roman TUR&quot;, Verdana; font-size: 15px;\">\u201cKul\u00fcb\u00fc bu hale getirenler vebali kald\u0131rmal\u0131\u201d<\/span><br style=\"color: rgb(0, 0, 0); font-family: Tahoma, Arial, &quot;Times New Roman TUR&quot;, Verdana; font-size: 15px;\" \/><br \/>\n<span style=\"color: rgb(0, 0, 0); font-family: Tahoma, Arial, &quot;Times New Roman TUR&quot;, Verdana; font-size: 15px;\">Mersin \u0130dmanyurdu\u2019nun \u015fu anda sadece kald\u0131\u011f\u0131 tesislere borcunun 8 milyon liran\u0131n \u00fczerinde oldu\u011funa dikkat \u00e7eken Kocamaz, \u015funlar\u0131 s\u00f6yledi: \u201cBunun yan\u0131nda sahalardan dolay\u0131 Gen\u00e7lik Hizmetleri ve Spor \u0130l M\u00fcd\u00fcrl\u00fc\u011f\u00fc\u2019ne 5,5 milyon gibi bir borcu oldu\u011fu s\u00f6yleniyor. Bunlar\u0131 da \u00fcst \u00fcste getirdi\u011finiz zaman ger\u00e7ekten bu kul\u00fcb\u00fc bu hale getirenlerin bu vebali kald\u0131rmas\u0131 gerekti\u011fini bir kez daha yinelemek istiyorum. Yani ben kul\u00fcp y\u00f6neticisi olaca\u011f\u0131m ama herkes getirsin bana paray\u0131 versin, ben y\u00f6neteyim diye bir \u015fey yok. Hi\u00e7 kimse b\u00f6yle bir ta\u015f\u0131n alt\u0131na elini koyamaz. Oysa bizim bu ta\u015f\u0131n alt\u0131na g\u00f6vdesini koyacak insanlara ihtiyac\u0131m\u0131z var.\u201d<\/span><br style=\"color: rgb(0, 0, 0); font-family: Tahoma, Arial, &quot;Times New Roman TUR&quot;, Verdana; font-size: 15px;\" \/><br \/>\n<span style=\"color: rgb(0, 0, 0); font-family: Tahoma, Arial, &quot;Times New Roman TUR&quot;, Verdana; font-size: 15px;\">\u201cBu kul\u00fcb\u00fc hep birlikte aya\u011fa kald\u0131ral\u0131m\u201d<\/span><br style=\"color: rgb(0, 0, 0); font-family: Tahoma, Arial, &quot;Times New Roman TUR&quot;, Verdana; font-size: 15px;\" \/><br \/>\n<span style=\"color: rgb(0, 0, 0); font-family: Tahoma, Arial, &quot;Times New Roman TUR&quot;, Verdana; font-size: 15px;\">Mersin \u0130dmanyurdu\u2019nu hep birlikte aya\u011fa kald\u0131rma \u00e7a\u011fr\u0131s\u0131 yapan Kocamaz, \u201cBuradan t\u00fcm Mersin\u2019e sesleniyorum, i\u015f adamlar\u0131m\u0131za sesleniyorum, siyaset\u00e7ilerimize sesleniyorum, bu kente g\u00f6n\u00fcl veren sivil toplum kurulu\u015flar\u0131na sesleniyorum ve diyorum ki; gelin el ele verelim, bu kul\u00fcb\u00fc hep birlikte aya\u011fa kald\u0131ral\u0131m. Ger\u00e7ekten liyakatli, bu kul\u00fcbe maddi kaynak sa\u011flayabilecek y\u00f6neticileri getirelim ve bu kul\u00fcp tekrar hak etti\u011fi yere gelsin. B\u00fct\u00fcn amat\u00f6r futbol kul\u00fcplerimize de bu konuda g\u00f6rev d\u00fc\u015f\u00fcyor. Y\u0131llard\u0131r Mersin\u2019in yerlisi, Mersin\u2019de b\u00fcy\u00fcyen, g\u00f6nl\u00fc Mersin i\u00e7in \u00e7arpan sporcular, futbolcular maalesef Mersin \u0130dmanyurdu\u2019nda \u00e7ok fazla yer bulamad\u0131. Tak\u0131m\u0131n yar\u0131dan fazlas\u0131n\u0131n Mersin k\u00f6kenli, Mersin do\u011fumlu ya da ekme\u011fini buradan kazanan insanlardan, onlar\u0131n evlatlar\u0131ndan olu\u015fmas\u0131yla ancak bu kul\u00fcp daha fazla heyecan bulur, insanlar \u00e7ok daha fazla sahiplenir ve Mersin\u2019i en iyi \u015fekilde de temsil etme imkan\u0131n\u0131 yakalar\u201d \u015feklinde konu\u015ftu.<\/span><\/p>\n","protected":false},"excerpt":{"rendered":"<p>Mersin B\u00fcy\u00fck\u015fehir Belediye Ba\u015fkan\u0131 Burhanettin Kocamaz, S\u00fcper Lig\u2019den 2\u2019nci Lig\u2019e d\u00fc\u015fen Mersin \u0130dmanyurdu\u2019nu hep birlikte aya\u011fa kald\u0131rma \u00e7a\u011fr\u0131s\u0131 yaparak, \u201cKul\u00fcb\u00fc bu hale getirenlerin vebali kald\u0131rmas\u0131 gerekir. Mutlaka bu kul\u00fcb\u00fc yeniden &hellip; <a href=\"https:\/\/akdenizolaygazetesi.com\/?p=1402\" class=\"more-link\">Devam\u0131n\u0131 Oku&#8230;<\/a><\/p>\n","protected":false},"author":1,"featured_media":0,"comment_status":"open","ping_status":"open","sticky":false,"template":"","format":"standard","meta":[],"categories":[],"tags":[],"_links":{"self":[{"href":"https:\/\/akdenizolaygazetesi.com\/index.php?rest_route=\/wp\/v2\/posts\/1402"}],"collection":[{"href":"https:\/\/akdenizolaygazetesi.com\/index.php?rest_route=\/wp\/v2\/posts"}],"about":[{"href":"https:\/\/akdenizolaygazetesi.com\/index.php?rest_route=\/wp\/v2\/types\/post"}],"author":[{"embeddable":true,"href":"https:\/\/akdenizolaygazetesi.com\/index.php?rest_route=\/wp\/v2\/users\/1"}],"replies":[{"embeddable":true,"href":"https:\/\/akdenizolaygazetesi.com\/index.php?rest_route=%2Fwp%2Fv2%2Fcomments&post=1402"}],"version-history":[{"count":0,"href":"https:\/\/akdenizolaygazetesi.com\/index.php?rest_route=\/wp\/v2\/posts\/1402\/revisions"}],"wp:attachment":[{"href":"https:\/\/akdenizolaygazetesi.com\/index.php?rest_route=%2Fwp%2Fv2%2Fmedia&parent=1402"}],"wp:term":[{"taxonomy":"category","embeddable":true,"href":"https:\/\/akdenizolaygazetesi.com\/index.php?rest_route=%2Fwp%2Fv2%2Fcategories&post=1402"},{"taxonomy":"post_tag","embeddable":true,"href":"https:\/\/akdenizolaygazetesi.com\/index.php?rest_route=%2Fwp%2Fv2%2Ftags&post=1402"}],"curies":[{"name":"wp","href":"https:\/\/api.w.org\/{rel}","templated":true}]}}