{"id":14024,"date":"2021-09-06T13:29:14","date_gmt":"2021-09-06T10:29:14","guid":{"rendered":"http:\/\/akdenizolaygazetesi.com\/?p=14024"},"modified":"2021-09-06T13:29:14","modified_gmt":"2021-09-06T10:29:14","slug":"tum-turkiye-icin-hep-beraber-calisacagiz","status":"publish","type":"post","link":"https:\/\/akdenizolaygazetesi.com\/?p=14024","title":{"rendered":"\u201cT\u00dcM T\u00dcRK\u0130YE \u0130\u00c7\u0130N HEP BERABER \u00c7ALI\u015eACA\u011eIZ\u201d"},"content":{"rendered":"<p>Karaduvar K\u00fclt\u00fcr, Sanat, Spor ve E\u011fitim Derne\u011fi, Mersin B\u00fcy\u00fck\u015fehir Belediyesi\u2019nin de destekleriyle 14\u2019\u00fcnc\u00fc Karaduvar Tar\u0131m, Bal\u0131k\u00e7\u0131l\u0131k ve \u00c7evre Festivali d\u00fczenledi. Dans, halk oyunlar\u0131 ve \u015fark\u0131larla renklenen festivale Mersin B\u00fcy\u00fck\u015fehir Belediye Ba\u015fkan\u0131 Vahap Se\u00e7er, e\u015fi Meral Se\u00e7er ile birlikte kat\u0131larak co\u015fkuya ortak oldu. Festivalde gen\u00e7lere seslenen Ba\u015fkan Se\u00e7er, \u201cMustafa Kemal Atat\u00fcrk\u2019\u00fcn dedi\u011fi gibi \u2018Hayatta en hakiki m\u00fcr\u015fit ilimdir\u2019. \u0130limin pe\u015finden gidece\u011fiz. Okuyaca\u011f\u0131z, \u00f6\u011frenece\u011fiz, e\u011fitim alaca\u011f\u0131z\u201d dedi.<\/p>\n<p>Festivale; Ba\u015fkan Se\u00e7er ve e\u015fi Meral Se\u00e7er\u2019in yan\u0131 s\u0131ra CHP Mersin Milletvekili ve Parti Meclisi \u00dcyesi Ali Mahir Ba\u015far\u0131r, CHP Mersin Milletvekilleri Cengiz G\u00f6k\u00e7el ve Alpay Antmen, CHP Genel Gen\u00e7lik Kollar\u0131 Ba\u015fkan\u0131 ve Parti Meclisi \u00dcyesi Emre Y\u0131lmaz, CHP Akdeniz \u0130l\u00e7e Ba\u015fkan\u0131 Semih Palamut, B\u00fcy\u00fck\u015fehir Belediyesi b\u00fcrokratlar\u0131 ve daire ba\u015fkanlar\u0131, Karaduvar Mahalle Muhtar\u0131 Fikret Altan ve vatanda\u015flar kat\u0131ld\u0131. Karaduvar Derne\u011fi 3-5 ya\u015f dans grubunun sahnesi ile ba\u015flayan etkinlikte s\u0131ras\u0131yla Sanat\u00e7\u0131 Kadir \u00c7at, Karaduvar Derne\u011fi 6-8 ya\u015f halay grubu, Duvar Grubu, 10-16 ya\u015f Karaduvar Ate\u015fi ve Gripin sahne ald\u0131.<\/p>\n<p>\u201c\u0130n\u015fallah her y\u0131l bu zamanlar yine bu festivallerde beraber olaca\u011f\u0131z\u201d<\/p>\n<p>T\u00fcrkiye\u2019de do\u011fudan bat\u0131ya, kuzeyden g\u00fcneye herkesin karde\u015f oldu\u011fu vurgusuyla konu\u015fmas\u0131na ba\u015flayan Ba\u015fkan Se\u00e7er, \u201cBu \u00fclkeyi ayr\u0131\u015ft\u0131rmak, b\u00f6lmek, kampla\u015ft\u0131rmak isteyenlere, mezhep\u00e7ilere, me\u015frep\u00e7ilere inat birlik i\u00e7erisinde, karde\u015flik i\u00e7erisinde ya\u015fayaca\u011f\u0131z. Yata\u011f\u0131n\u0131zda rahat uyuyun. Sizler i\u00e7in \u00e7al\u0131\u015fan abileriniz var. Sizler i\u00e7in \u00e7al\u0131\u015fan b\u00fcy\u00fckleriniz var. Ama siz gen\u00e7lerden \u015funu istiyoruz: Mustafa Kemal Atat\u00fcrk\u2019\u00fcn dedi\u011fi gibi \u2018Hayatta en hakiki m\u00fcr\u015fit ilimdir\u2019. \u0130limin pe\u015finden gidece\u011fiz. Okuyaca\u011f\u0131z, \u00f6\u011frenece\u011fiz, e\u011fitim alaca\u011f\u0131z\u201d dedi.<\/p>\n<p>Karaduvar K\u00fclt\u00fcr Derne\u011fi\u2019nin \u00e7ok \u00f6nemli i\u015fler yapt\u0131\u011f\u0131n\u0131 vurgulayan Se\u00e7er, \u201cBak\u0131n her biri birbirinden g\u00fczel \u00e7ocuklar\u0131m\u0131z, her biri bizim k\u0131r \u00e7i\u00e7eklerimiz. Bizim de\u011ferlilerimiz, k\u0131ymetlilerimiz, evlatlar\u0131m\u0131z, yavrular\u0131m\u0131z. K\u00fclt\u00fcrle, sanatla, bilimle, ilimle yo\u011fruluyorlar. Bize b\u00f6yle gen\u00e7lik laz\u0131m. Sizleri seviyoruz. Sizleri say\u0131yoruz. Sizler bizim her \u015feyimizsiniz. \u0130n\u015fallah her y\u0131l bu zamanlar yine bu festivallerde beraber olaca\u011f\u0131z. \u015eunu tekrar ediyorum: Birlik i\u00e7erisinde, beraberlik i\u00e7erisinde, do\u011fudan bat\u0131ya, kuzeyden g\u00fcneye t\u00fcm T\u00fcrkiye i\u00e7in hep beraber \u00e7al\u0131\u015faca\u011f\u0131z\u201d ifadelerini kulland\u0131.<\/p>\n<p>\u201cSonuna kadar sizlerin yan\u0131nday\u0131z\u201d<\/p>\n<p>Festivalde konu\u015fan CHP Mersin Milletvekili Alpay Antmen, \u201cKendi mahallemde sizin kar\u015f\u0131n\u0131zda heyecanlanmamak m\u00fcmk\u00fcn de\u011fil. Ger\u00e7ekten \u00e7ok heyecanl\u0131 bir g\u00fcn. Karaduvar k\u00fclt\u00fcr\u00fcne sahip \u00e7\u0131k\u0131yorsunuz. Biz de sonuna kadar sizlerin yan\u0131n\u0131zday\u0131z\u201d dedi.<\/p>\n<p>CHP Mersin Milletvekili Cengiz G\u00f6k\u00e7el ise \u201cHer alanda \u00fclkemizin kalk\u0131nmas\u0131, geli\u015fmesi i\u00e7in m\u00fccadele eden bir siyasi anlay\u0131\u015f var. \u0130\u015fte o siyasi anlay\u0131\u015f\u0131n uzant\u0131s\u0131, dostlar\u0131m\u0131z\u0131n da deste\u011fi ile Mersin B\u00fcy\u00fck\u015fehir Belediye Ba\u015fkan\u0131 Say\u0131n Vahap Se\u00e7er var. Ben bu etkinlikte eme\u011fi ge\u00e7en b\u00fct\u00fcn dostlar\u0131ma, Mersin B\u00fcy\u00fck\u015fehir Belediye Ba\u015fkan\u0131m Say\u0131n Vahap Se\u00e7er\u2019e sonsuz te\u015fekk\u00fcr ediyorum\u201d diye konu\u015ftu.<\/p>\n<p>\u201cAnamur\u2019dan Tarsus\u2019a kadar art\u0131k Mersin \u0131\u015f\u0131l \u0131\u015f\u0131l\u201d<\/p>\n<p>CHP Mersin Milletvekili ve Parti Meclisi \u00dcyesi Ali Mahir Ba\u015far\u0131r, \u201cBelediye Ba\u015fkan\u0131ma \u00e7ok te\u015fekk\u00fcr ediyorum. Anamur\u2019dan Tarsus\u2019a kadar art\u0131k Mersin \u0131\u015f\u0131l \u0131\u015f\u0131l. Art\u0131k Mersin mutlu. Az \u00f6nce Karaduvar\u2019\u0131n \u00e7ocuklar\u0131n\u0131n g\u00f6sterilerini izlerken gurur duydum. Biz \u00fclkemizi, sizleri, kad\u0131nlar\u0131m\u0131z\u0131, \u00e7ocuklar\u0131m\u0131z\u0131 \u00e7ok seviyoruz\u201d dedi.<\/p>\n<p>1 Eyl\u00fcl D\u00fcnya Bar\u0131\u015f G\u00fcn\u00fc\u2019ne vurgu yapan CHP Gen\u00e7lik Kollar\u0131 Genel Ba\u015fkan\u0131 ve Parti Meclisi \u00dcyesi Emre Y\u0131lmaz, \u201cHer zaman hep birlikte ba\u015faraca\u011f\u0131m\u0131za inan\u0131yoruz. Yarin yana\u011f\u0131ndan gayr\u0131 her yerde, her \u015feyde hep beraber diyebilenlerin memleketini kurma \u00fcmidiyle hepiniz ho\u015f\u00e7a kal\u0131n\u201d diye konu\u015ftu. <\/p>\n<p>Karaduvar Mahalle Muhtar\u0131 Fikret Altan, katk\u0131lar\u0131ndan dolay\u0131 Ba\u015fkan Vahap Se\u00e7er\u2019e ve B\u00fcy\u00fck\u015fehir Belediyesi \u00e7al\u0131\u015fanlar\u0131na te\u015fekk\u00fcr ederek, \u201c\u00c7ok b\u00fcy\u00fck emek verdiler. Bizimle beraber oldular. Sa\u011f olun, var olun\u201d ifadelerine yer verdi.<\/p>\n<p>Duvar Grubundan Ba\u015fkan Se\u00e7er\u2019e te\u015fekk\u00fcr<\/p>\n<p>Festivalde sahne alan Duvar Grubu, B\u00fcy\u00fck\u015fehir Belediyesi\u2019nin pandemide m\u00fczisyenlere sundu\u011fu desteklerden dolay\u0131 Ba\u015fkan Se\u00e7er\u2019e te\u015fekk\u00fcr etti. Grubun Solisti Akka\u015f, \u201cPandemi s\u00fcrecinde \u00e7ok s\u0131k\u0131nt\u0131lar ya\u015fad\u0131k. Bize sahip \u00e7\u0131kan, abilik yapan, babal\u0131k yapan Say\u0131n B\u00fcy\u00fck\u015fehir Belediye Ba\u015fkan\u0131m\u0131za kendi grubum ve t\u00fcm m\u00fczisyen arkada\u015flar\u0131m, abilerim ad\u0131na \u00e7ok te\u015fekk\u00fcr ederim\u201d dedi.<\/p>\n<p>Yap\u0131lan konu\u015fmalar\u0131n ard\u0131ndan Gripin sahne alarak \u015fark\u0131lar s\u00f6yledi. Ba\u015fkan Se\u00e7er, Gripin gurubuna \u00e7i\u00e7ek takdim etti.<\/p>\n","protected":false},"excerpt":{"rendered":"<p>Karaduvar K\u00fclt\u00fcr, Sanat, Spor ve E\u011fitim Derne\u011fi, Mersin B\u00fcy\u00fck\u015fehir Belediyesi\u2019nin de destekleriyle 14\u2019\u00fcnc\u00fc Karaduvar Tar\u0131m, Bal\u0131k\u00e7\u0131l\u0131k ve \u00c7evre Festivali d\u00fczenledi. Dans, halk oyunlar\u0131 ve \u015fark\u0131larla renklenen festivale Mersin B\u00fcy\u00fck\u015fehir Belediye &hellip; <a href=\"https:\/\/akdenizolaygazetesi.com\/?p=14024\" class=\"more-link\">Devam\u0131n\u0131 Oku&#8230;<\/a><\/p>\n","protected":false},"author":2,"featured_media":14025,"comment_status":"open","ping_status":"open","sticky":false,"template":"","format":"standard","meta":[],"categories":[34,2,3,5],"tags":[],"_links":{"self":[{"href":"https:\/\/akdenizolaygazetesi.com\/index.php?rest_route=\/wp\/v2\/posts\/14024"}],"collection":[{"href":"https:\/\/akdenizolaygazetesi.com\/index.php?rest_route=\/wp\/v2\/posts"}],"about":[{"href":"https:\/\/akdenizolaygazetesi.com\/index.php?rest_route=\/wp\/v2\/types\/post"}],"author":[{"embeddable":true,"href":"https:\/\/akdenizolaygazetesi.com\/index.php?rest_route=\/wp\/v2\/users\/2"}],"replies":[{"embeddable":true,"href":"https:\/\/akdenizolaygazetesi.com\/index.php?rest_route=%2Fwp%2Fv2%2Fcomments&post=14024"}],"version-history":[{"count":1,"href":"https:\/\/akdenizolaygazetesi.com\/index.php?rest_route=\/wp\/v2\/posts\/14024\/revisions"}],"predecessor-version":[{"id":14026,"href":"https:\/\/akdenizolaygazetesi.com\/index.php?rest_route=\/wp\/v2\/posts\/14024\/revisions\/14026"}],"wp:featuredmedia":[{"embeddable":true,"href":"https:\/\/akdenizolaygazetesi.com\/index.php?rest_route=\/wp\/v2\/media\/14025"}],"wp:attachment":[{"href":"https:\/\/akdenizolaygazetesi.com\/index.php?rest_route=%2Fwp%2Fv2%2Fmedia&parent=14024"}],"wp:term":[{"taxonomy":"category","embeddable":true,"href":"https:\/\/akdenizolaygazetesi.com\/index.php?rest_route=%2Fwp%2Fv2%2Fcategories&post=14024"},{"taxonomy":"post_tag","embeddable":true,"href":"https:\/\/akdenizolaygazetesi.com\/index.php?rest_route=%2Fwp%2Fv2%2Ftags&post=14024"}],"curies":[{"name":"wp","href":"https:\/\/api.w.org\/{rel}","templated":true}]}}