{"id":14027,"date":"2021-09-06T13:31:42","date_gmt":"2021-09-06T10:31:42","guid":{"rendered":"http:\/\/akdenizolaygazetesi.com\/?p=14027"},"modified":"2021-09-06T13:31:42","modified_gmt":"2021-09-06T10:31:42","slug":"ogrencilerimiz-ve-ogretmenlerimiz-kadar-mutlu-ve-heyecanliyiz","status":"publish","type":"post","link":"https:\/\/akdenizolaygazetesi.com\/?p=14027","title":{"rendered":"&#8216;\u00d6\u011frencilerimiz ve \u00f6\u011fretmenlerimiz kadar mutlu ve heyecanl\u0131y\u0131z&#8217;"},"content":{"rendered":"<p>Ba\u015fkan Mustafa G\u00fcltak, Koronavir\u00fcs nedeniyle ara verilen ve 6 Eyl\u00fcl 2021 tarihinde yeniden ba\u015flayan e\u011fitim-\u00f6\u011fretim d\u00f6nemi nedeniyle bir kutlama mesaj\u0131 yay\u0131mlad\u0131. Ba\u015fkan G\u00fcltak; \u201cHasret sona eriyor; de\u011ferli \u00f6\u011fretmenlerimiz ve sevgili \u00f6\u011frencilerimiz okullar\u0131na ve arkada\u015flar\u0131na yeniden kavu\u015fuyor\u201d dedi.<br \/>\nAkdeniz Belediye Ba\u015fkan\u0131 M. Mustafa G\u00fcltak, 2021-2022 E\u011fitim ve \u00d6\u011fretim D\u00f6nemi nedeniyle yay\u0131mlad\u0131\u011f\u0131 mesaj\u0131nda \u015fu ifadeleri kulland\u0131; \u201cT\u00fcm d\u00fcnyay\u0131 etkileyen Koronavir\u00fcs salg\u0131n\u0131ndan dolay\u0131 uzunca bir s\u00fcredir ara verilen e\u011fitim ve \u00f6\u011fretim sezonunun yar\u0131n y\u00fcz y\u00fcze yeniden ba\u015flayacak olmas\u0131 nedeniyle en az \u00f6\u011frencilerimiz ve \u00f6\u011fretmenlerimiz kadar mutlu ve heyecanl\u0131y\u0131z.<br \/>\nYeni e\u011fitim-\u00f6\u011fretim y\u0131l\u0131m\u0131z kutlu olsun, hepimize ba\u015far\u0131 ve mutluluk getirsin. Akdeniz Belediyesi olarak, e\u011fitim ya\u015fam\u0131n\u0131n her an\u0131nda \u00f6\u011fretmen ve \u00f6\u011frencilerimizin yan\u0131nda olmaya devam edece\u011fiz. En k\u0131ymetli varl\u0131\u011f\u0131m\u0131z ve gelece\u011fimizin umudu ve teminat\u0131 olan \u00e7ocuklar\u0131m\u0131z\u0131n e\u011fitimine deste\u011fimiz, \u00f6zellikle de e\u011fitimde f\u0131rsat e\u015fitli\u011fi sa\u011flayan hizmet ve projelerimiz devam edecek.<br \/>\nBu duygu ve d\u00fc\u015f\u00fcncelerle; 2021-2022 E\u011fitim ve \u00d6\u011fretim D\u00f6nemi\u2019nin t\u00fcm \u00fclkemize ve milletimize hay\u0131rl\u0131 ve u\u011furlu olmas\u0131n\u0131 temenni ediyorum. \u00d6\u011fretmenlerimiz, \u00f6\u011frencilerimiz ve velilerimiz ba\u015fta olmak \u00fczere b\u00fct\u00fcn e\u011fitim camias\u0131na ba\u015far\u0131l\u0131, sa\u011fl\u0131kl\u0131 ve huzurlu bir y\u0131l ve gelecek diliyorum.\u201d<\/p>\n","protected":false},"excerpt":{"rendered":"<p>Ba\u015fkan Mustafa G\u00fcltak, Koronavir\u00fcs nedeniyle ara verilen ve 6 Eyl\u00fcl 2021 tarihinde yeniden ba\u015flayan e\u011fitim-\u00f6\u011fretim d\u00f6nemi nedeniyle bir kutlama mesaj\u0131 yay\u0131mlad\u0131. Ba\u015fkan G\u00fcltak; \u201cHasret sona eriyor; de\u011ferli \u00f6\u011fretmenlerimiz ve sevgili &hellip; <a href=\"https:\/\/akdenizolaygazetesi.com\/?p=14027\" class=\"more-link\">Devam\u0131n\u0131 Oku&#8230;<\/a><\/p>\n","protected":false},"author":2,"featured_media":14028,"comment_status":"open","ping_status":"open","sticky":false,"template":"","format":"standard","meta":[],"categories":[1,3,5],"tags":[],"_links":{"self":[{"href":"https:\/\/akdenizolaygazetesi.com\/index.php?rest_route=\/wp\/v2\/posts\/14027"}],"collection":[{"href":"https:\/\/akdenizolaygazetesi.com\/index.php?rest_route=\/wp\/v2\/posts"}],"about":[{"href":"https:\/\/akdenizolaygazetesi.com\/index.php?rest_route=\/wp\/v2\/types\/post"}],"author":[{"embeddable":true,"href":"https:\/\/akdenizolaygazetesi.com\/index.php?rest_route=\/wp\/v2\/users\/2"}],"replies":[{"embeddable":true,"href":"https:\/\/akdenizolaygazetesi.com\/index.php?rest_route=%2Fwp%2Fv2%2Fcomments&post=14027"}],"version-history":[{"count":1,"href":"https:\/\/akdenizolaygazetesi.com\/index.php?rest_route=\/wp\/v2\/posts\/14027\/revisions"}],"predecessor-version":[{"id":14029,"href":"https:\/\/akdenizolaygazetesi.com\/index.php?rest_route=\/wp\/v2\/posts\/14027\/revisions\/14029"}],"wp:featuredmedia":[{"embeddable":true,"href":"https:\/\/akdenizolaygazetesi.com\/index.php?rest_route=\/wp\/v2\/media\/14028"}],"wp:attachment":[{"href":"https:\/\/akdenizolaygazetesi.com\/index.php?rest_route=%2Fwp%2Fv2%2Fmedia&parent=14027"}],"wp:term":[{"taxonomy":"category","embeddable":true,"href":"https:\/\/akdenizolaygazetesi.com\/index.php?rest_route=%2Fwp%2Fv2%2Fcategories&post=14027"},{"taxonomy":"post_tag","embeddable":true,"href":"https:\/\/akdenizolaygazetesi.com\/index.php?rest_route=%2Fwp%2Fv2%2Ftags&post=14027"}],"curies":[{"name":"wp","href":"https:\/\/api.w.org\/{rel}","templated":true}]}}