{"id":14030,"date":"2021-09-07T09:40:50","date_gmt":"2021-09-07T06:40:50","guid":{"rendered":"http:\/\/akdenizolaygazetesi.com\/?p=14030"},"modified":"2021-09-07T09:40:50","modified_gmt":"2021-09-07T06:40:50","slug":"3-gunde-28-mahalleyi-ziyaret-etti","status":"publish","type":"post","link":"https:\/\/akdenizolaygazetesi.com\/?p=14030","title":{"rendered":"&#8220;3 G\u00fcnde 28 Mahalleyi Ziyaret Etti&#8221;"},"content":{"rendered":"<p>\u00c7evik Belediyecilik anlay\u0131\u015f\u0131yla \u00e7al\u0131\u015fmalar yapan Toroslar Belediye Ba\u015fkan\u0131 Ats\u0131z Af\u015f\u0131n Y\u0131lmaz, hafta sonu il\u00e7edeki 28 yaylay\u0131 ziyaret etti.<\/p>\n<p>Alanyal\u0131, K\u0131z\u0131lkaya, De\u011firmendere, Ayvagedi\u011fi, \u00c7and\u0131r, \u015eahinp\u0131nar\u0131, Musal\u0131, Evrenli, Dalakderesi, Doruklu, Y\u00fcksekoluk, \u00c7a\u011flarca, Horozlu, G\u00fczelyayla, Kayrakke\u015flik, Kerimler, Korucular, Kepirli, Bekiralan\u0131, Sadiye, T\u0131rtar, De\u011fnek, Arslank\u00f6y, Kavakl\u0131p\u0131nar, Yenik\u00f6y, Yavca, Kurudere ve Alada\u011f Mahallelerinin tamam\u0131n\u0131 gezen Ba\u015fkan Y\u0131lmaz&#8217;\u0131, vatanda\u015flar b\u00fcy\u00fck bir co\u015fku ve sevgiyle kar\u015f\u0131lad\u0131.<\/p>\n<p>&#8220;3 G\u00fcnde 28 Mahalleyi Ziyaret Etti&#8221;<\/p>\n<p>Hem\u015fehrileriyle selamla\u015f\u0131p, esnaf\u0131 ziyaret eden ve taleplerini dinleyen Ba\u015fkan Y\u0131lmaz&#8217;a; MHP Toroslar \u0130l\u00e7e Ba\u015fkan\u0131 H\u00fcsn\u00fc Do\u011fan, AK Parti Toroslar \u0130l\u00e7e Ba\u015fkan\u0131 Bekir Top\u00e7u, Toroslar \u00dclk\u00fc Ocaklar\u0131 Ba\u015fkan\u0131 Vural Koparan ve belediye meclis \u00fcyeleri de e\u015flik etti.<\/p>\n<p>Toroslar&#8217;\u0131 ula\u015f\u0131mdan imara, spordan turizme, k\u00fclt\u00fcrel mirastan tar\u0131ma ve istihdama kadar bir\u00e7ok proje ve \u00e7al\u0131\u015fmalarla daha ya\u015fan\u0131labilir bir kent haline getirmenin mutlulu\u011funu ya\u015fad\u0131klar\u0131n\u0131 belirten Ba\u015fkan Y\u0131lmaz, il\u00e7e genelindeki t\u00fcm \u00e7al\u0131\u015fmalar hakk\u0131nda bilgiler verdi.<\/p>\n<p>Ba\u015fkan Y\u0131lmaz, 2 bu\u00e7uk y\u0131lda 67 bin ton asfalt, 425 bin metrekare kilit parke yol \u00e7al\u0131\u015fmas\u0131 yapt\u0131klar\u0131n\u0131 kaydederek, her mahallede  yap\u0131lan ve devam eden \u00e7al\u0131\u015fmalar\u0131 da tek tek anlatt\u0131.<\/p>\n<p>&#8220;\u00c7erkes Dans\u0131 \u0130le Kar\u015f\u0131land\u0131lar&#8221;<\/p>\n<p>Ba\u015fkan Y\u0131lmaz, Sadiye Mahallesi&#8217;ndeki ziyaretinde ise bir s\u00fcrprizle kar\u015f\u0131la\u015ft\u0131.<\/p>\n<p>Belediye Meclisi&#8217;nde al\u0131nan karar ile mahallelerinin yeniden &#8220;Sadiye&#8221; ismine kavu\u015fmas\u0131ndan dolay\u0131 memnuniyetlerini dile getiren mahalle sakinleri, Ba\u015fkan Y\u0131lmaz&#8217;a mahallelerine sundu\u011fu g\u00fczel hizmetlerinden dolay\u0131 \u00c7erkes Dans\u0131yla te\u015fekk\u00fcr ettiler.<\/p>\n<p>Ba\u015fkan Y\u0131lmaz, ikram edilen \u00e7erkes \u00e7ay\u0131 e\u015fli\u011finde mahalle sakinleriyle sohbet ederek, g\u00f6r\u00fc\u015f al\u0131\u015fveri\u015finde bulundu ve taleplerini dinledi.<\/p>\n<p>Mahalle ziyaretlerinde bir konu\u015fma yapan MHP Toroslar \u0130l\u00e7e Ba\u015fkan\u0131 H\u00fcsn\u00fc Do\u011fan, Toroslar Belediye Ba\u015fkan\u0131 Ats\u0131z Af\u015f\u0131n Y\u0131lmaz ile birlikte Toroslar&#8217;\u0131 kar\u0131\u015f kar\u0131\u015f gezdiklerini belirterek; &#8220;Cumhur \u0130ttifak\u0131 olarak siz de\u011ferli hem\u015fehrilerimizin yan\u0131nday\u0131z. \u0130ki elman\u0131n yar\u0131s\u0131 gibi bir b\u00fct\u00fcn\u00fcz. Cumhur \u0130ttifak\u0131 sadece bir se\u00e7im ittifak\u0131 de\u011fildir. Y\u00fcce T\u00fcrk Milleti&#8217;nin g\u00f6nl\u00fcnde taht kurmu\u015f, iki bilge liderin bir araya gelerek \u00fclkemizi ve milletimizi daha ileriye g\u00f6t\u00fcrebilmek i\u00e7in kurdu\u011fu bir birlikteliktir. Bu ba\u011flamda 2023 lider \u00fclke T\u00fcrkiye hedefiyle Toroslar Belediye Ba\u015fkan\u0131m\u0131z Say\u0131n Ats\u0131z Af\u015f\u0131n Y\u0131lmaz, AK Parti Toroslar \u0130l\u00e7e Ba\u015fkan\u0131m\u0131z Say\u0131n Bekir Top\u00e7u ile birlikte uyum i\u00e7erisinde \u00e7al\u0131\u015fmaya devam ediyoruz. 67 mahallemizin tamam\u0131nda ad\u0131m atmad\u0131k yer b\u0131rakm\u0131yoruz&#8221; ifadelerini kulland\u0131.<\/p>\n<p>Daha sonra s\u00f6z alan AK Parti Toroslar \u0130l\u00e7e Ba\u015fkan\u0131 Bekir Top\u00e7u da Toroslar&#8217;\u0131n en \u015fansl\u0131 ve g\u00fc\u00e7l\u00fc bir d\u00f6nemi ya\u015fad\u0131\u011f\u0131n\u0131 kaydederek; &#8220;Hem h\u00fck\u00fcmetimizin hem belediyemizin a\u011f\u0131rl\u0131\u011f\u0131 bu b\u00f6lgede. Cumhur \u0130ttifak\u0131 olarak Cumhurba\u015fkan\u0131m\u0131z Say\u0131n Recep Tayyip Erdo\u011fan ve MHP Genel Ba\u015fkan\u0131 Devlet Bah\u00e7eli&#8217;ye yak\u0131\u015fan  bir \u015fekilde parti g\u00f6zetmeksizin hizmetin en iyisini yap\u0131yoruz. AK Parti grubu ad\u0131na Belediye Ba\u015fkan\u0131m\u0131z Say\u0131n Ats\u0131z Af\u015f\u0131n Y\u0131lmaz ile uyum i\u00e7erisinde \u00e7al\u0131\u015f\u0131yoruz ve birlikte g\u00fczel i\u015flere imza at\u0131yoruz. Bu \u00e7al\u0131\u015fmalar\u0131m\u0131za hep birlikte devam edece\u011fiz&#8221; diye konu\u015ftu.<\/p>\n<p>&#8220;GELENEKTE DE B\u0130Z VARIZ, GE\u00c7M\u0130\u015eTE DE B\u0130Z VARIZ&#8221;<\/p>\n<p>Toroslar Belediye Ba\u015fkan\u0131 Ats\u0131z Af\u015f\u0131n Y\u0131lmaz da T\u00fcrkiye&#8217;de \u00c7evik Belediyecilik anlay\u0131\u015f\u0131n\u0131 benimseyen ilk belediye olduklar\u0131n\u0131 vurgulayarak; &#8220;Ekiplerimizi, \u00e7al\u0131\u015fmalar\u0131m\u0131z\u0131 art\u0131rd\u0131k. Hep ufuk \u00e7izgisindeyiz. Bilimsel \u00e7al\u0131\u015f\u0131yoruz. Yeni bilgiler, metotlar ar\u0131yor ve uyguluyoruz. Uygulamaya da devam edece\u011fiz&#8221; dedi.<\/p>\n<p>Ba\u015fkan Y\u0131lmaz, her mahallenin kendileri i\u00e7in ayr\u0131 bir de\u011fer ta\u015f\u0131d\u0131\u011f\u0131n\u0131 ve Mersin&#8217;de belediyeler aras\u0131nda mahallelere en \u00e7ok hizmet g\u00f6t\u00fcren belediye olduklar\u0131n\u0131 kaydederek, g\u00f6reve geldikleri g\u00fcnden bug\u00fcne kadar muhtarlarla da uyum i\u00e7erisinde \u00e7al\u0131\u015ft\u0131klar\u0131n\u0131 s\u00f6yledi.<\/p>\n<p>Ba\u015fkan Y\u0131lmaz, Ankara&#8217;da d\u00fczenlenen Gen\u00e7 Dostu \u015eehirler Fikir ve Proje Yar\u0131\u015fmas\u0131&#8217;nda &#8220;Tekno Toroslar&#8221; Projesi ile Cumhurba\u015fkan\u0131 Recep Tayyip Erdo\u011fan&#8217;dan \u00f6d\u00fcl alman\u0131n gururunu ya\u015fad\u0131klar\u0131n\u0131 ifade ederek; &#8220;Tamamen kendi personelimizle yapt\u0131\u011f\u0131m\u0131z bir proje. \u00d6d\u00fcle lay\u0131k g\u00f6r\u00fcld\u00fc. Hay\u0131rl\u0131 u\u011furlu olsun. Bu bizim vizyonumuzu, gelecekte yapacaklar\u0131m\u0131z\u0131 g\u00f6steren bir \u00f6d\u00fcl. Say\u0131n Cumhurba\u015fkan\u0131m\u0131z\u0131n elinden \u00f6d\u00fcl almak da ayr\u0131 bir \u015feref. Se\u00e7im \u00f6ncesi verdi\u011fimiz s\u00f6z\u00fc tutuyoruz. D\u00fcnyada ne teknoloji varsa Mersin&#8217;de ilk defa b\u00f6lgemizde olacak. \u00c7ocuklar\u0131m\u0131z, gen\u00e7lerimiz Tekno Toroslar&#8217;da teknolojiyle tan\u0131\u015facak, e\u011fitimini alacak&#8221; \u015feklinde konu\u015ftu.<\/p>\n<p>Ba\u015fkan Y\u0131lmaz, Cumhur \u0130ttifak\u0131&#8217;n\u0131n Toroslar&#8217;da T\u00fcrkiye&#8217;ye \u00f6rnek olacak i\u015f birli\u011fi i\u00e7erisinde oldu\u011funu s\u00f6yleyerek; &#8220;Cumhur \u0130ttifak\u0131 olarak T\u00fcrkiye&#8217;de en uyumlu \u00e7al\u0131\u015fan il\u00e7elerden biriyiz. Cumhur \u0130ttifak\u0131&#8217;n\u0131 ve y\u00fcksek hedeflerini benimsiyoruz. 30 y\u0131ld\u0131r i\u015fgal alt\u0131ndaki Karaba\u011f, Cumhur \u0130ttifak\u0131&#8217;n\u0131n milli iradesiyle kurtuldu. 46 y\u0131ld\u0131r kapal\u0131 olan K\u0131br\u0131s Mara\u015f, Cumhur \u0130ttifak\u0131&#8217;n\u0131n milli iradesiyle a\u00e7\u0131lm\u0131\u015ft\u0131r. Cumhur \u0130ttifak\u0131, sadece bir se\u00e7im ittifak\u0131 de\u011fildir. Sahada bunu bilerek ve hedeflerini benimseyerek hep beraber \u00e7al\u0131\u015f\u0131yoruz. Bir ve beraber olduk\u00e7a, sizler var olduk\u00e7a \u00e7ok \u015f\u00fck\u00fcr bu milletin s\u0131rt\u0131 yere gelmez&#8221; ifadelerini kulland\u0131.<\/p>\n<p>Toroslar&#8217;da Karakucak g\u00fcre\u015flerini d\u00fczenlediklerini ve belediye b\u00fcnyesinde g\u00fcre\u015f kursu a\u00e7t\u0131klar\u0131n\u0131 da hat\u0131rlatan Ba\u015fkan Y\u0131lmaz; &#8220;Gelenekte de biz var\u0131z, gelecekte de biz var\u0131z&#8221; diyerek mahalle sakinleriyle kucakla\u015ft\u0131, tek tek sohbet etti.<\/p>\n<p>Mahalle sakinleri de Ba\u015fkan Y\u0131lmaz&#8217;a mahallelerine sundu\u011fu hizmetlerden dolay\u0131 te\u015fekk\u00fcr etti. Mahalle muhtarlar\u0131 da; &#8220;Ba\u015fkan\u0131m\u0131z bug\u00fcne kadar bize ne s\u00f6z verdiyse yerine getiriyor. Mahallelerimizi ziyaret ederek, bizleri onurland\u0131rd\u0131. Kendisine te\u015fekk\u00fcr ediyoruz&#8221; dedi.<\/p>\n<p>Ba\u015fkan Y\u0131lmaz, mahalle ziyaretlerinde \u00e7ocuklarla da yak\u0131ndan ilgilenerek, e\u011fitim seti hediye etti.<\/p>\n","protected":false},"excerpt":{"rendered":"<p>\u00c7evik Belediyecilik anlay\u0131\u015f\u0131yla \u00e7al\u0131\u015fmalar yapan Toroslar Belediye Ba\u015fkan\u0131 Ats\u0131z Af\u015f\u0131n Y\u0131lmaz, hafta sonu il\u00e7edeki 28 yaylay\u0131 ziyaret etti. Alanyal\u0131, K\u0131z\u0131lkaya, De\u011firmendere, Ayvagedi\u011fi, \u00c7and\u0131r, \u015eahinp\u0131nar\u0131, Musal\u0131, Evrenli, Dalakderesi, Doruklu, Y\u00fcksekoluk, \u00c7a\u011flarca, &hellip; <a href=\"https:\/\/akdenizolaygazetesi.com\/?p=14030\" class=\"more-link\">Devam\u0131n\u0131 Oku&#8230;<\/a><\/p>\n","protected":false},"author":2,"featured_media":14031,"comment_status":"open","ping_status":"open","sticky":false,"template":"","format":"standard","meta":[],"categories":[1,2,3,5],"tags":[],"_links":{"self":[{"href":"https:\/\/akdenizolaygazetesi.com\/index.php?rest_route=\/wp\/v2\/posts\/14030"}],"collection":[{"href":"https:\/\/akdenizolaygazetesi.com\/index.php?rest_route=\/wp\/v2\/posts"}],"about":[{"href":"https:\/\/akdenizolaygazetesi.com\/index.php?rest_route=\/wp\/v2\/types\/post"}],"author":[{"embeddable":true,"href":"https:\/\/akdenizolaygazetesi.com\/index.php?rest_route=\/wp\/v2\/users\/2"}],"replies":[{"embeddable":true,"href":"https:\/\/akdenizolaygazetesi.com\/index.php?rest_route=%2Fwp%2Fv2%2Fcomments&post=14030"}],"version-history":[{"count":1,"href":"https:\/\/akdenizolaygazetesi.com\/index.php?rest_route=\/wp\/v2\/posts\/14030\/revisions"}],"predecessor-version":[{"id":14032,"href":"https:\/\/akdenizolaygazetesi.com\/index.php?rest_route=\/wp\/v2\/posts\/14030\/revisions\/14032"}],"wp:featuredmedia":[{"embeddable":true,"href":"https:\/\/akdenizolaygazetesi.com\/index.php?rest_route=\/wp\/v2\/media\/14031"}],"wp:attachment":[{"href":"https:\/\/akdenizolaygazetesi.com\/index.php?rest_route=%2Fwp%2Fv2%2Fmedia&parent=14030"}],"wp:term":[{"taxonomy":"category","embeddable":true,"href":"https:\/\/akdenizolaygazetesi.com\/index.php?rest_route=%2Fwp%2Fv2%2Fcategories&post=14030"},{"taxonomy":"post_tag","embeddable":true,"href":"https:\/\/akdenizolaygazetesi.com\/index.php?rest_route=%2Fwp%2Fv2%2Ftags&post=14030"}],"curies":[{"name":"wp","href":"https:\/\/api.w.org\/{rel}","templated":true}]}}