{"id":14039,"date":"2021-09-07T09:48:07","date_gmt":"2021-09-07T06:48:07","guid":{"rendered":"http:\/\/akdenizolaygazetesi.com\/?p=14039"},"modified":"2021-09-07T09:48:07","modified_gmt":"2021-09-07T06:48:07","slug":"10-bin-mektup-yazip-mahalle-sakinlerine-ulastiracagim","status":"publish","type":"post","link":"https:\/\/akdenizolaygazetesi.com\/?p=14039","title":{"rendered":"\u201c10 bin mektup yaz\u0131p mahalle sakinlerine ula\u015ft\u0131raca\u011f\u0131m\u201d"},"content":{"rendered":"<p>Akdeniz Belediye Ba\u015fkan\u0131 M. Mustafa G\u00fcltak, MESK\u0130 taraf\u0131ndan yer alt\u0131 yenileme \u00e7al\u0131\u015fmalar\u0131 nedeniyle \u00c7ay, \u00c7ilek, Karaduvar ve Karacailyas mahallelerinde bozulan sokaklara ili\u015fkin bir a\u00e7\u0131klama yapt\u0131.<br \/>\nEyl\u00fcl ay\u0131 Meclisi toplant\u0131s\u0131nda konuya ili\u015fkin konu\u015fan Ba\u015fkan G\u00fcltak, Mahalle sakinlerine mektuplar yazaca\u011f\u0131n\u0131 belirterek; \u201cAsfalt\u0131n sorumlulu\u011fu tamamen MESK\u0130 ve B\u00fcy\u00fck\u015fehir Belediyesi\u2019ndedir. E\u011fer ink\u00e2r ediyorlarsa hodri meydan diyorum. \u0130stedikleri TV veya platformda tart\u0131\u015fabiliriz\u201d dedi.<br \/>\n\u201c10 bin mektup yaz\u0131p mahalle sakinlerine ula\u015ft\u0131raca\u011f\u0131m\u201d<br \/>\nS\u00f6zlerini, \u201cYar\u0131ndan itibaren yakla\u015f\u0131k \u00c7ay, \u00c7ilek, Karaduvar ve Karacailyas\u2019ta ya\u015fayan 10 bin vatanda\u015f\u0131m\u0131za konuyla ilgili mektuplar yaz\u0131p da\u011f\u0131taca\u011f\u0131z\u201d diyen Ba\u015fkan G\u00fcltak, \u015f\u00f6yle konu\u015ftu; \u201cBu mektuplar\u0131m\u0131z\u0131n i\u00e7eri\u011finden bir tanesi de asfalt meselesi olacak. Daha iki g\u00fcn \u00f6nce sosyal medya \u00fczerinden bana mesaj atan \u00c7ay Mahalleli gen\u00e7lerle sohbet etmeye, \u00e7aylar\u0131n\u0131 i\u00e7meye gittim.<br \/>\nYanlar\u0131nda MESK\u0130 Genel M\u00fcd\u00fcr\u00fcn\u00fc arad\u0131m ve m\u00fcd\u00fcre hoparl\u00f6r\u00fcn a\u00e7\u0131k oldu\u011funu da belirttim. MESK\u0130 genel m\u00fcd\u00fcr\u00fcne \u201cBu i\u015f nas\u0131l olacak?\u201d diye sordum. Bana; \u201cBa\u015fkan\u0131m, u\u011fra\u015f\u0131yoruz&#8230; \u0130haleye \u00e7\u0131k\u0131yoruz. Ya biz ya da B\u00fcy\u00fck\u015fehir yapacak\u201d dedi. Umar\u0131m bunun hesab\u0131n\u0131 da Akdeniz Belediye Meclisimizde bulunan CHP ve HDP\u2019li Meclis \u00fcyeleri de Per\u015fembe g\u00fcn\u00fc B\u00fcy\u00fck\u015fehir\u2019de soracaklard\u0131r.\u201d<br \/>\n\u201cAnla\u015f\u0131lan o ki i\u015fin bitimi 2022\u2019yi bulacak\u201d<br \/>\n\u201cAld\u0131\u011f\u0131m\u0131z bir tak\u0131m duyumlara g\u00f6re \u00c7ay Mahallesi\u2019nde 2 bin 500 metre uzunlu\u011funda borular halen d\u00f6\u015fenmemi\u015f\u201d diyen Ba\u015fkan G\u00fcltak, \u201cAnlad\u0131\u011f\u0131m\u0131z kadar\u0131yla da i\u015fi yapan y\u00fcklenici firmas\u0131 ile ilgili s\u0131k\u0131nt\u0131lar ya\u015fan\u0131yor. \u0130\u015fin fesih s\u00fcreci Kas\u0131m sonu imi\u015f. Bu nedenle Kas\u0131m sonuna dek bir i\u015flem yapam\u0131yorlar.<br \/>\n\u0130\u00e7me suyu hatlar\u0131 da eski oldu\u011fu i\u00e7in \u2018e\u011fer asfalt d\u00f6kersek, patlar s\u0131k\u0131nt\u0131 \u00e7\u0131kar\u2019 deniyormu\u015f. Ve asfalt\u0131 da d\u00f6kecek gibi durmuyorlar. Ya m\u00fcteahhidin s\u00f6zle\u015fmesini feshedecekler veya yeni bir ihaleye \u00e7\u0131kacaklar. Anla\u015f\u0131lan bu i\u015fler 2022\u2019yi ge\u00e7ecek. G\u00f6r\u00fcnen o ki \u00c7ay Mahallesi sakinleri daha da bekleyecek\u201d diye konu\u015ftu.<br \/>\n\u201cAs\u0131l sorumlu B\u00fcy\u00fck\u015fehir Belediyesi ve MESK\u0130\u2019dir\u201d<br \/>\nMahalle sakinlerinin bekleyi\u015finin kesinlikle Akdeniz Belediyesi\u2019nden kaynakl\u0131 olmad\u0131\u011f\u0131n\u0131n alt\u0131n\u0131 \u00e7izen Ba\u015fkan G\u00fcltak, \u201cBunun sorumlusu da ben de\u011filim; MESK\u0130 VE B\u00fcy\u00fck\u015fehir Belediyesi\u2019dir. O insanlar \u0131zd\u0131rap \u00e7ekiyorsa, toz ve toprak i\u00e7inde ya\u015f\u0131yorlarsa, Pandemi d\u00f6neminde odalar\u0131n bol bol havaland\u0131r\u0131lmas\u0131 gereken bug\u00fcnlerde pencerelerini a\u00e7am\u0131yorsa, bunun sorumlusu da ben de\u011filim.  Bunun hesab\u0131n\u0131 da bana de\u011fil, Mersin B\u00fcy\u00fck\u015fehir Belediyesi ve MESK\u0130\u2019ye sormal\u0131lar\u201d \u015feklinde konu\u015fu.<br \/>\n\u201cTersini iddia eden varsa istedi\u011fi platformda tart\u0131\u015fmaya haz\u0131r\u0131m\u201d<br \/>\nKonuyla ilgili bug\u00fcne dek bas\u0131n a\u00e7\u0131klamas\u0131 yapmad\u0131\u011f\u0131n\u0131 kaydeden Ba\u015fkan G\u00fcltak, \u201cNeden? \u00c7\u00fcnk\u00fc \u2018G\u00fcltak siyaset yap\u0131yor\u2019 diyor baz\u0131lar\u0131. Fakat yar\u0131ndan itibaren 10 bin insan\u0131m\u0131za mektuplar\u0131 bizzat elden ula\u015ft\u0131raca\u011f\u0131m. Ve \u015f\u00f6yle bir iddiada da bulunaca\u011f\u0131m; tersini iddia eden varsa, istedi\u011fi yerde kar\u015f\u0131 kar\u015f\u0131ya gelmeye haz\u0131r\u0131m. \u0130ster B\u00fcy\u00fck\u015fehir Belediye Ba\u015fkan\u0131, ister MESK\u0130 Genel M\u00fcd\u00fcr\u00fc\u2026 Ger\u00e7ekten yeter art\u0131k, Mahalleri ziyaret etti\u011fimde vatanda\u015flar\u0131m\u0131z\u0131n, \u2018Biz seni belediye ba\u015fkan\u0131 se\u00e7tik, neden hizmetleri yapm\u0131yorsun?\u2019 ele\u015ftirisine maruz kal\u0131yorum. Oysa sorumlu ben de\u011filim. O y\u00fczden mektup yazaca\u011f\u0131m ve insanlar\u0131m\u0131za ula\u015ft\u0131raca\u011f\u0131m\u201d ifadelerini kulland\u0131.<br \/>\n\u201cTOK\u0130 ile ilgili olarak da vatanda\u015flar\u0131m\u0131za mektup yazaca\u011f\u0131m\u201d<br \/>\nBa\u015fkan G\u00fcltak; Toplu Konut \u0130daresi taraf\u0131ndan (TOK\u0130) \u00c7ay Mahallesi\u2019nde ger\u00e7ekle\u015ftirilen \u2018Yerinde Kentsel D\u00f6n\u00fc\u015f\u00fcm Projesi ile ilgili de yalan ve yanl\u0131\u015f bilgiler yay\u0131lmak istendi\u011fini de kaydederek, \u201cTOK\u0130 ile ilgili de mektup yaz\u0131p \u00c7ay Mahallesi sakinlerine ula\u015ft\u0131raca\u011f\u0131m. Bu i\u015fin ba\u015fka y\u00f6ntemi yok. Bilgi kirlili\u011fini ortadan kald\u0131rman\u0131n y\u00f6ntemi bu. O mektuplarda tamamen ger\u00e7ekleri yazaca\u011f\u0131m\u201d dedi.<\/p>\n","protected":false},"excerpt":{"rendered":"<p>Akdeniz Belediye Ba\u015fkan\u0131 M. Mustafa G\u00fcltak, MESK\u0130 taraf\u0131ndan yer alt\u0131 yenileme \u00e7al\u0131\u015fmalar\u0131 nedeniyle \u00c7ay, \u00c7ilek, Karaduvar ve Karacailyas mahallelerinde bozulan sokaklara ili\u015fkin bir a\u00e7\u0131klama yapt\u0131. Eyl\u00fcl ay\u0131 Meclisi toplant\u0131s\u0131nda konuya &hellip; <a href=\"https:\/\/akdenizolaygazetesi.com\/?p=14039\" class=\"more-link\">Devam\u0131n\u0131 Oku&#8230;<\/a><\/p>\n","protected":false},"author":2,"featured_media":14040,"comment_status":"open","ping_status":"open","sticky":false,"template":"","format":"standard","meta":[],"categories":[8,34,1,2,3,5],"tags":[],"_links":{"self":[{"href":"https:\/\/akdenizolaygazetesi.com\/index.php?rest_route=\/wp\/v2\/posts\/14039"}],"collection":[{"href":"https:\/\/akdenizolaygazetesi.com\/index.php?rest_route=\/wp\/v2\/posts"}],"about":[{"href":"https:\/\/akdenizolaygazetesi.com\/index.php?rest_route=\/wp\/v2\/types\/post"}],"author":[{"embeddable":true,"href":"https:\/\/akdenizolaygazetesi.com\/index.php?rest_route=\/wp\/v2\/users\/2"}],"replies":[{"embeddable":true,"href":"https:\/\/akdenizolaygazetesi.com\/index.php?rest_route=%2Fwp%2Fv2%2Fcomments&post=14039"}],"version-history":[{"count":1,"href":"https:\/\/akdenizolaygazetesi.com\/index.php?rest_route=\/wp\/v2\/posts\/14039\/revisions"}],"predecessor-version":[{"id":14041,"href":"https:\/\/akdenizolaygazetesi.com\/index.php?rest_route=\/wp\/v2\/posts\/14039\/revisions\/14041"}],"wp:featuredmedia":[{"embeddable":true,"href":"https:\/\/akdenizolaygazetesi.com\/index.php?rest_route=\/wp\/v2\/media\/14040"}],"wp:attachment":[{"href":"https:\/\/akdenizolaygazetesi.com\/index.php?rest_route=%2Fwp%2Fv2%2Fmedia&parent=14039"}],"wp:term":[{"taxonomy":"category","embeddable":true,"href":"https:\/\/akdenizolaygazetesi.com\/index.php?rest_route=%2Fwp%2Fv2%2Fcategories&post=14039"},{"taxonomy":"post_tag","embeddable":true,"href":"https:\/\/akdenizolaygazetesi.com\/index.php?rest_route=%2Fwp%2Fv2%2Ftags&post=14039"}],"curies":[{"name":"wp","href":"https:\/\/api.w.org\/{rel}","templated":true}]}}