{"id":14042,"date":"2021-09-07T09:49:56","date_gmt":"2021-09-07T06:49:56","guid":{"rendered":"http:\/\/akdenizolaygazetesi.com\/?p=14042"},"modified":"2021-09-07T09:49:56","modified_gmt":"2021-09-07T06:49:56","slug":"secer-sanat-evrensel-bir-kavram","status":"publish","type":"post","link":"https:\/\/akdenizolaygazetesi.com\/?p=14042","title":{"rendered":"SE\u00c7ER: \u201cSANAT EVRENSEL B\u0130R KAVRAM\u201d"},"content":{"rendered":"<p>Mersin B\u00fcy\u00fck\u015fehir Belediye Ba\u015fkan\u0131 Vahap Se\u00e7er; Mersin Valili\u011fi, Mersin B\u00fcy\u00fck\u015fehir Belediyesi, il\u00e7e belediyeleri, meslek odalar\u0131 ve sivil toplum kurulu\u015flar\u0131n\u0131n deste\u011fiyle bu y\u0131l 19\u2019uncusu ger\u00e7ekle\u015ftirilecek olan \u2018Mersin Uluslararas\u0131 M\u00fczik Festivali\u2019nin tan\u0131t\u0131m toplant\u0131s\u0131na kat\u0131ld\u0131. Sanat\u0131n evrensel bir kavram oldu\u011funu vurgulayan Ba\u015fkan Se\u00e7er, \u201cSanat\u0131; Mersin halk\u0131n\u0131n bir arada olmas\u0131n\u0131, birbirini sevmesini, saymas\u0131n\u0131, birbiriyle beraber hareket edebilmesini, kalbinin ayn\u0131 anda \u00e7arpmas\u0131n\u0131 sa\u011flamak i\u00e7in de kullan\u0131yoruz\u201d dedi.<\/p>\n<p>Festival 22 g\u00fcn s\u00fcrecek<\/p>\n<p>19. Mersin Uluslararas\u0131 M\u00fczik Festivali ile Mersin, 11 Eyl\u00fcl-2 Ekim aras\u0131nda 22 g\u00fcn s\u00fcrecek bir m\u00fczik \u015f\u00f6lenine ev sahipli\u011fi yapacak. Festivalle ilgili Hilton Oteli\u2019nde ger\u00e7ekle\u015ftirilen toplant\u0131ya Ba\u015fkan Se\u00e7er\u2019in yan\u0131 s\u0131ra Mersin Uluslararas\u0131 M\u00fczik Festivali Y\u00fcr\u00fctme Kurulu Ba\u015fkan\u0131 Selma Ya\u011fc\u0131, Toroslar Belediye Ba\u015fkan\u0131 Ats\u0131z Af\u015f\u0131n Y\u0131lmaz, Yeni\u015fehir Belediye Ba\u015fkan\u0131 Abdullah \u00d6zyi\u011fit, Mezitli Belediye Ba\u015fkan\u0131 Ne\u015fet Tarhan, Akdeniz Belediye Ba\u015fkan Yard\u0131mc\u0131s\u0131 Mustafa Arslan, Tarsus Belediyesi K\u00fclt\u00fcr ve Sosyal \u0130\u015fler M\u00fcd\u00fcr\u00fc Harun Do\u011fan, meslek odalar\u0131 ve sivil toplum kurulu\u015flar\u0131n\u0131n temsilcileri ile Mersin Uluslararas\u0131 M\u00fczik Festivali\u2019ne destek veren di\u011fer sponsorlar kat\u0131ld\u0131. Toplant\u0131, festival tan\u0131t\u0131m videosu g\u00f6sterimi ile ba\u015flad\u0131.<\/p>\n<p>Se\u00e7er: \u201cSanat evrensel bir kavram\u201d<\/p>\n<p>Ba\u015fkan Se\u00e7er, sanat\u0131n insanlar\u0131 bir araya getiren \u00f6nemli kavramlardan biri oldu\u011funu ifade ederek, \u201cSanat evrensel bir kavram. M\u00fczik de bir sanat dal\u0131 ve insanlar\u0131 bir araya getiren en \u00f6nemli, en de\u011ferli faaliyet alan\u0131. \u0130nsanlar\u0131 bir araya getirme, b\u00fct\u00fcnle\u015ftirme, birle\u015ftirme kavram\u0131n\u0131 hep kullan\u0131yoruz. Bir Belediye Ba\u015fkan\u0131 olarak m\u00fcmk\u00fcnse bunu s\u0131k s\u0131k hat\u0131rlatmak, kullanmak, bu de\u011ferli kelimeler \u00fczerinde insanlara fark\u0131ndal\u0131k yaratmak istiyoruz. Bunun temel sebeplerinden bir tanesi Mersin\u2019in demografik yap\u0131s\u0131. T\u00fcrkiye\u2019nin sosyo-k\u00fclt\u00fcrel yap\u0131s\u0131. Biz T\u00fcrkiye olarak \u00e7ok kadim topraklar \u00fczerinde ya\u015fayan bir milletiz ve bir\u00e7ok k\u00fclt\u00fcr\u00fcn bir araya geldi\u011fi, yo\u011furuldu\u011fu ve bir sentez gibi ortaya \u00e7\u0131kan bir a\u011fa\u00e7 gibi d\u00fc\u015f\u00fcn\u00fcn T\u00fcrkiye\u2019yi, T\u00fcrk milletini. Bizim bir arada olma zorunlulu\u011fumuz var. Gereklili\u011fin \u00f6tesine ge\u00e7mi\u015f bu. T\u00fcrkiye\u2019nin daha iyi noktalara gelebilmesi i\u00e7in, T\u00fcrkiye\u2019nin geli\u015febilmesi i\u00e7in, T\u00fcrkiye\u2019nin d\u00fcnyada rekabet edebilen, sayg\u0131n, parmakla g\u00f6sterilebilen, sadece ekonomik a\u00e7\u0131dan de\u011fil, sosyal a\u00e7\u0131dan, demokrasi, insan haklar\u0131, hukuk devleti, ifade \u00f6zg\u00fcrl\u00fc\u011f\u00fc gibi bir\u00e7ok de\u011ferli, \u00f6nemli insan ya\u015fam\u0131na dair kavram\u0131 bunun i\u00e7erisine koyabilirsiniz\u201d dedi.<\/p>\n<p>\u201cB\u00fct\u00e7e yaparken di\u011fer alanlardaki k\u0131s\u0131tlamalar\u0131 i\u015fin i\u00e7erisine sanat girdi\u011finde yapm\u0131yoruz\u201d<\/p>\n<p>Mersin B\u00fcy\u00fck\u015fehir Belediyesi olarak sanat\u0131n her dal\u0131n\u0131 \u00f6nemsediklerini ifade eden Ba\u015fkan Se\u00e7er, \u201cSanat\u0131 Mersin\u2019in tan\u0131t\u0131m\u0131nda kullanmak i\u00e7in, Mersin halk\u0131n\u0131n bir arada olmas\u0131n\u0131, birbirini sevmesini, birbirini saymas\u0131n\u0131, birbiriyle beraber hareket edebilmesini, kalbinin ayn\u0131 anda \u00e7arpmas\u0131n\u0131 sa\u011flamak i\u00e7in de kullan\u0131yoruz. Belki b\u00fct\u00e7e yaparken di\u011fer alanlarda yapt\u0131\u011f\u0131m\u0131z baz\u0131 k\u0131s\u0131tlamalar\u0131 i\u015fin i\u00e7erisine sanat girdi mi ger\u00e7ekten yapm\u0131yoruz. Yeter ki yapaca\u011f\u0131m\u0131z i\u015fin bir de\u011feri olsun, bir \u00f6nemi olsun. G\u00fcn\u00fc kurtarmak, yasak savmak, yapm\u0131\u015f olmak i\u00e7in yap\u0131lan bir etkinli\u011fin Mersin\u2019e faydadan \u00e7ok zarar getirebilece\u011fini d\u00fc\u015f\u00fcn\u00fcyorum. Yani etkinlik say\u0131s\u0131n\u0131n \u00e7oklu\u011fu de\u011fil, etkinlik say\u0131s\u0131n\u0131n de\u011ferinin, etkisinin, hem kentin tan\u0131t\u0131m\u0131na hem kentin k\u00fclt\u00fcrel ya\u015fam\u0131na kataca\u011f\u0131 de\u011feri d\u00fc\u015f\u00fcnerek hareket etme zorunlulu\u011fu var. \u0130\u015fte 19. Uluslararas\u0131 Mersin M\u00fczik Festivali de son derece etkin, de\u011ferli bir \u00e7al\u0131\u015fma. Daha \u00f6nceki y\u0131llarda da Avrupa Festivaller Birli\u011fi\u2019ne \u00fcye olarak kat\u0131lm\u0131\u015f, kabul edilmi\u015f. Bu da ona ayr\u0131 bir \u00f6nem katm\u0131\u015f\u201d diye konu\u015ftu.<\/p>\n<p>\u201c\u0130nsanlar\u0131 s\u0131n\u0131rlar i\u00e7erisine hapsetmememiz laz\u0131m\u201d<\/p>\n<p>Mersin\u2019in sadece T\u00fcrkiye\u2019de tan\u0131t\u0131lmas\u0131n\u0131n yeterli olmad\u0131\u011f\u0131n\u0131, t\u00fcm d\u00fcnyada tan\u0131t\u0131lmas\u0131 gerekti\u011fini s\u00f6zlerine ekleyen Se\u00e7er, \u015funlar\u0131 s\u00f6yledi:<\/p>\n<p>\u201cMersin tan\u0131nmad\u0131\u011f\u0131 s\u00fcrece Mersin y\u00fckselemez; Mersin bilinmedi\u011fi s\u00fcrece Mersin zenginle\u015femez; Mersin bilinmedi\u011fi s\u00fcrece insanlar buraya yat\u0131r\u0131ma gelmez. Onun i\u00e7in Mersin\u2019i \u00e7ok konu\u015fturmam\u0131z gerekiyor. Biz zaman zaman ele\u015ftirilerle de kar\u015f\u0131 kar\u015f\u0131ya kalabiliyoruz. Elbette ki pandemi \u015fartlar\u0131 insanlar\u0131n bir araya gelmesini zorluyor. Ge\u00e7ti\u011fimiz y\u0131l da Uluslararas\u0131 M\u00fczik Festivali yap\u0131lamad\u0131. Bir\u00e7ok etkinlik yap\u0131lamad\u0131. Sadece Mersinimizde de\u011fil t\u00fcm d\u00fcnyada bu \u015fekilde tedbirler al\u0131nm\u0131\u015ft\u0131. Ancak biz f\u0131rsat buldu\u011fumuz her ko\u015fulda tabi ki pandemi \u015fartlar\u0131n\u0131 da d\u00fc\u015f\u00fcnerek, pandemi kurallar\u0131na uygun etkinlikler yapmaya devam ediyoruz. Ge\u00e7ti\u011fimiz 30 A\u011fustos bizim i\u00e7in, T\u00fcrk milleti i\u00e7in \u00e7ok de\u011ferli bir bayramd\u0131. Hem bayram\u0131n de\u011ferini ortaya daha etkili koyabilmek hem de s\u00f6yledi\u011fim gibi insanlar\u0131 bir araya getirmenin zenginli\u011fini ya\u015fatmak i\u00e7in b\u00fct\u00fcn il\u00e7elerde, yaylalarda, merkezde, her tarafta T\u00fcrkiye\u2019nin ger\u00e7ekten kayda de\u011fer sanat\u00e7\u0131lar\u0131n\u0131 getirdik. Siyasi kadrolar ya da siyasi kontenjanlardan isimleri de\u011fil, ger\u00e7ekten herkese, sa\u011fc\u0131s\u0131, solcusu, MHP\u2019lisi, CHP\u2019lisi, AK Partilisi, akl\u0131n\u0131za ne gelirse b\u00fct\u00fcn siyasi partilere g\u00f6n\u00fcl vermi\u015f kitleleri bir araya getirecek etkinlikler yapmam\u0131z laz\u0131m. \u0130nsanlar\u0131 s\u0131n\u0131rlar i\u00e7erisine hapsetmememiz laz\u0131m. Bunun da \u00f6nemli oldu\u011funu d\u00fc\u015f\u00fcn\u00fcyoruz.\u201d<\/p>\n<p>\u201cT\u00fcm Mersinliler\u2019i bu m\u00fczik ziyafetine davet ediyorum\u201d<\/p>\n<p>3 Ekim 2021 tarihinde Rus K\u0131z\u0131l Ordu Korosu ve Haluk Levent konseri ile Mersinliler\u2019e bir m\u00fczik ziyafeti ya\u015fatmak istediklerini dile getiren Se\u00e7er, \u201cBu etkinlik vatanda\u015flar\u0131n bilet \u00fccreti \u00f6deyerek izleme imk\u00e2n\u0131 buldu\u011fu bir etkinlikti. T\u00fcrkiye\u2019deki konsepti bu. San\u0131yorum 5 ilde verilecek. Bir tanesi Mersin. Bu teklif bize gelince dedim ki \u2018tabi ki katk\u0131 sunal\u0131m, tabi ki yard\u0131mc\u0131 olurum, muazzam bir \u015fey. Ama bir \u015fartla, kapal\u0131 bir ortamda de\u011fil, a\u00e7\u0131k bir ortamda, biletli de\u011fil, bu biletlerin bedelini belediye olarak ben \u00f6derim; Mersin halk\u0131 da gelir, bu konseri izler, bu m\u00fczik ziyafetini hep beraber ya\u015far\u0131z\u2019 diye d\u00fc\u015f\u00fcnd\u00fck. T\u00fcm Mersinliler\u2019i de bu m\u00fczik ziyafetine bu arada, bu vesileyle davet etmi\u015f olay\u0131m. M\u00fczik Festivalimizin Y\u00fcr\u00fctme Kurulu \u00dcyeleri\u2019ne, Selma Ya\u011fc\u0131 han\u0131mefendinin, de\u011ferli ablam\u0131z\u0131n, b\u00fcy\u00fc\u011f\u00fcm\u00fcz\u00fcn nezdinde \u00e7ok te\u015fekk\u00fcr ediyoruz. Festivalimizin ba\u015far\u0131l\u0131 ge\u00e7mesini diliyorum. Mersin Uluslararas\u0131 M\u00fczik Festivali\u2019nin tan\u0131t\u0131m\u0131 konusunda da daha iyi olabiliriz. \u00d6zellikle sosyal medyada bu payla\u015f\u0131mlar\u0131 yapmak gerekiyor. Sosyal medya kullan\u0131c\u0131lar\u0131n\u0131n da bu katk\u0131y\u0131 vermeleri \u00f6nemli diye d\u00fc\u015f\u00fcn\u00fcyorum. \u00c7\u00fcnk\u00fc izlenimlerim o y\u00f6nde\u201d dedi.<\/p>\n<p>Ya\u011fc\u0131: \u201cBu yola ad\u0131m att\u0131k ve vazge\u00e7meden ilerlemeyi bor\u00e7 biliyoruz\u201d<\/p>\n<p>Mersin Uluslararas\u0131 M\u00fczik Festivali Y\u00fcr\u00fctme Kurulu Ba\u015fkan\u0131 Selma Ya\u011fc\u0131, festivali kararl\u0131l\u0131kla s\u00fcrd\u00fcreceklerini ifade ederek, \u201cHepimiz Mustafa Kemal Atat\u00fcrk\u2019\u00fcm\u00fcz\u00fcn s\u00f6zlerini biliyoruz. Bunlardan bir tanesi de \u2018Toplumsal geli\u015fimin k\u00fclt\u00fcr ve sanats\u0131z olamayaca\u011f\u0131\u2019 idi. Ve yine bunlardan birisi \u2018Hi\u00e7bir \u00fclkenin k\u00fclt\u00fcrs\u00fcz yoluna h\u0131zla devam edemeyece\u011fi\u2019 idi. Biz de her konuda oldu\u011fu gibi bu konuda da onun s\u00f6z\u00fcn\u00fcn deste\u011fiyle ve siz sevgili dostlar\u0131m\u0131z\u0131n deste\u011fiyle bu yola ad\u0131m att\u0131k ve vazge\u00e7meden ilerlemeyi bor\u00e7 biliyoruz\u201d diye konu\u015ftu.<\/p>\n<p>Toroslar Belediye Ba\u015fkan\u0131 Ats\u0131z Af\u015f\u0131n Y\u0131lmaz, \u201cSiyaset \u00fcst\u00fc, hep beraber bir \u015fey yapmak ger\u00e7ekten \u00e7ok k\u0131ymetli, \u00e7ok de\u011ferli. Ben eme\u011fi ge\u00e7en herkese te\u015fekk\u00fcr ediyorum\u201d diye konu\u015ftu.<\/p>\n<p>Yeni\u015fehir Belediye Ba\u015fkan\u0131 Abdullah \u00d6zyi\u011fit, \u201c\u00c7ok kaliteli bir festival ve d\u00fcnyaca \u00fcnl\u00fc sanat\u00e7\u0131lar\u0131n da i\u00e7inde yer ald\u0131\u011f\u0131 ve kentimizin markala\u015fm\u0131\u015f bir \u00e7al\u0131\u015fmas\u0131. Dolay\u0131s\u0131yla hep birlikte destek veriyoruz, vermeye devam edece\u011fiz\u201d dedi.<\/p>\n<p>Mezitli Belediye Ba\u015fkan\u0131 Ne\u015fet Tarhan, \u201cKentlerde k\u00fclt\u00fcrel politikalar\u0131n olu\u015fturulmas\u0131 gerekiyor, olmas\u0131 gerekiyor. Bunun i\u00e7erisinde tabi sadece belediyelerle bu i\u015fin olmayaca\u011f\u0131 kesin. Her alanda oldu\u011fu gibi merkezi h\u00fck\u00fcmet, valilik ve buna ba\u011fl\u0131 kamu idarelerinin de bu i\u015fin i\u00e7erisinde olmas\u0131 gerekiyor\u201d diye konu\u015ftu.<\/p>\n<p>Akdeniz Belediye Ba\u015fkan Yard\u0131mc\u0131s\u0131 Mustafa Arslan, \u201cBu sanat etkinliklerini insanlar\u0131n bu k\u00fcresel \u00e7aptaki salg\u0131n\u0131n etkisinde s\u0131\u011f\u0131naca\u011f\u0131 bir liman olarak d\u00fc\u015f\u00fcnebiliriz. Onun i\u00e7in \u00e7ok k\u0131ymetli buluyoruz\u201d dedi.<\/p>\n<p>Tarsus Belediyesi K\u00fclt\u00fcr ve Sosyal \u0130\u015fler M\u00fcd\u00fcr\u00fc Harun Do\u011fan ise \u201cBar\u0131\u015f\u0131n, dostlu\u011fun, karde\u015fli\u011fin, huzurun vesilesi olan m\u00fczik b\u00fct\u00fcn insanl\u0131k i\u00e7in \u00f6nemli\u201d diye konu\u015ftu.<\/p>\n<p>Konu\u015fmalar\u0131n ard\u0131ndan 19. Mersin Uluslararas\u0131 M\u00fczik Festivali\u2019ne katk\u0131 veren kurum ve sponsorlara Ressam Hasan Basri \u0130nan\u2019\u0131n Atat\u00fcrk temal\u0131 seramik \u00e7al\u0131\u015fmalar\u0131n\u0131n yer ald\u0131\u011f\u0131 plaketler takdim edildi.<\/p>\n","protected":false},"excerpt":{"rendered":"<p>Mersin B\u00fcy\u00fck\u015fehir Belediye Ba\u015fkan\u0131 Vahap Se\u00e7er; Mersin Valili\u011fi, Mersin B\u00fcy\u00fck\u015fehir Belediyesi, il\u00e7e belediyeleri, meslek odalar\u0131 ve sivil toplum kurulu\u015flar\u0131n\u0131n deste\u011fiyle bu y\u0131l 19\u2019uncusu ger\u00e7ekle\u015ftirilecek olan \u2018Mersin Uluslararas\u0131 M\u00fczik Festivali\u2019nin tan\u0131t\u0131m &hellip; <a href=\"https:\/\/akdenizolaygazetesi.com\/?p=14042\" class=\"more-link\">Devam\u0131n\u0131 Oku&#8230;<\/a><\/p>\n","protected":false},"author":2,"featured_media":14043,"comment_status":"open","ping_status":"open","sticky":false,"template":"","format":"standard","meta":[],"categories":[2,3,5],"tags":[],"_links":{"self":[{"href":"https:\/\/akdenizolaygazetesi.com\/index.php?rest_route=\/wp\/v2\/posts\/14042"}],"collection":[{"href":"https:\/\/akdenizolaygazetesi.com\/index.php?rest_route=\/wp\/v2\/posts"}],"about":[{"href":"https:\/\/akdenizolaygazetesi.com\/index.php?rest_route=\/wp\/v2\/types\/post"}],"author":[{"embeddable":true,"href":"https:\/\/akdenizolaygazetesi.com\/index.php?rest_route=\/wp\/v2\/users\/2"}],"replies":[{"embeddable":true,"href":"https:\/\/akdenizolaygazetesi.com\/index.php?rest_route=%2Fwp%2Fv2%2Fcomments&post=14042"}],"version-history":[{"count":1,"href":"https:\/\/akdenizolaygazetesi.com\/index.php?rest_route=\/wp\/v2\/posts\/14042\/revisions"}],"predecessor-version":[{"id":14044,"href":"https:\/\/akdenizolaygazetesi.com\/index.php?rest_route=\/wp\/v2\/posts\/14042\/revisions\/14044"}],"wp:featuredmedia":[{"embeddable":true,"href":"https:\/\/akdenizolaygazetesi.com\/index.php?rest_route=\/wp\/v2\/media\/14043"}],"wp:attachment":[{"href":"https:\/\/akdenizolaygazetesi.com\/index.php?rest_route=%2Fwp%2Fv2%2Fmedia&parent=14042"}],"wp:term":[{"taxonomy":"category","embeddable":true,"href":"https:\/\/akdenizolaygazetesi.com\/index.php?rest_route=%2Fwp%2Fv2%2Fcategories&post=14042"},{"taxonomy":"post_tag","embeddable":true,"href":"https:\/\/akdenizolaygazetesi.com\/index.php?rest_route=%2Fwp%2Fv2%2Ftags&post=14042"}],"curies":[{"name":"wp","href":"https:\/\/api.w.org\/{rel}","templated":true}]}}