{"id":14045,"date":"2021-09-07T09:51:26","date_gmt":"2021-09-07T06:51:26","guid":{"rendered":"http:\/\/akdenizolaygazetesi.com\/?p=14045"},"modified":"2021-09-07T09:51:26","modified_gmt":"2021-09-07T06:51:26","slug":"4-artistik-cimnastik-dunya-kupasi-world-challenge-cup-mersinde","status":"publish","type":"post","link":"https:\/\/akdenizolaygazetesi.com\/?p=14045","title":{"rendered":"4. ART\u0130ST\u0130K C\u0130MNAST\u0130K D\u00dcNYA KUPASI (WORLD CHALLENGE CUP) MERS\u0130N\u2019DE"},"content":{"rendered":"<p>Spor Kenti Mersin, d\u00f6rd\u00fcnc\u00fc kez Artistik Cimnastik D\u00fcnya Kupas\u0131na (World Challenge Cup) ev sahipli\u011fi yapacak.<\/p>\n<p>Uluslararas\u0131 Cimnastik Federasyonu 2021 Faaliyet program\u0131nda yer alan ve 10 &#8211; 12 Eyl\u00fcl 2021 tarihleri aras\u0131nda Arnavutluk, Avusturya, Azerbaycan, \u00c7ek Cumhuriyeti, G\u00fcney K\u0131br\u0131s, H\u0131rvatistan, \u0130svi\u00e7re, \u0130talya, Kanada, Letonya, Litvanya, Macaristan, Mo\u011folistan, Polonya, Romanya, Rusya, S\u0131rbistan, Slovenya, \u015eili, T\u00fcrkiye, Ukrayna, \u00dcrd\u00fcn ve Yunanistan 23 \u00fclkeden 30 kad\u0131n, 63 erkek olmak \u00fczere toplam 93 sporcunun m\u00fccadele edece\u011fi \u201cArtistik Cimnastik D\u00fcnya Kupas\u0131\u201d (World Challenge Cup) Mersin Gen\u00e7lik ve Spor \u0130l M\u00fcd\u00fcrl\u00fc\u011f\u00fc Olimpik Cimnastik Salonu\u2019nda yap\u0131lacak.<\/p>\n<p>T\u00fcrkiye, Artistik Cimnastik D\u00fcnya Kupas\u0131na bu y\u0131l d\u00f6rd\u00fcnc\u00fc kez 10-12 Eyl\u00fcl 2021 tarihlerinde Mersin\u2019in ev sahipli\u011fi yapmaya haz\u0131rlan\u0131yor. Bu \u00f6nemli organizasyonda \u00dclkemizi erkeklerde Mustafa Arca, Yunus Emre G\u00fcndo\u011fdu, Sercan Demir, Kerem \u015eener, Mehmet Ayberk Ko\u015fak, \u015eevket Y\u0131ld\u0131z, Hamza \u015eamil Y\u0131lmaz,  Onur \u00c7elik, Bora Tarhan ve Hasan Bulut temsil ederken, kad\u0131nlarda ise G\u00f6ksu \u00dc\u00e7ta\u015f \u015eanl\u0131, Nazl\u0131 Savranba\u015f\u0131, Cemre Kendirci, Sevgi Sayg\u0131 Kay\u0131\u015fo\u011flu ve Bilge Tarhan temsil edecek.<\/p>\n<p>Spor Kenti Mersin\u2019in bu \u00f6nemli organizasyona haz\u0131r oldu\u011funu belirten Mersin Gen\u00e7lik ve Spor \u0130l M\u00fcd\u00fcr\u00fc \u00d6kke\u015f Demir, \u201cArtistik Cimnastik D\u00fcnya Kupas\u0131&#8217;na bu y\u0131l d\u00f6rd\u00fcnc\u00fc kez ev sahipli\u011fi yapmaya haz\u0131rlan\u0131yoruz. 2013 Akdeniz Oyunlar\u0131ndan buyana Gen\u00e7lik ve Spor Bakanl\u0131\u011f\u0131m\u0131z taraf\u0131ndan \u0130limize kazand\u0131r\u0131lan birbirinden devasa tesislerimizde Ulusal ve Uluslararas\u0131 bir\u00e7ok Organizasyona Spor Kenti Mersin kimli\u011fiyle ev sahipli\u011fi yapt\u0131k ve yapmaya devam ediyoruz. 17-20 Aral\u0131k 2020 tarihlerinde 15 \u00fclkeden kad\u0131n erkek 90 sporcunun kat\u0131l\u0131m\u0131yla ev sahipli\u011fini yapt\u0131\u011f\u0131m\u0131z Avrupa Cimnastik \u015eampiyonas\u0131\u2019ndan sonra, 10-12 Eyl\u00fcl 2021 tarihleri aras\u0131 23 \u00fclkeden 93 sporcunun m\u00fccadele edece\u011fi Artistik Cimnastik D\u00fcnya Kupas\u0131 (World Challenge Cup) i\u00e7in haz\u0131rl\u0131klar\u0131m\u0131z\u0131 tamamlad\u0131k. Bu organizasyonun ilimizde yap\u0131lmas\u0131nda eme\u011fi ge\u00e7en say\u0131n valimiz Say\u0131n Ali \u0130hsan Su ba\u015fta olmak \u00fczere, T\u00fcrkiye Cimnastik Federasyonu Ba\u015fkan\u0131 Suat \u00c7elen&#8217;e ve eme\u011fi ge\u00e7en herkese te\u015fekk\u00fcr ediyor, t\u00fcm sporculara ba\u015far\u0131lar diliyorum.\u201d dedi.<\/p>\n","protected":false},"excerpt":{"rendered":"<p>Spor Kenti Mersin, d\u00f6rd\u00fcnc\u00fc kez Artistik Cimnastik D\u00fcnya Kupas\u0131na (World Challenge Cup) ev sahipli\u011fi yapacak. Uluslararas\u0131 Cimnastik Federasyonu 2021 Faaliyet program\u0131nda yer alan ve 10 &#8211; 12 Eyl\u00fcl 2021 tarihleri &hellip; <a href=\"https:\/\/akdenizolaygazetesi.com\/?p=14045\" class=\"more-link\">Devam\u0131n\u0131 Oku&#8230;<\/a><\/p>\n","protected":false},"author":2,"featured_media":14046,"comment_status":"open","ping_status":"open","sticky":false,"template":"","format":"standard","meta":[],"categories":[3,5,10],"tags":[],"_links":{"self":[{"href":"https:\/\/akdenizolaygazetesi.com\/index.php?rest_route=\/wp\/v2\/posts\/14045"}],"collection":[{"href":"https:\/\/akdenizolaygazetesi.com\/index.php?rest_route=\/wp\/v2\/posts"}],"about":[{"href":"https:\/\/akdenizolaygazetesi.com\/index.php?rest_route=\/wp\/v2\/types\/post"}],"author":[{"embeddable":true,"href":"https:\/\/akdenizolaygazetesi.com\/index.php?rest_route=\/wp\/v2\/users\/2"}],"replies":[{"embeddable":true,"href":"https:\/\/akdenizolaygazetesi.com\/index.php?rest_route=%2Fwp%2Fv2%2Fcomments&post=14045"}],"version-history":[{"count":1,"href":"https:\/\/akdenizolaygazetesi.com\/index.php?rest_route=\/wp\/v2\/posts\/14045\/revisions"}],"predecessor-version":[{"id":14047,"href":"https:\/\/akdenizolaygazetesi.com\/index.php?rest_route=\/wp\/v2\/posts\/14045\/revisions\/14047"}],"wp:featuredmedia":[{"embeddable":true,"href":"https:\/\/akdenizolaygazetesi.com\/index.php?rest_route=\/wp\/v2\/media\/14046"}],"wp:attachment":[{"href":"https:\/\/akdenizolaygazetesi.com\/index.php?rest_route=%2Fwp%2Fv2%2Fmedia&parent=14045"}],"wp:term":[{"taxonomy":"category","embeddable":true,"href":"https:\/\/akdenizolaygazetesi.com\/index.php?rest_route=%2Fwp%2Fv2%2Fcategories&post=14045"},{"taxonomy":"post_tag","embeddable":true,"href":"https:\/\/akdenizolaygazetesi.com\/index.php?rest_route=%2Fwp%2Fv2%2Ftags&post=14045"}],"curies":[{"name":"wp","href":"https:\/\/api.w.org\/{rel}","templated":true}]}}