{"id":14051,"date":"2021-09-07T09:55:20","date_gmt":"2021-09-07T06:55:20","guid":{"rendered":"http:\/\/akdenizolaygazetesi.com\/?p=14051"},"modified":"2021-09-07T09:55:20","modified_gmt":"2021-09-07T06:55:20","slug":"sanata-verdigi-desteklerden-oturu-baskan-gultaka-tesekkur","status":"publish","type":"post","link":"https:\/\/akdenizolaygazetesi.com\/?p=14051","title":{"rendered":"Sanata verdi\u011fi desteklerden \u00f6t\u00fcr\u00fc Ba\u015fkan G\u00fcltak&#8217;a te\u015fekk\u00fcr"},"content":{"rendered":"<p>\u00e7el Sanat Kul\u00fcb\u00fc Y\u00f6netim Kurulu Ba\u015fkan\u0131 Mecit Bask\u0131n, Akdeniz Belediye Ba\u015fkan\u0131 M. Mustafa G\u00fcltak&#8217;\u0131 ziyaret etti.<br \/>\n\u00c7e\u015fitli k\u00fclt\u00fcr sanat faaliyetleri hakk\u0131nda fikir al\u0131\u015fveri\u015finde bulunmak ve yakla\u015fan Arkeoloji G\u00fcnleri&#8217;ne dair isti\u015fare halinde olmak maksad\u0131yla \u0130\u00e7el Sanat Kul\u00fcb\u00fc Y\u00f6netim Kurulu Ba\u015fkan\u0131 Mecit Bask\u0131n, Ba\u015fkan Mustafa G\u00fcltak&#8217;a ziyarette bulundu.<br \/>\nSanata verdi\u011fi desteklerden \u00f6t\u00fcr\u00fc Ba\u015fkan G\u00fcltak&#8217;a te\u015fekk\u00fcr<br \/>\nMecit Bask\u0131n, &#8220;Bug\u00fcn yapt\u0131\u011f\u0131m\u0131z i\u015fler hakk\u0131nda bilgi vermek maksatl\u0131 ald\u0131\u011f\u0131m\u0131z mesafeyi anlatabilmek ad\u0131na ziyaretimizi ger\u00e7ekle\u015ftirdik. Akdeniz Belediyesi ile nas\u0131l ortak de\u011ferler yaratabiliriz noktas\u0131nda da isti\u015farede bulunduk. Ayr\u0131ca Ekim ay\u0131nda Arkeoloji G\u00fcnlerimiz ba\u015fl\u0131yor. Konuya dair de Say\u0131n Ba\u015fkan Mustafa G\u00fcltak&#8217;\u0131 bilgilendirmenin yan\u0131 s\u0131ra bizleri onurland\u0131rmas\u0131n\u0131 da istedik. Sanata verdi\u011fi desteklerden dolay\u0131 da kendisine te\u015fekk\u00fcrlerimizi sunuyoruz&#8221; diye konu\u015ftu.<br \/>\nBa\u015fkan G\u00fcltak; &#8220;\u0130\u00e7el Sanat Kul\u00fcb\u00fc\u2019n\u00fcn yan\u0131nda olmay\u0131 s\u00fcrd\u00fcrece\u011fiz&#8221;<br \/>\n\u0130\u00e7el Sanat Kul\u00fcb\u00fc ile Akdeniz Belediyesi olarak ortakla\u015fa yapt\u0131klar\u0131 projeler oldu\u011funu hat\u0131rlatan Ba\u015fkan Mustafa G\u00fcltak ise; \u201cBundan sonraki s\u00fcre\u00e7te de belediyemizin imkanlar\u0131 \u00f6l\u00e7\u00fcs\u00fcnde \u0130\u00e7el Sanat Kul\u00fcb\u00fc\u2019n\u00fcn yan\u0131nda olmay\u0131 s\u00fcrd\u00fcrece\u011fiz. \u0130l\u00e7e s\u0131n\u0131rlar\u0131m\u0131z i\u00e7erisinde yer alan muhakemet binas\u0131 olarak bilinen yerde de kul\u00fcb\u00fcm\u00fcz\u00fcn sanatsal faaliyetler yapmas\u0131 hususunda \u00f6ng\u00f6r\u00fcde bulundum. Bu ve benzeri faaliyetlerle ilgili olarak da \u00e7al\u0131\u015fmalar\u0131m\u0131z\u0131 h\u0131zland\u0131raca\u011f\u0131z. Sanat\u0131n ve sanat\u00e7\u0131n\u0131n her daim yan\u0131nda olmaya devam edece\u011fiz\u201d ifadelerini kulland\u0131.<\/p>\n","protected":false},"excerpt":{"rendered":"<p>\u00e7el Sanat Kul\u00fcb\u00fc Y\u00f6netim Kurulu Ba\u015fkan\u0131 Mecit Bask\u0131n, Akdeniz Belediye Ba\u015fkan\u0131 M. Mustafa G\u00fcltak&#8217;\u0131 ziyaret etti. \u00c7e\u015fitli k\u00fclt\u00fcr sanat faaliyetleri hakk\u0131nda fikir al\u0131\u015fveri\u015finde bulunmak ve yakla\u015fan Arkeoloji G\u00fcnleri&#8217;ne dair isti\u015fare &hellip; <a href=\"https:\/\/akdenizolaygazetesi.com\/?p=14051\" class=\"more-link\">Devam\u0131n\u0131 Oku&#8230;<\/a><\/p>\n","protected":false},"author":2,"featured_media":14052,"comment_status":"open","ping_status":"open","sticky":false,"template":"","format":"standard","meta":[],"categories":[3],"tags":[],"_links":{"self":[{"href":"https:\/\/akdenizolaygazetesi.com\/index.php?rest_route=\/wp\/v2\/posts\/14051"}],"collection":[{"href":"https:\/\/akdenizolaygazetesi.com\/index.php?rest_route=\/wp\/v2\/posts"}],"about":[{"href":"https:\/\/akdenizolaygazetesi.com\/index.php?rest_route=\/wp\/v2\/types\/post"}],"author":[{"embeddable":true,"href":"https:\/\/akdenizolaygazetesi.com\/index.php?rest_route=\/wp\/v2\/users\/2"}],"replies":[{"embeddable":true,"href":"https:\/\/akdenizolaygazetesi.com\/index.php?rest_route=%2Fwp%2Fv2%2Fcomments&post=14051"}],"version-history":[{"count":1,"href":"https:\/\/akdenizolaygazetesi.com\/index.php?rest_route=\/wp\/v2\/posts\/14051\/revisions"}],"predecessor-version":[{"id":14053,"href":"https:\/\/akdenizolaygazetesi.com\/index.php?rest_route=\/wp\/v2\/posts\/14051\/revisions\/14053"}],"wp:featuredmedia":[{"embeddable":true,"href":"https:\/\/akdenizolaygazetesi.com\/index.php?rest_route=\/wp\/v2\/media\/14052"}],"wp:attachment":[{"href":"https:\/\/akdenizolaygazetesi.com\/index.php?rest_route=%2Fwp%2Fv2%2Fmedia&parent=14051"}],"wp:term":[{"taxonomy":"category","embeddable":true,"href":"https:\/\/akdenizolaygazetesi.com\/index.php?rest_route=%2Fwp%2Fv2%2Fcategories&post=14051"},{"taxonomy":"post_tag","embeddable":true,"href":"https:\/\/akdenizolaygazetesi.com\/index.php?rest_route=%2Fwp%2Fv2%2Ftags&post=14051"}],"curies":[{"name":"wp","href":"https:\/\/api.w.org\/{rel}","templated":true}]}}