{"id":14058,"date":"2021-09-08T11:34:17","date_gmt":"2021-09-08T08:34:17","guid":{"rendered":"http:\/\/akdenizolaygazetesi.com\/?p=14058"},"modified":"2021-09-08T11:34:17","modified_gmt":"2021-09-08T08:34:17","slug":"kreslerde-cocuklar-kesif-yolculuguna-cikiyor","status":"publish","type":"post","link":"https:\/\/akdenizolaygazetesi.com\/?p=14058","title":{"rendered":"KRE\u015eLERDE \u00c7OCUKLAR KE\u015e\u0130F YOLCULU\u011eUNA \u00c7IKIYOR"},"content":{"rendered":"<p>Mersin B\u00fcy\u00fck\u015fehir Belediyesi Kad\u0131n ve Aile Hizmetleri Dairesi\u2019nin T\u00fcrkiye\u2019de Hal Kompleksi i\u00e7inde a\u00e7\u0131lan ilk kre\u015f olma \u00f6zelli\u011fi ta\u015f\u0131yan M\u00fcnir \u00d6zkul Kre\u015fi ile Engelsiz Ya\u015fam Merkezi\u2019nde hizmet veren Adile Teyze Kre\u015fi\u2019nde yeni e\u011fitim d\u00f6nemi ba\u015flad\u0131. 36-60 ayl\u0131k \u00e7ocuklar\u0131n bulundu\u011fu kre\u015flerde e\u011fitimler yaz ve k\u0131\u015f olmak \u00fczere iki ayr\u0131 d\u00f6nem olarak ger\u00e7ekle\u015ftiriliyor. Minikler, k\u0131\u015f d\u00f6nemi e\u011fitimlerine dans g\u00f6sterisiyle ba\u015flad\u0131.<\/p>\n<p>Geli\u015fimsel \u00f6zelli\u011fe g\u00f6re e\u011fitimler<\/p>\n<p>\u0130ki kre\u015fteki toplam 47 \u00e7ocu\u011fa, alanlar\u0131nda uzman ve deneyimli 7 \u00f6\u011fretmen destek sa\u011fl\u0131yor. Kre\u015flerde \u00e7ocuklar \u00f6\u011fretmenlerinin g\u00f6zetiminde kendi bireyselliklerini kazan\u0131rken, ayn\u0131 zamanda ilgi ve yetenekleri do\u011frultusunda e\u011fitimlerle destekleniyor. Kre\u015flerde \u00e7ocuklar\u0131n geli\u015fim \u00f6zelliklerine g\u00f6re Montessori, Waldorf, Pyp, Reggio Emilia, High Scope yakla\u015f\u0131mlar\u0131 temel al\u0131narak haz\u0131rlanan e\u011fitim programlar\u0131 \u00e7er\u00e7evesinde; bireysel ve grup aktiviteleri, sanatsal ve bilimsel \u00e7al\u0131\u015fmalar, \u0130ngilizce ve m\u00fczik dersleri veriliyor. Bu e\u011fitimlerle \u00e7ocuklar\u0131n \u00f6zg\u00fcven, inisiyatif, ba\u011f\u0131ms\u0131zl\u0131k, konsantrasyon, yarat\u0131c\u0131l\u0131k ve \u00e7ok y\u00f6nl\u00fc geli\u015fimleri destekleniyor.<\/p>\n<p>\u201c\u00c7ocuklar\u0131n geli\u015fim alanlar\u0131na uygun etkinlik i\u00e7erikleri planl\u0131yoruz\u201d<\/p>\n<p>E\u011fitim Koordinat\u00f6r\u00fc \u00d6zlem Tan\u0131\u015f\u0131k, kre\u015flerde pandemi tedbirleri al\u0131narak yeni e\u011fitim d\u00f6nemine ba\u015flad\u0131klar\u0131n\u0131 ifade etti. \u00c7ocuklar\u0131n yaparak, ya\u015fayarak ve ke\u015ffederek \u00f6\u011frenecekleri bir d\u00f6nemin ba\u015flad\u0131\u011f\u0131n\u0131 belirten Tan\u0131\u015f\u0131k, \u201cBug\u00fcn heyecan i\u00e7erisindeyiz; t\u00fcm \u00e7ocuklar\u0131m\u0131z, velilerimiz. E\u011fitim program\u0131 kapsam\u0131nda \u00e7ocuklar\u0131n geli\u015fim alanlar\u0131na uygun; sosyal, bili\u015fsel, duygusal, \u00f6z bak\u0131m alanlar\u0131n\u0131 destekleyecek etkinlik i\u00e7erikleri ile y\u0131l\u0131 ge\u00e7irmeyi planl\u0131yoruz\u201d dedi.<\/p>\n<p>\u201cB\u00fct\u00fcn \u00f6nlemleri ald\u0131k\u201d<\/p>\n<p>Salg\u0131na kar\u015f\u0131 kre\u015flerde al\u0131nan \u00f6nemlere de de\u011finen Tan\u0131\u015f\u0131k, \u201cG\u00fcn boyu burada g\u00fcvenli bir \u015fekilde e\u011fitim \u00f6\u011fretim s\u00fcrecine dahil oluyorlar. \u00c7ocuklar\u0131m\u0131z\u0131n HES kodlar\u0131n\u0131 bir g\u00fcn \u00f6nce ak\u015famdan kontrol ediyoruz. Aile bireylerinin i\u00e7erisinde temasl\u0131 olan varsa kesinlikle \u00e7ocu\u011fumuzla temas\u0131 14 g\u00fcn kesiyoruz. Bu anlamda b\u00fct\u00fcn tedbirleri ald\u0131k. G\u00fcn i\u00e7erisinde ate\u015f kontrol\u00fcm\u00fcz de oluyor\u201d diye konu\u015ftu.<\/p>\n<p>\u201cYaparak, ya\u015fayarak, ke\u015ffederek \u00f6\u011frenmelerine f\u0131rsat veriyoruz\u201d<\/p>\n<p>Mersin B\u00fcy\u00fck\u015fehir Belediyesi M\u00fcnir \u00d6zkul Kre\u015fi\u2019nde 36-48 ay grubu \u00f6\u011fretmeni olarak g\u00f6rev yapan Burcu \u00d6zer, yeni e\u011fitim d\u00f6nemi i\u00e7in olduk\u00e7a heyecanl\u0131 olduklar\u0131n\u0131 ifade ederek, kre\u015fte ge\u00e7irdikleri bir g\u00fcn\u00fc ve verilen e\u011fitimin i\u00e7eri\u011fini anlatt\u0131. \u00d6zer, \u201c\u00c7ocuklar\u0131m\u0131z \u015fu an yeni d\u00f6nemeye ba\u015fl\u0131yorlar. Onlar\u0131n heyecan\u0131n\u0131 g\u00f6rmek bizi \u00e7ok mutlu ediyor. Onlar mutlu olunca biz de mutlu oluyoruz. Burada onlar\u0131n geli\u015fim alanlar\u0131na y\u00f6nelik etkinliklere yer veriyoruz. Yaparak, ya\u015fayarak, ke\u015ffederek \u00f6\u011frenmelerine, kendi i\u015flerini kendilerinin yapmalar\u0131na f\u0131rsat veriyoruz. \u00c7ocuklar\u0131m\u0131z burada akranlar\u0131yla birlikte ileti\u015fim kurarak, i\u015f birli\u011fi i\u00e7inde, daha \u00e7ok ya\u015fayarak \u00f6\u011freniyorlar, oyun oynuyorlar. Ak\u015fam oyun etkinliklerimiz var, bah\u00e7e zaman\u0131m\u0131z var, orada oyunlar oynuyoruz, beraber e\u011fleniyoruz. Daha \u00e7ok onlar\u0131n ilgi alanlar\u0131n\u0131 ke\u015ffetmeye \u00e7al\u0131\u015f\u0131yoruz. M\u00fczi\u011fi daha \u00e7ok seviyorlarsa m\u00fczik etkinliklerine daha \u00e7ok yer veriyoruz. Resim seviyorlarsa, sanat\u0131 seviyorlarsa ona y\u00f6nelik etkinliklere a\u011f\u0131rl\u0131k vermeye \u00e7al\u0131\u015f\u0131yoruz. G\u00fcnden g\u00fcne geli\u015fimlerine destek sa\u011fl\u0131yoruz\u201d ifadelerini kulland\u0131.<\/p>\n<p>\u201cKendini bir birey olarak g\u00f6rmeyi burada \u00f6\u011frendi\u201d<\/p>\n<p>\u00c7ocu\u011funun iki y\u0131ld\u0131r M\u00fcnir \u00d6zkul Kre\u015fi\u2019ne geldi\u011fini, bireysel geli\u015fiminde g\u00f6zle g\u00f6r\u00fcl\u00fcr fark oldu\u011funu s\u00f6yleyen baba Mevl\u00fct Solgun, \u201cEvde ne kadar aile olarak destek \u00e7\u0131ksak da \u00e7ocuklar burada topluma kazand\u0131r\u0131l\u0131yor. Bir arada olmay\u0131, \u00e7ocuklarla beraber zaman ge\u00e7irmeyi, hatta kendini bir birey olarak g\u00f6rmeyi biraz da burada \u00f6\u011frendi. \u00c7ocuk i\u00e7in toplumsal geli\u015fim \u00fcst d\u00fczeyde, bizim \u00f6nem verdi\u011fimiz de\u011ferlere de \u00e7ok g\u00fczel vurgu yap\u0131l\u0131yor. \u00c7ocuklarda iyi bir iz b\u0131rak\u0131yor. \u00c7ocuk i\u00e7in bizce yeterli bir e\u011fitim. \u00c7ocuklar\u0131n kayna\u015fmas\u0131ndan \u00f6te bir birey olmas\u0131 bizim i\u00e7in daha \u00f6nemli. Bu a\u00e7\u0131dan bakt\u0131\u011f\u0131m\u0131zda \u00e7ok g\u00fczel, olumlu geli\u015fme var. Kendini ifade etmeyi, kendini tan\u0131may\u0131, toplumda nas\u0131l hareket edece\u011fini burada \u00f6\u011frendi\u201d dedi.<\/p>\n<p>\u00c7ocu\u011funun kre\u015fe gelmek i\u00e7in sab\u0131rs\u0131zland\u0131\u011f\u0131n\u0131 s\u00f6zlerine ekleyen Solgun, \u201c\u00c7ocuk buraya gelirken can at\u0131yor.  Hem arkada\u015flar\u0131n\u0131 hem \u00f6\u011fretmenlerini sevdi. \u00c7ocuk i\u00e7in bence ideal kurum. \u00c7ocu\u011fumuzdaki ne\u015feyi g\u00f6r\u00fcnce, g\u00f6zlerinin i\u00e7i g\u00fcld\u00fc\u011f\u00fc i\u00e7in biz de mutlu oluyoruz\u201d ifadelerine yer verdi.<\/p>\n<p>\u201c\u00c7ocu\u011fumuz \u00e7ok emin ellerde. G\u00f6z\u00fcm\u00fcz arkada kalm\u0131yor\u201d<\/p>\n<p>O\u011flu 2 y\u0131ld\u0131r M\u00fcnir \u00d6zkul Kre\u015fi\u2019nde e\u011fitim g\u00f6ren Sultan Akman, \u201c\u00c7ocu\u011fumuz \u00e7ok emin ellerde. G\u00f6z\u00fcm\u00fcz arkada kalm\u0131yor. Severek geliyor. Gelmeye can at\u0131yor. Arkada\u015flar\u0131yla, \u00f6\u011fretmenleriyle \u00e7ok iyi ge\u00e7iniyor. \u00c7ok memnunuz. Her \u015feyini anlat\u0131yor; burada ne ya\u015fad\u0131\u011f\u0131n\u0131, \u00f6\u011fretmenlerini, g\u00f6revlileri, etkinlikleri\u201d dedi.<\/p>\n","protected":false},"excerpt":{"rendered":"<p>Mersin B\u00fcy\u00fck\u015fehir Belediyesi Kad\u0131n ve Aile Hizmetleri Dairesi\u2019nin T\u00fcrkiye\u2019de Hal Kompleksi i\u00e7inde a\u00e7\u0131lan ilk kre\u015f olma \u00f6zelli\u011fi ta\u015f\u0131yan M\u00fcnir \u00d6zkul Kre\u015fi ile Engelsiz Ya\u015fam Merkezi\u2019nde hizmet veren Adile Teyze Kre\u015fi\u2019nde &hellip; <a href=\"https:\/\/akdenizolaygazetesi.com\/?p=14058\" class=\"more-link\">Devam\u0131n\u0131 Oku&#8230;<\/a><\/p>\n","protected":false},"author":2,"featured_media":14059,"comment_status":"open","ping_status":"open","sticky":false,"template":"","format":"standard","meta":[],"categories":[3,5],"tags":[],"_links":{"self":[{"href":"https:\/\/akdenizolaygazetesi.com\/index.php?rest_route=\/wp\/v2\/posts\/14058"}],"collection":[{"href":"https:\/\/akdenizolaygazetesi.com\/index.php?rest_route=\/wp\/v2\/posts"}],"about":[{"href":"https:\/\/akdenizolaygazetesi.com\/index.php?rest_route=\/wp\/v2\/types\/post"}],"author":[{"embeddable":true,"href":"https:\/\/akdenizolaygazetesi.com\/index.php?rest_route=\/wp\/v2\/users\/2"}],"replies":[{"embeddable":true,"href":"https:\/\/akdenizolaygazetesi.com\/index.php?rest_route=%2Fwp%2Fv2%2Fcomments&post=14058"}],"version-history":[{"count":1,"href":"https:\/\/akdenizolaygazetesi.com\/index.php?rest_route=\/wp\/v2\/posts\/14058\/revisions"}],"predecessor-version":[{"id":14060,"href":"https:\/\/akdenizolaygazetesi.com\/index.php?rest_route=\/wp\/v2\/posts\/14058\/revisions\/14060"}],"wp:featuredmedia":[{"embeddable":true,"href":"https:\/\/akdenizolaygazetesi.com\/index.php?rest_route=\/wp\/v2\/media\/14059"}],"wp:attachment":[{"href":"https:\/\/akdenizolaygazetesi.com\/index.php?rest_route=%2Fwp%2Fv2%2Fmedia&parent=14058"}],"wp:term":[{"taxonomy":"category","embeddable":true,"href":"https:\/\/akdenizolaygazetesi.com\/index.php?rest_route=%2Fwp%2Fv2%2Fcategories&post=14058"},{"taxonomy":"post_tag","embeddable":true,"href":"https:\/\/akdenizolaygazetesi.com\/index.php?rest_route=%2Fwp%2Fv2%2Ftags&post=14058"}],"curies":[{"name":"wp","href":"https:\/\/api.w.org\/{rel}","templated":true}]}}