{"id":14061,"date":"2021-09-08T11:35:57","date_gmt":"2021-09-08T08:35:57","guid":{"rendered":"http:\/\/akdenizolaygazetesi.com\/?p=14061"},"modified":"2021-09-08T11:35:57","modified_gmt":"2021-09-08T08:35:57","slug":"secer-cok-daha-guzel-gunler-bizleri-bekliyor","status":"publish","type":"post","link":"https:\/\/akdenizolaygazetesi.com\/?p=14061","title":{"rendered":"SE\u00c7ER: \u201c\u00c7OK DAHA G\u00dcZEL G\u00dcNLER B\u0130ZLER\u0130 BEKL\u0130YOR\u201d"},"content":{"rendered":"<p>Mersin B\u00fcy\u00fck\u015fehir Belediye Ba\u015fkan\u0131 Vahap Se\u00e7er, Ayd\u0131nc\u0131k ve Bozyaz\u0131 il\u00e7elerine \u00e7\u0131karma yapt\u0131. Her iki il\u00e7ede de mahalle ziyaretlerinde bulunarak, vatanda\u015flar\u0131n taleplerini dinleyen ve esnaf\u0131 ziyaret eden Se\u00e7er, \u201cBizim belediyemizin anlay\u0131\u015f\u0131 Kaledran\u2019dan Tarsus\u2019a, Yenice\u2019ye, \u00c7aml\u0131yayla\u2019dan Mut\u2019a kadar insanlar\u0131 bir arada karde\u015f\u00e7e ya\u015fatmak, herkese e\u015fit hizmet g\u00f6t\u00fcrmektir\u201d dedi. Ba\u015fkan Se\u00e7er, Mersin i\u00e7in b\u00fcy\u00fck \u00f6nem ta\u015f\u0131yan Metro projesinin temelini 29 Ekim\u2019e kadar atmay\u0131 planlad\u0131klar\u0131n\u0131 s\u00f6yledi.<\/p>\n<p>\u0130lk durak Ayd\u0131nc\u0131k oldu<\/p>\n<p>Vatanda\u015flarla bir araya gelmeye devam eden ve halkla i\u00e7 i\u00e7e olmay\u0131 s\u00fcrd\u00fcren Ba\u015fkan Se\u00e7er\u2019in ikinci b\u00f6lge ziyaretleri Ayd\u0131nc\u0131k il\u00e7esi ile ba\u015flad\u0131. CHP Ayd\u0131nc\u0131k \u0130l\u00e7e Ba\u015fkanl\u0131\u011f\u0131\u2019n\u0131 ziyaret eden ve partililer ile bir araya gelen Ba\u015fkan Se\u00e7er, kahvehanede oturan vatanda\u015flar ile selamla\u015ft\u0131 ve ard\u0131ndan esnaf ziyaretine yapt\u0131. Ayd\u0131nc\u0131k Kaymakam\u0131 Muhammet K\u0131l\u0131\u00e7aslan\u2019a yeni g\u00f6revinde ba\u015far\u0131lar dilemek i\u00e7in de bir ziyaret ger\u00e7ekle\u015ftiren Ba\u015fkan Se\u00e7er, ard\u0131ndan Bozyaz\u0131\u2019ya ge\u00e7ti. Ba\u015fkan Se\u00e7er\u2019e ziyaretlerinde CHP Ayd\u0131nc\u0131k \u0130l\u00e7e Ba\u015fkan\u0131 Abdullah Servili, CHP Bozyaz\u0131 \u0130l\u00e7e Ba\u015fkan\u0131 Baykal Ar\u0131deniz, CHP Anamur \u0130l\u00e7e Ba\u015fkan\u0131 Durmu\u015f Deniz, B\u00fcy\u00fck\u015fehir Belediyesi b\u00fcrokratlar\u0131, Meclis \u00fcyeleri, muhtarlar ve vatanda\u015flar e\u015flik etti.<\/p>\n<p>Se\u00e7er, G\u00f6zce\u2019de davul zurna ile kar\u015f\u0131land\u0131<\/p>\n<p>Bozyaz\u0131 il\u00e7esinde ilk olarak G\u00f6zce Mahallesi\u2019ne u\u011fray\u0131p davullar, zurnalar ve \u00e7i\u00e7eklerle kar\u015f\u0131lanan Se\u00e7er, kahvehanedeki vatanda\u015flarla sohbet edip, s\u0131k\u0131nt\u0131lar\u0131n\u0131 dinledi. Ba\u015fkan Se\u00e7er\u2019i \u00c7aml\u0131yayla il\u00e7esinden \u00f6\u011frenciler ve \u00f6\u011fretmenleri g\u00f6r\u00fcnt\u00fcl\u00fc arayarak, Mersin B\u00fcy\u00fck\u015fehir Belediyesi\u2019nin \u201c\u0130lk \u00c7antam\u201d projesi kapsam\u0131nda kendilerine ula\u015ft\u0131rd\u0131klar\u0131 k\u0131rtasiye seti i\u00e7in te\u015fekk\u00fcrlerini iletti. Ba\u015fkan Se\u00e7er de miniklere yeni e\u011fitim-\u00f6\u011fretim d\u00f6nemlerinde ba\u015far\u0131lar diledi. Ard\u0131ndan Tekeli ve Tekman Mahallelerine ge\u00e7en Ba\u015fkan Se\u00e7er, vatanda\u015flar ile selamla\u015f\u0131p sohbet etti.<\/p>\n<p>Se\u00e7er kad\u0131nlarla birlikte s\u0131kma yapt\u0131<\/p>\n<p>Program\u0131na CHP Bozyaz\u0131 \u0130l\u00e7e Ba\u015fkanl\u0131\u011f\u0131 ziyaretiyle devam eden Se\u00e7er, partililerle bir araya gelerek, sohbet etti, sorunlar\u0131 yerinde dinledi. S\u0131kma pi\u015firen kad\u0131nlar ile de sohbet eden Se\u00e7er, onlarla birlikte s\u0131kma yapt\u0131. Ard\u0131ndan esnaf\u0131 da ziyaret eden Se\u00e7er, d\u00fckkanlar\u0131 tek tek gezdi ve esnafa \u2018Hay\u0131rl\u0131 i\u015fler\u2019 diledi. Ba\u015fkan Se\u00e7er\u2019in Bozyaz\u0131 il\u00e7esindeki son dura\u011f\u0131 ise \u00c7opurlu Mahallesi oldu. \u00c7opurlu Mahallesi\u2019nde halk toplant\u0131s\u0131 ger\u00e7ekle\u015ftiren Se\u00e7er, B\u00fcy\u00fck\u015fehir Belediyesi\u2019nin hizmetlerini anlat\u0131p, vatanda\u015flar\u0131n taleplerini dinledi.<\/p>\n<p>\u201cB\u00fcy\u00fck\u015fehir\u2019in g\u00f6revi yerle\u015fim yerlerindeki yang\u0131nlar\u0131 kontrol alt\u0131na almak\u201d<\/p>\n<p>Ayd\u0131nc\u0131k ziyaretinde b\u00f6lgede ya\u015fan\u0131lan yang\u0131n afetine ili\u015fkin konu\u015fan Ba\u015fkan Se\u00e7er, il\u00e7ede yang\u0131n d\u00f6neminde maddi hasarlar meydana geldi\u011fini ve hayvanlar\u0131n telef oldu\u011funu hat\u0131rlatt\u0131. S\u00f6z konusu afette tek tesellilerinin herhangi bir can kayb\u0131 ya\u015fanmamas\u0131 oldu\u011funu vurgulayan Se\u00e7er, yang\u0131n\u0131n ba\u015flad\u0131\u011f\u0131 andan itibaren b\u00f6lgede olduklar\u0131n\u0131 ifade ederek, \u015funlar\u0131 s\u00f6yledi:<\/p>\n<p>\u201cMersin B\u00fcy\u00fck\u015fehir Belediyesi olarak, hem kanunun bize y\u00fckledi\u011fi g\u00f6revi yapmak hem de asl\u0131nda g\u00f6revimiz olmayan ama ihtiya\u00e7 halinde yard\u0131mc\u0131 olabilece\u011fimiz orman te\u015fkilat\u0131na katk\u0131 sunmak i\u00e7in yang\u0131n b\u00f6lgesine geldik. Mersin B\u00fcy\u00fck\u015fehir Belediyesi \u0130tfaiye biriminin g\u00f6revi yerle\u015fim yerlerindeki yang\u0131nlar\u0131 kontrol alt\u0131na almak, oralara m\u00fcdahale etmek. Orman \u0130\u015fletmesi\u2019nin g\u00f6revi, orman i\u00e7erisindeki yang\u0131nlarla m\u00fccadele etmek. \u0130mkan dahilinde belediyeler Orman \u0130\u015fletmesi\u2019ne yard\u0131mc\u0131 olabilir; ona ara\u00e7 takviyesi, insan takviyesi, araz\u00f6zle su deste\u011fi sa\u011flayabilir. Ya da tam tersi bir yerle\u015fim yerinde \u00e7ok b\u00fcy\u00fck bir yang\u0131n \u00e7\u0131km\u0131\u015ft\u0131r, bu yang\u0131n\u0131 itfaiye kontrol alt\u0131na almakta zorlan\u0131yordur, Orman \u0130\u015fletmesi \u00f6zellikle ormana s\u0131n\u0131r yerlerde yang\u0131n\u0131n ormana s\u0131\u00e7ramamas\u0131 i\u00e7in belediyeye destek olma durumundad\u0131r. Bu ayr\u0131nt\u0131y\u0131 niye verdim? Bu felaketlerin ya\u015fand\u0131\u011f\u0131 d\u00f6nemde T\u00fcrkiye\u2019de bu \u00e7ok tart\u0131\u015f\u0131ld\u0131. En \u00fcst makama kadar, Cumhurba\u015fkanl\u0131\u011f\u0131\u2019na kadar, Bakanl\u0131\u011fa kadar, B\u00fcy\u00fck\u015fehir Belediye Ba\u015fkanlar\u0131na kadar bu konu tart\u0131\u015f\u0131ld\u0131. \u015eimdi bu bilgilerin \u0131\u015f\u0131\u011f\u0131nda Ayd\u0131nc\u0131kl\u0131 olarak, burada yang\u0131n s\u0131ras\u0131nda ger\u00e7ekle\u015fen olaylar\u0131n birebir \u015fahidi olarak, hangi kurumun g\u00f6revini yapt\u0131\u011f\u0131n\u0131, yapmad\u0131\u011f\u0131n\u0131 ya da az yapt\u0131\u011f\u0131n\u0131, \u00e7ok yapt\u0131\u011f\u0131n\u0131 sizler g\u00f6rd\u00fcn\u00fcz. Bu konuda benim kendi kurumuma \u00f6vg\u00fc dizmemim bir anlam\u0131 yok. Zaten kurumum g\u00f6revini yapm\u0131\u015fsa \u2018G\u00fcne\u015f bal\u00e7\u0131kla s\u0131vanmaz\u2019. Sen istedi\u011fin kadar kurumunu \u00f6v, ortada bir felaket varsa bunu g\u00fczel s\u00f6zlerle telafi edemezsin. Ben bunu halk\u0131m\u0131za b\u0131rak\u0131yorum.\u201d<\/p>\n<p>Se\u00e7er, yang\u0131n\u0131n \u00e7\u0131kt\u0131\u011f\u0131 andan itibaren B\u00fcy\u00fck\u015fehir Belediyesi\u2019nin t\u00fcm birimlerinin seferber oldu\u011funu hat\u0131rlatarak, \u201cBen de geldim. 24 saat esasl\u0131 yang\u0131n sona erene kadar, en \u00fcst kademeden burada koordinasyonda g\u00f6revli arkada\u015flar\u0131m\u0131z, vatanda\u015flar\u0131m\u0131zla beraber yang\u0131n\u0131n kontrol alt\u0131na al\u0131nmas\u0131, yerle\u015fim yerlerinde ve ormandaki yang\u0131nla m\u00fccadeleye katk\u0131 sunma ad\u0131na g\u00f6revimizi yerine getirdik\u201d dedi. <\/p>\n<p>\u201cBizleri izlemeye devam edin\u201d<\/p>\n<p>Belediyecilik hizmetleri a\u00e7\u0131s\u0131ndan y\u00f6netime geldikleri g\u00fcnden bu yana \u00e7ok ciddi mesafe ald\u0131klar\u0131n\u0131 da s\u00f6yleyen Ba\u015fkan Se\u00e7er, vatanda\u015flardan B\u00fcy\u00fck\u015fehir Belediye Meclis toplant\u0131lar\u0131n\u0131 izlemelerini \u00f6nerdi. Se\u00e7er, \u201c\u00c7ok daha g\u00fczel g\u00fcnler bizleri bekliyor. Biz i\u015fimizde, projemizde, vatanda\u015flar\u0131m\u0131z\u0131n hizmetindeyiz. Belediyemiz s\u00f6yledi\u011fim gibi ba\u015flad\u0131\u011f\u0131m\u0131z g\u00fcnden bug\u00fcne kadar bakt\u0131\u011f\u0131m\u0131z zaman muazzam bir d\u00fczene girdi. Yol hizmetlerinden alt yap\u0131 hizmetlerine, sosyal politikalara, tar\u0131m hizmetlerine kadar \u00e7ok daha g\u00fczel projeler pe\u015fi s\u0131ra gelecek. Bizleri izlemeye devam edin\u201d diye konu\u015ftu.<\/p>\n<p>Ba\u015fkan Se\u00e7er, Tekeli Mahallesi\u2019nde yapt\u0131\u011f\u0131 konu\u015fmada, \u201cHadi Gel K\u00f6y\u00fcm\u00fcze Destek Verelim\u201d projesi kapsam\u0131nda Anamur\u2019da yap\u0131lacak olan k\u00fc\u00e7\u00fckba\u015f hayvan da\u011f\u0131t\u0131m\u0131 hakk\u0131nda bilgiler verdi. Kad\u0131nlar\u0131n eme\u011fini ekonomik de\u011fere d\u00f6n\u00fc\u015ft\u00fcrmenin \u00f6nemine de\u011finen Se\u00e7er, \u201cBiz Mersin\u2019i b\u00f6yle kalk\u0131nd\u0131r\u0131r\u0131z. Herkesin eli i\u015f tutacak, ekmek tutacak. Ter\u00f6r\u00fc b\u00f6yle \u00f6nleriz. Silahlar\u0131 ku\u015fan\u0131p insanlarla kavga etmek, \u00e7at\u0131\u015fmak de\u011fil; herkes \u00e7al\u0131\u015facak, \u00fcretecek, \u00e7ocuklar\u0131 e\u011fitim g\u00f6recek. Ne kavga olur, ne b\u00f6l\u00fcnme olur, ne par\u00e7alanma olur, ne \u015fiddet olur, ne nefret olur. Birbirimizi sevece\u011fiz\u201d dedi.<\/p>\n<p>\u201cBizim belediyemizin anlay\u0131\u015f\u0131 herkese e\u015fit hizmet g\u00f6t\u00fcrmek\u201d<\/p>\n<p>Y\u00f6netimde herkese e\u015fit hizmet g\u00f6t\u00fcrme anlay\u0131\u015f\u0131na sahip olduklar\u0131n\u0131 s\u00f6yleyen Se\u00e7er, \u201cBizim belediyemizin anlay\u0131\u015f\u0131 Kaledran\u2019dan Tarsus\u2019a, Yenice\u2019ye kadar, \u00c7aml\u0131yayla\u2019dan Mut\u2019a kadar insanlar\u0131 bir arada karde\u015f\u00e7e ya\u015fatmak, herkese e\u015fit hizmet g\u00f6t\u00fcrmek. Herkesin yolunu yapal\u0131m. Herkesin i\u00e7me suyu \u015febekesini yapal\u0131m. Muhtarlar\u0131m\u0131z burada. Bizim Sosyal Hizmetler Daire Ba\u015fkanl\u0131\u011f\u0131m\u0131z var. Bu arada ihtiya\u00e7 sahiplerine her alanda yard\u0131m var. G\u0131da yard\u0131m\u0131 da, s\u0131cak yemek yard\u0131m\u0131 da, evde bak\u0131m var, evde sa\u011fl\u0131k var; Anamur\u2019da, Bozyaz\u0131\u2019da bu y\u0131l hizmete ba\u015flatt\u0131k onlar\u0131. Bana diyemezler ki; \u2018Ba\u015fkan\u0131m, b\u00fcrokratlar\u0131n\u0131z k\u00f6ylerimizin daha \u00f6nceki se\u00e7imlerde kulland\u0131\u011f\u0131 oydan dolay\u0131 ayr\u0131mc\u0131l\u0131k yap\u0131yor. Sana oy vermeyen vatanda\u015flara yard\u0131m yapm\u0131yor ya da hizmet g\u00f6t\u00fcrm\u00fcyor\u2019. Bunu dedikleri anda ben bir eksik yapt\u0131\u011f\u0131m\u0131z\u0131 d\u00fc\u015f\u00fcn\u00fcr\u00fcm ama onu diyeceklerini sanm\u0131yorum. Bizim her g\u00f6revlimiz, b\u00fcrokrat\u0131m\u0131z, en tepeden benden ba\u015fl\u0131yor; halk\u0131m\u0131za ayr\u0131mc\u0131l\u0131k yapmadan hizmet yapmak zorunday\u0131z\u201d diye konu\u015ftu. <\/p>\n<p>Se\u00e7er, Mersin B\u00fcy\u00fck\u015fehir Belediyesi\u2019nin yo\u011fun \u00e7al\u0131\u015fan belediyelerin ba\u015f\u0131nda geldi\u011fini ifade ederek, \u201cHizmet alan\u0131n\u0131n geni\u015fli\u011fi gibi ko\u015fullar alt\u0131nda Mersin B\u00fcy\u00fck\u015fehir Belediyesi t\u00fcm il\u00e7elerinde yani il sath\u0131nda bilin\u00e7li, sistemli, etkin bir \u015fekilde hizmetlerini yap\u0131yor. Yol yapmak var, yol yapmak var. Yolu kaliteli yapmak var, ikinci s\u0131n\u0131f yol yapmak var. Kaliteli alt yap\u0131 yapmak var, ikinci s\u0131n\u0131f alt yap\u0131 yapmak var. K\u00f6pr\u00fcy\u00fc 50 milyona yapt\u0131rmak var, ayn\u0131 k\u00f6pr\u00fcy\u00fc 70 milyon liraya ihale etmek var. Yani kaliteli yol, hem de en makul fiyata yapt\u0131raca\u011f\u0131m\u201d dedi.<\/p>\n<p>\u201cMersin B\u00fcy\u00fck\u015fehir Belediyesi, T\u00fcrkiye\u2019de y\u0131ld\u0131z\u0131 y\u00fckselen bir belediye\u201d<\/p>\n<p>Do\u011fru ve yerinde projelerle iyi hizmetler yapt\u0131klar\u0131n\u0131 s\u00f6yleyen Se\u00e7er, \u201cBelediye hakikaten y\u00f6netilir bir belediye oldu. T\u00fcrkiye\u2019de 30 B\u00fcy\u00fck\u015fehir Belediyesi var. Bu belediyeleri herkes takip eder. Otoriteler de burada ne oldu\u011funu bilir. Belediyecilik nas\u0131l yap\u0131l\u0131yor? Belediye gelen kayna\u011f\u0131 nas\u0131l kullan\u0131yor? Yap\u0131lan i\u015fler, ihaleler ne? \u0130halelerin bedeli ne? Yap\u0131lan yolun kalitesi ne? Hepsini biliyor insanlar. Mersin B\u00fcy\u00fck\u015fehir Belediyesi, T\u00fcrkiye\u2019de y\u0131ld\u0131z\u0131 y\u00fckselen bir belediye. Bu benim kendi kendime reklam\u0131m de\u011fil\u201d ifadelerini kulland\u0131.<\/p>\n<p>\u201cBelediyecilik bizim a\u00e7\u0131m\u0131zdan halk\u0131n derdiyle dertlenmektir\u201d<\/p>\n<p>Belediyecili\u011fin sadece betondan ibaret olmad\u0131\u011f\u0131n\u0131 vurgulayan Ba\u015fkan Se\u00e7er, sosyal belediyecilik hizmetlerine devam edeceklerini belirterek, \u201cBelediyecilik sadece beton de\u011fil, belediyecilik yanda\u015flarla i\u015f tutmak de\u011fil, belediyecilik halk\u0131n derdine deva olmak. Hastas\u0131n\u0131n, fakirinin, fukaran\u0131n, \u00e7ocu\u011funun, e\u011fitim ihtiyac\u0131 olan\u0131n, herkesin yan\u0131nda olmak. Bizim g\u00f6z\u00fcm\u00fczde belediyecilik bu. Belediyecilik, bizim a\u00e7\u0131m\u0131zdan halka temas etmek, halk\u0131n derdiyle dertlenmektir. \u0130n\u015fallah \u00e7ok daha faydal\u0131 i\u015fler yapaca\u011f\u0131z. \u00c7ok daha g\u00fczel i\u015fler yapaca\u011f\u0131z. Bize Mersin halk\u0131 izin verdi, destek verdi. Dediler ki; \u20185 y\u0131l bu belediyeyi sen ve kadron y\u00f6netsin karde\u015fim. Belediye Ba\u015fkan\u0131 sensin, kadrolar\u0131nla beraber y\u00f6netin bu belediyeyi\u2019. Biz zekam\u0131z\u0131, enerjimizi, inanc\u0131m\u0131z\u0131, vatan sevgimizi, insan sevgimizi kullanarak en iyi hizmetleri bug\u00fcne kadar oldu\u011fu gibi bundan sonra da yapmaya devam edece\u011fiz\u201d ifadelerine yer verdi.<\/p>\n<p>\u201cMetro\u2019da temeli 29 Ekim\u2019e kadar atmay\u0131 planl\u0131yoruz\u201d<\/p>\n<p>Ba\u015fkan Se\u00e7er, g\u00fcn sonunda Kanal 33, Sun RTV, \u0130\u00e7el TV ve Koza TV\u2019nin ortak yay\u0131nda \u00f6nemli de\u011ferlendirmelerde bulundu. Toplu ula\u015f\u0131m\u0131 da sosyal hizmet olarak g\u00f6rd\u00fcklerini ifade eden Se\u00e7er, Metro projesinin bu a\u00e7\u0131dan da \u00f6nem ta\u015f\u0131d\u0131\u011f\u0131n\u0131 s\u00f6yledi. Ba\u015fkan Se\u00e7er, Metro projesi ile ilgili olarak \u015funlar\u0131 s\u00f6yledi:<\/p>\n<p>\u201cBiz ihaleyi ger\u00e7ekle\u015ftirdik. Bunu da a\u00e7\u0131klad\u0131k kamuoyuna. \u015eu anda yakla\u015f\u0131k olarak 1 milyar lira civar\u0131nda bir bono ihrac\u0131 yapaca\u011f\u0131z. Yani bono sat\u0131\u015f\u0131yla ger\u00e7ekle\u015ftirece\u011fiz bunu. Temeli de 29 Ekim\u2019e kadar atmay\u0131 planl\u0131yoruz. Tabi bu prosed\u00fcr\u00fcn uzamamas\u0131 laz\u0131m. Yer teslimi olacak, ilk finansman sa\u011flanacak, firma \u015fantiyesini kuracak, gerekli alet edevat\u0131n\u0131 getirecek. Biz de ilk kazmay\u0131 vuraca\u011f\u0131z diye d\u00fc\u015f\u00fcn\u00fcyorum.\u201d<\/p>\n<p>Merkezi h\u00fck\u00fcmetle ilgili de de\u011ferlendirmelerde bulunan Ba\u015fkan Se\u00e7er, \u201cBak\u0131n bir Havaalan\u0131 Projesi hala bitmedi. Bunu vatanda\u015f sorgulamal\u0131. Yani B\u00fcy\u00fck\u015fehir&#8217;in bir caddesi 1 ay gecikti diye Meclis\u2019te k\u0131yameti koparan ittifak Meclis \u00fcyeleri, havaalan\u0131 konusunda mikrofonu als\u0131nlar da Meclis\u2019te bana bir \u015fey s\u00f6ylesinler. Antalya ba\u011flant\u0131 yolu y\u0131llar devam ediyor, daha bitmedi. Tarsus Kazanl\u0131 Sahil Band\u0131 Projesi 15 bin insan burada i\u015f, a\u015f sa\u011flayaca\u011f\u0131z, yat\u0131r\u0131m yap\u0131yoruz, turizm tesisleri yap\u0131lacak\u2026 Y\u0131lan hikayesine d\u00f6nd\u00fc. Cumhur ittifak\u0131na mensup Meclis \u00fcyeleri Mersin B\u00fcy\u00fck\u015fehir Meclisi\u2019nde mikrofonu als\u0131nlar, bu konuda bana bir \u015feyler s\u00f6ylesinler\u201d diye konu\u015ftu.<\/p>\n","protected":false},"excerpt":{"rendered":"<p>Mersin B\u00fcy\u00fck\u015fehir Belediye Ba\u015fkan\u0131 Vahap Se\u00e7er, Ayd\u0131nc\u0131k ve Bozyaz\u0131 il\u00e7elerine \u00e7\u0131karma yapt\u0131. Her iki il\u00e7ede de mahalle ziyaretlerinde bulunarak, vatanda\u015flar\u0131n taleplerini dinleyen ve esnaf\u0131 ziyaret eden Se\u00e7er, \u201cBizim belediyemizin anlay\u0131\u015f\u0131 &hellip; <a href=\"https:\/\/akdenizolaygazetesi.com\/?p=14061\" class=\"more-link\">Devam\u0131n\u0131 Oku&#8230;<\/a><\/p>\n","protected":false},"author":2,"featured_media":14062,"comment_status":"open","ping_status":"open","sticky":false,"template":"","format":"standard","meta":[],"categories":[34,1,3,5],"tags":[],"_links":{"self":[{"href":"https:\/\/akdenizolaygazetesi.com\/index.php?rest_route=\/wp\/v2\/posts\/14061"}],"collection":[{"href":"https:\/\/akdenizolaygazetesi.com\/index.php?rest_route=\/wp\/v2\/posts"}],"about":[{"href":"https:\/\/akdenizolaygazetesi.com\/index.php?rest_route=\/wp\/v2\/types\/post"}],"author":[{"embeddable":true,"href":"https:\/\/akdenizolaygazetesi.com\/index.php?rest_route=\/wp\/v2\/users\/2"}],"replies":[{"embeddable":true,"href":"https:\/\/akdenizolaygazetesi.com\/index.php?rest_route=%2Fwp%2Fv2%2Fcomments&post=14061"}],"version-history":[{"count":1,"href":"https:\/\/akdenizolaygazetesi.com\/index.php?rest_route=\/wp\/v2\/posts\/14061\/revisions"}],"predecessor-version":[{"id":14063,"href":"https:\/\/akdenizolaygazetesi.com\/index.php?rest_route=\/wp\/v2\/posts\/14061\/revisions\/14063"}],"wp:featuredmedia":[{"embeddable":true,"href":"https:\/\/akdenizolaygazetesi.com\/index.php?rest_route=\/wp\/v2\/media\/14062"}],"wp:attachment":[{"href":"https:\/\/akdenizolaygazetesi.com\/index.php?rest_route=%2Fwp%2Fv2%2Fmedia&parent=14061"}],"wp:term":[{"taxonomy":"category","embeddable":true,"href":"https:\/\/akdenizolaygazetesi.com\/index.php?rest_route=%2Fwp%2Fv2%2Fcategories&post=14061"},{"taxonomy":"post_tag","embeddable":true,"href":"https:\/\/akdenizolaygazetesi.com\/index.php?rest_route=%2Fwp%2Fv2%2Ftags&post=14061"}],"curies":[{"name":"wp","href":"https:\/\/api.w.org\/{rel}","templated":true}]}}