{"id":14064,"date":"2021-09-08T11:39:01","date_gmt":"2021-09-08T08:39:01","guid":{"rendered":"http:\/\/akdenizolaygazetesi.com\/?p=14064"},"modified":"2021-09-08T11:41:31","modified_gmt":"2021-09-08T08:41:31","slug":"hediye-edilen-egitim-seti-ile-sinava-hazirlandi","status":"publish","type":"post","link":"https:\/\/akdenizolaygazetesi.com\/?p=14064","title":{"rendered":"\u201cHediye edilen e\u011fitim seti ile s\u0131nava haz\u0131rland\u0131\u201d"},"content":{"rendered":"<p><em>\u0130clal Kurt, Akdeniz Belediyesi\u2019nin \u00fcniversite s\u0131nav\u0131na haz\u0131rlanan \u00f6\u011frencilere \u00fccretsiz da\u011f\u0131tt\u0131\u011f\u0131 YKS e\u011fitim seti ile ders \u00e7al\u0131\u015farak Amasya \u00dcniversitesi T\u0131p Fak\u00fcltesi\u2019ni kazand\u0131. Ba\u015fkan Mustafa G\u00fcltak, gelece\u011fin doktor aday\u0131 \u0130clal\u2019e t\u00fcm e\u011fitim ya\u015fam\u0131 boyunca her t\u00fcrl\u00fc deste\u011fi vermeye devam edece\u011fini ifade etti. <\/em><\/p>\n<p>Akdeniz Belediye Ba\u015fkan\u0131 M. Mustafa G\u00fcltak, girdi\u011fi YKS s\u0131nav\u0131nda iyi bir s\u0131ralama ve ba\u015far\u0131 elde ederek Amasya \u00dcniversitesi T\u0131p Fak\u00fcltesi\u2019ni kazanan \u0130clal Kurt ve annesi Sonay \u00d6zveren\u2019i; Cami\u015ferif Mahallesi\u2019nde ya\u015fad\u0131klar\u0131 evlerinde ziyaret etti. Gelece\u011fin doktor aday\u0131 \u0130clal Kurt, Akdeniz Belediyesi\u2019nin \u00fccretsiz da\u011f\u0131tt\u0131\u011f\u0131 YKS haz\u0131rl\u0131k seti ile s\u0131navlara haz\u0131rlanarak, bu \u00f6nemli ba\u015far\u0131y\u0131 elde etti.<\/p>\n<p>\u201cHediye edilen e\u011fitim seti ile s\u0131nava haz\u0131rland\u0131\u201d<\/p>\n<p>Anne Sonay ve K\u0131z\u0131 \u0130clal ile Akdeniz Belediyesi\u2019nin dezavantajl\u0131 aileler yarar\u0131na d\u00fczenledi\u011fi Silifke yaz kamp\u0131nda tan\u0131\u015ft\u0131klar\u0131n\u0131 anlatan Ba\u015fkan G\u00fcltak, \u201cBelediye olarak ailemizi ve b\u00fcy\u00fck hayalleri olan ba\u015far\u0131l\u0131 k\u0131z\u0131m\u0131z \u0130clal\u2019i takip ettik. Ge\u00e7en y\u0131l 4 binin \u00fczerinde lise \u00f6\u011frencimize e\u011fitim seti verdik.<\/p>\n<p>Bu sette 50 binin \u00fczerinde soru haznesi vard\u0131. Ayr\u0131ca sorular\u0131n \u00e7\u00f6z\u00fcmleri, \u00f6\u011fretmenlerin anlat\u0131mlar\u0131, ders f\u00f6yleri gibi bir\u00e7ok soru bankas\u0131n\u0131n oldu\u011fu bir e\u011fitim setiydi. \u0130clal k\u0131z\u0131m\u0131z dershaneye gitmedi, \u00f6zel ders almad\u0131. Sadece bizim hediye etti\u011fimiz YKS e\u011fitim seti ile \u00e7ok iyi haz\u0131rlan\u0131p s\u0131nava girdi ve istedi\u011fi b\u00f6l\u00fcm olan T\u0131p Fak\u00fcltesi\u2019ni kazand\u0131\u201d diye konu\u015ftu.<\/p>\n<p>\u201cE\u011fitim ya\u015fam\u0131 boyunca k\u0131z\u0131m\u0131za destek olaca\u011f\u0131m\u201d<\/p>\n<p>S\u00f6zlerini, \u201c\u0130clal g\u00f6revini yapt\u0131, iyi ders \u00e7al\u0131\u015ft\u0131, iyi bir derece elde etti ve hedefini tutturdu\u201d diyerek s\u00fcrd\u00fcren Ba\u015fkan G\u00fcltak, \u201c\u015f\u00f6yle konu\u015ftu; Bundan sonras\u0131 da yine bizde. Belediye olarak bizler de ailemizi ve \u0130clal\u2019i takip etmeye devam edece\u011fiz. E\u011fitim s\u00fcreci boyunca da k\u0131z\u0131m\u0131za maddi ve manevi destek olaca\u011f\u0131m.<\/p>\n<p>\u0130clal gibi ba\u015far\u0131l\u0131, gelece\u011fe dair hedeflerine ula\u015fmak i\u00e7in azimle \u00e7al\u0131\u015fan t\u00fcm gen\u00e7lerimize sahip \u00e7\u0131kaca\u011f\u0131z. \u00c7\u00fcnk\u00fc bizden sonra gen\u00e7lerimiz, T\u00fcrkiye Cumhuriyeti\u2019ni y\u00fckseltecek ve en iyi yerlere getirecek. Ailemiz merak etmesin, hayatta oldum s\u00fcrece di\u011fer bir\u00e7ok \u00e7ocu\u011fumuza oldu\u011fu gibi, e\u011fitim hayat\u0131 boyunca \u0130clal k\u0131z\u0131m\u0131za da destek olaca\u011f\u0131m.\u201d<\/p>\n<p>\u201cBelediyemizin e\u011fitim setiyle s\u0131nava haz\u0131rland\u0131m\u201d<\/p>\n<p>Akdeniz Belediyesi\u2019nin kendisine hediye etti\u011fi YKS haz\u0131rl\u0131k seti sayesinde Amasya \u00dcniversitesi T\u0131p Fak\u00fcltesi\u2019ni kazanarak b\u00fcy\u00fck bir ba\u015far\u0131ya imza atan \u0130clal Kurt da sevin\u00e7 ve heyecan\u0131n\u0131 \u015fu s\u00f6zlerle dile getirdi. \u201c\u00d6zellikle ge\u00e7en y\u0131l Akdeniz Belediyesi\u2019nin Silifke\u2019de d\u00fczenledi\u011fi gen\u00e7lik kamp\u0131nda \u00e7ok motive olmu\u015ftum.<\/p>\n<p>Tabi herhangi bir yerden \u00f6zel ders almak gibi bir \u015fans\u0131m yoktu. Yaz kamp\u0131ndan sonra \u00e7ok y\u00fcksek bir motive ile derslerime \u00e7ok yo\u011fun \u015fekilde \u00e7al\u0131\u015ft\u0131m. Akdeniz Belediyesi\u2019nin verdi\u011fi e\u011fitim setiyle de iyi bir ba\u015flang\u0131\u00e7 yapt\u0131m ve s\u0131k\u0131 \u00e7al\u0131\u015farak istedi\u011fim b\u00f6l\u00fcm\u00fc kazand\u0131m. Bu nedenle Ba\u015fta Ba\u015fkan\u0131m\u0131z Say\u0131n Mustafa G\u00fcltak olmak \u00fczere Akdeniz Belediyesi\u2019nin t\u00fcm \u00e7al\u0131\u015fanlar\u0131na te\u015fekk\u00fcrlerimi sunuyorum.\u201d<\/p>\n<p>Anneden te\u015fekk\u00fcr\u2026<\/p>\n<p>K\u0131z\u0131n\u0131n herhangi bir yerden \u00f6zel ders alamad\u0131\u011f\u0131n\u0131 ve tamamen Akdeniz Belediyesi\u2019nin hediye etti\u011fi YKS e\u011fitim seti ile \u00fcniversite s\u0131nav\u0131na \u00e7ok iyi haz\u0131rland\u0131\u011f\u0131n\u0131 dile getiren anne Sonay \u00d6zveren ise, \u201cK\u0131z\u0131m \u0130clal, bu y\u0131l Akdeniz Belediyesi\u2019nin, binlerce \u00f6\u011frenciye oldu\u011fu gibi k\u0131z\u0131ma da \u00fccretsiz sa\u011flad\u0131\u011f\u0131 e\u011fitim setinden faydaland\u0131. Herhangi bir kurum veya \u00f6\u011fretmenden \u00f6zel ders almad\u0131. Derslerini de evde s\u0131k\u0131 s\u0131k\u0131ya takip ederek \u00e7ok \u015f\u00fck\u00fcr t\u0131p fak\u00fcltesini kazand\u0131. Bizlere bu f\u0131rsat\u0131 sundu\u011fu i\u00e7in Say\u0131n Ba\u015fkan\u0131m\u0131za sonsuz te\u015fekk\u00fcrlerimizi sunuyorum\u201d s\u00f6zleriyle duygular\u0131n\u0131 ifade etti.<\/p>\n","protected":false},"excerpt":{"rendered":"<p>\u0130clal Kurt, Akdeniz Belediyesi\u2019nin \u00fcniversite s\u0131nav\u0131na haz\u0131rlanan \u00f6\u011frencilere \u00fccretsiz da\u011f\u0131tt\u0131\u011f\u0131 YKS e\u011fitim seti ile ders \u00e7al\u0131\u015farak Amasya \u00dcniversitesi T\u0131p Fak\u00fcltesi\u2019ni kazand\u0131. Ba\u015fkan Mustafa G\u00fcltak, gelece\u011fin doktor aday\u0131 \u0130clal\u2019e t\u00fcm e\u011fitim &hellip; <a href=\"https:\/\/akdenizolaygazetesi.com\/?p=14064\" class=\"more-link\">Devam\u0131n\u0131 Oku&#8230;<\/a><\/p>\n","protected":false},"author":2,"featured_media":14065,"comment_status":"open","ping_status":"open","sticky":false,"template":"","format":"standard","meta":[],"categories":[2,3,5],"tags":[],"_links":{"self":[{"href":"https:\/\/akdenizolaygazetesi.com\/index.php?rest_route=\/wp\/v2\/posts\/14064"}],"collection":[{"href":"https:\/\/akdenizolaygazetesi.com\/index.php?rest_route=\/wp\/v2\/posts"}],"about":[{"href":"https:\/\/akdenizolaygazetesi.com\/index.php?rest_route=\/wp\/v2\/types\/post"}],"author":[{"embeddable":true,"href":"https:\/\/akdenizolaygazetesi.com\/index.php?rest_route=\/wp\/v2\/users\/2"}],"replies":[{"embeddable":true,"href":"https:\/\/akdenizolaygazetesi.com\/index.php?rest_route=%2Fwp%2Fv2%2Fcomments&post=14064"}],"version-history":[{"count":2,"href":"https:\/\/akdenizolaygazetesi.com\/index.php?rest_route=\/wp\/v2\/posts\/14064\/revisions"}],"predecessor-version":[{"id":14068,"href":"https:\/\/akdenizolaygazetesi.com\/index.php?rest_route=\/wp\/v2\/posts\/14064\/revisions\/14068"}],"wp:featuredmedia":[{"embeddable":true,"href":"https:\/\/akdenizolaygazetesi.com\/index.php?rest_route=\/wp\/v2\/media\/14065"}],"wp:attachment":[{"href":"https:\/\/akdenizolaygazetesi.com\/index.php?rest_route=%2Fwp%2Fv2%2Fmedia&parent=14064"}],"wp:term":[{"taxonomy":"category","embeddable":true,"href":"https:\/\/akdenizolaygazetesi.com\/index.php?rest_route=%2Fwp%2Fv2%2Fcategories&post=14064"},{"taxonomy":"post_tag","embeddable":true,"href":"https:\/\/akdenizolaygazetesi.com\/index.php?rest_route=%2Fwp%2Fv2%2Ftags&post=14064"}],"curies":[{"name":"wp","href":"https:\/\/api.w.org\/{rel}","templated":true}]}}