{"id":1407,"date":"2020-11-04T18:21:58","date_gmt":"2020-11-04T15:21:58","guid":{"rendered":"http:\/\/mersinekonomipolitikagazetesi.com\/?p=1407"},"modified":"2020-11-04T18:21:58","modified_gmt":"2020-11-04T15:21:58","slug":"moskovadaki-turkiye-festivaline-ziyaretci-akini","status":"publish","type":"post","link":"https:\/\/akdenizolaygazetesi.com\/?p=1407","title":{"rendered":"Moskova&#8217;daki \u201cT\u00fcrkiye Festivali\u201dne ziyaret\u00e7i ak\u0131n\u0131"},"content":{"rendered":"<p>Rusya&#8217;n\u0131n ba\u015fkenti Moskova&#8217;da d\u00fczenlenen \u201cT\u00fcrkiye Festivali\u201d 150 binin \u00fczerinde ziyaret\u00e7i a\u011f\u0131rlad\u0131.<\/p>\n<p><span style=\"color: rgb(0, 0, 0); font-family: Tahoma, Arial, &quot;Times New Roman TUR&quot;, Verdana; font-size: 15px;\">&#8220;T\u00fcrkiye Festivali&#8221;, K\u00fclt\u00fcr ve Turizm Bakanl\u0131\u011f\u0131\u2019n\u0131n deste\u011fi, T\u00fcrkiye Otelciler Federasyonu (T\u00dcROFED), T\u00fcrkiye Seyahat Acenteleri Birli\u011fi (T\u00dcRSAB), T\u00fcrkiye Turizm Yat\u0131r\u0131mc\u0131lar\u0131 Derne\u011fi (TYD), Turist Rehberleri Birli\u011fi (TUREB), T\u00fcrkiye Otelciler Birli\u011fi (T\u00dcROB), Rus-T\u00fcrk \u0130\u015fadamlar\u0131 Birli\u011fi\u2019nin (RT\u0130B) katk\u0131lar\u0131 ve THY\u2019nin ana sponsorlu\u011funda 16-17-18 Haziran 2017 tarihlerinde Moskova&#8217;da ger\u00e7ekle\u015ftirildi.<\/span><br style=\"color: rgb(0, 0, 0); font-family: Tahoma, Arial, &quot;Times New Roman TUR&quot;, Verdana; font-size: 15px;\" \/><br \/>\n<span style=\"color: rgb(0, 0, 0); font-family: Tahoma, Arial, &quot;Times New Roman TUR&quot;, Verdana; font-size: 15px;\">165 d\u00f6n\u00fcml\u00fck arazi \u00fczerinde yer alan Park Krasnaya Presnya\u2019da ger\u00e7ekle\u015ftirilen \u201cT\u00fcrkiye Festivali\u201d, ilk g\u00fcn ya\u011f\u0131\u015fl\u0131 havaya ra\u011fmen 20 bin ziyaret\u00e7i a\u011f\u0131rlad\u0131. Hava ko\u015fullar\u0131n\u0131n d\u00fczelmesi ile hafta sonuna denk gelen T\u00fcrkiye Festivali Rus halk\u0131n\u0131n ak\u0131n\u0131na u\u011frad\u0131. Festival, toplam 150 binin \u00fczerinde ziyaret\u00e7i say\u0131s\u0131na ula\u015ft\u0131.<\/span><br style=\"color: rgb(0, 0, 0); font-family: Tahoma, Arial, &quot;Times New Roman TUR&quot;, Verdana; font-size: 15px;\" \/><br \/>\n<br style=\"color: rgb(0, 0, 0); font-family: Tahoma, Arial, &quot;Times New Roman TUR&quot;, Verdana; font-size: 15px;\" \/><br \/>\n<span style=\"color: rgb(0, 0, 0); font-family: Tahoma, Arial, &quot;Times New Roman TUR&quot;, Verdana; font-size: 15px;\">Rus-T\u00fcrk sanat\u00e7\u0131lar ayn\u0131 sahneyi payla\u015ft\u0131<\/span><br style=\"color: rgb(0, 0, 0); font-family: Tahoma, Arial, &quot;Times New Roman TUR&quot;, Verdana; font-size: 15px;\" \/><br \/>\n<span style=\"color: rgb(0, 0, 0); font-family: Tahoma, Arial, &quot;Times New Roman TUR&quot;, Verdana; font-size: 15px;\">T\u00fcrkiye\u2019nin k\u00fclt\u00fcrel, turistik ve sanatsal de\u011ferlerini Moskova\u2019ya ta\u015f\u0131yan T\u00fcrkiye Festivali\u2019ne T\u00fcrkiye\u2019den 100\u2019\u00fcn \u00fczerinde sanat\u00e7\u0131 kat\u0131l\u0131rken festival kapsam\u0131nda yakla\u015f\u0131k 500 ki\u015fi g\u00f6rev ald\u0131. Moskova Belediyesi\u2019nin de destek verdi\u011fi T\u00fcrkiye Festivali&#8217;nde Rus ve T\u00fcrk sanat\u00e7\u0131lar\u0131n ayn\u0131 sahneyi payla\u015farak Rus\u00e7a \u015fark\u0131lar s\u00f6ylemesi ziyaret\u00e7ilerin b\u00fcy\u00fck be\u011fenisini toplad\u0131. Ayr\u0131ca festival kapsam\u0131nda sahne alan Rus pop starlar\u0131 da b\u00fcy\u00fck ilgi g\u00f6rd\u00fc. Festival boyunca ana sahne d\u0131\u015f\u0131nda \u0130stanbul ve Kemer sahneleri de g\u00f6steri ve konserleri ile dikkat \u00e7ekti.<\/span><br style=\"color: rgb(0, 0, 0); font-family: Tahoma, Arial, &quot;Times New Roman TUR&quot;, Verdana; font-size: 15px;\" \/><br \/>\n<span style=\"color: rgb(0, 0, 0); font-family: Tahoma, Arial, &quot;Times New Roman TUR&quot;, Verdana; font-size: 15px;\">T\u00fcrkiye\u2019den bir\u00e7ok belediye ve kurumun destek verdi\u011fi T\u00fcrkiye Festivali\u2019nde \u0130stanbul, Antalya, Nev\u015fehir, Ayd\u0131n illerinin yan\u0131 s\u0131ra Alanya, Kemer, Manavgat, Belek, Bodrum, Ku\u015fadas\u0131, Didim gibi turizm destinasyonlar\u0131 da b\u00f6lgelerini tan\u0131tma f\u0131rsat\u0131 buldu. T\u00fcrkiye Festivali, turizm firmalar\u0131n\u0131n da kat\u0131l\u0131m\u0131 ile \u00f6nemli bir tan\u0131t\u0131m platformuna d\u00f6nd\u00fc.<\/span><br style=\"color: rgb(0, 0, 0); font-family: Tahoma, Arial, &quot;Times New Roman TUR&quot;, Verdana; font-size: 15px;\" \/><br \/>\n<span style=\"color: rgb(0, 0, 0); font-family: Tahoma, Arial, &quot;Times New Roman TUR&quot;, Verdana; font-size: 15px;\">Moskova\u2019daki organizasyona Devlet Halk Danslar\u0131 Toplulu\u011fu, Devlet Halk Danslar\u0131 Mehteran Ekibi, Tepecik Flarmoni Orkestras\u0131, Antalya Opera ve Balesi, \u0130stanbul \u00dcniversitesi Devlet Konservatuar\u0131, Antalya Olgunla\u015fma Enstit\u00fcs\u00fc, G\u00fcre\u015f Federasyonu, T\u00fcrkiye A\u015f\u00e7\u0131lar Federasyonu da destek vererek festival boyunca sahne al\u0131p g\u00f6steriler ger\u00e7ekle\u015ftirdi. Festivalde Rusya\u2019da da ilgi ile izlenen \u201cMuhte\u015fem Y\u00fczy\u0131l\u201d dizisinin set k\u0131yafetleri sergilendi. \u00d6n\u00fcnde uzun kuyruklar\u0131n olu\u015ftu\u011fu sergi binlerce \u201cMuhte\u015fem Y\u00fczy\u0131l\u201d hayran\u0131n\u0131 zamanda yolculu\u011fa \u00e7\u0131kard\u0131.<\/span><br style=\"color: rgb(0, 0, 0); font-family: Tahoma, Arial, &quot;Times New Roman TUR&quot;, Verdana; font-size: 15px;\" \/><br \/>\n<span style=\"color: rgb(0, 0, 0); font-family: Tahoma, Arial, &quot;Times New Roman TUR&quot;, Verdana; font-size: 15px;\">Bir\u00e7ok etkinli\u011fe sahne olan festivalde, yap\u0131lan \u00e7ekili\u015flerle 200 ki\u015fiye de T\u00fcrkiye tatili hediye edildi.<\/span><br style=\"color: rgb(0, 0, 0); font-family: Tahoma, Arial, &quot;Times New Roman TUR&quot;, Verdana; font-size: 15px;\" \/><br \/>\n<br style=\"color: rgb(0, 0, 0); font-family: Tahoma, Arial, &quot;Times New Roman TUR&quot;, Verdana; font-size: 15px;\" \/><br \/>\n<span style=\"color: rgb(0, 0, 0); font-family: Tahoma, Arial, &quot;Times New Roman TUR&quot;, Verdana; font-size: 15px;\">Temurci: \u201cB\u00fcy\u00fck ilgi g\u00f6rd\u00fck\u201d<\/span><br style=\"color: rgb(0, 0, 0); font-family: Tahoma, Arial, &quot;Times New Roman TUR&quot;, Verdana; font-size: 15px;\" \/><br \/>\n<span style=\"color: rgb(0, 0, 0); font-family: Tahoma, Arial, &quot;Times New Roman TUR&quot;, Verdana; font-size: 15px;\">T\u00fcrkiye Festivali\u2019ni yak\u0131ndan takip eden K\u00fclt\u00fcr ve Turizm Bakanl\u0131\u011f\u0131 Tan\u0131tma Genel M\u00fcd\u00fcr Yard\u0131mc\u0131s\u0131 Ahmet Ali Temurci, Moskova\u2019daki T\u00fcrkiye Festivali\u2019nin b\u00fcy\u00fck ilgi g\u00f6rd\u00fc\u011f\u00fcn\u00fc ve bu festivali geleneksel hale getireceklerini s\u00f6yledi. Temurci, \u201cRus halk\u0131 festival boyunca \u00e7ok g\u00fczel bir ilgi g\u00f6sterdi. Burada Antalya\u2019dan \u0130stanbul\u2019a, Ayd\u0131n\u2019dan Kapadokya\u2019ya, Kapadokya\u2019dan Mersin\u2019e bir\u00e7ok destinasyonumuz T\u00fcrkiye\u2019nin tan\u0131t\u0131m\u0131n\u0131 yapt\u0131. \u0130lgiden dolay\u0131 da \u00e7ok mutluyuz. Bu festivali geleneksel hale getirmeyi planl\u0131yoruz. T\u00fcrkiye\u2019den sanat\u00e7\u0131lar\u0131m\u0131z, turizmcilerimiz ve \u00e7ok say\u0131da g\u00f6revli arkada\u015f\u0131m\u0131z Moskova\u2019ya gelerek \u00f6nemli bir i\u015fe imza att\u0131lar. T\u00fcm sanat\u00e7\u0131lar\u0131m\u0131za Bakanl\u0131\u011f\u0131m\u0131z ad\u0131na te\u015fekk\u00fcr ediyorum. T\u00fcrkiye\u2019nin hemen hemen b\u00fct\u00fcn unsurlar\u0131n\u0131 g\u00f6rmeniz m\u00fcmk\u00fcnd\u00fc. Pazar\u0131 domine eden tur operat\u00f6rleri, T\u00fcrk mutfa\u011f\u0131, pehlivanlar\u0131m\u0131z, \u00e7ocuklar i\u00e7in aktiviteler vb. bir\u00e7ok etkinlik vard\u0131. Gelecek sene daha ciddi bir boyutta burada yer alaca\u011f\u0131z. Bu festivalin ger\u00e7ekle\u015fmesini sa\u011flayan ba\u015fta T\u00fcrkiye Otelciler Federasyonu (T\u00dcROFED) olmak \u00fczere herkese \u00e7ok te\u015fekk\u00fcr ediyoruz\u201d dedi.<\/span><br style=\"color: rgb(0, 0, 0); font-family: Tahoma, Arial, &quot;Times New Roman TUR&quot;, Verdana; font-size: 15px;\" \/><br \/>\n<br style=\"color: rgb(0, 0, 0); font-family: Tahoma, Arial, &quot;Times New Roman TUR&quot;, Verdana; font-size: 15px;\" \/><br \/>\n<span style=\"color: rgb(0, 0, 0); font-family: Tahoma, Arial, &quot;Times New Roman TUR&quot;, Verdana; font-size: 15px;\">Ay\u0131k: \u201cT\u00fcrkiye\u2019yi Rus halk\u0131 ile bulu\u015fturduk\u201d<\/span><br style=\"color: rgb(0, 0, 0); font-family: Tahoma, Arial, &quot;Times New Roman TUR&quot;, Verdana; font-size: 15px;\" \/><br \/>\n<span style=\"color: rgb(0, 0, 0); font-family: Tahoma, Arial, &quot;Times New Roman TUR&quot;, Verdana; font-size: 15px;\">Festivalin ev sahiplerinden T\u00fcrkiye Otelciler Federasyonu Ba\u015fkan\u0131 Osman Ay\u0131k ise T\u00fcrkiye Festivali ile al\u0131\u015f\u0131lm\u0131\u015f tan\u0131t\u0131m faaliyetlerinin d\u0131\u015f\u0131na \u00e7\u0131kmay\u0131 hedeflediklerini s\u00f6yledi. Ay\u0131k, \u015f\u00f6yle konu\u015ftu:<\/span><br style=\"color: rgb(0, 0, 0); font-family: Tahoma, Arial, &quot;Times New Roman TUR&quot;, Verdana; font-size: 15px;\" \/><br \/>\n<span style=\"color: rgb(0, 0, 0); font-family: Tahoma, Arial, &quot;Times New Roman TUR&quot;, Verdana; font-size: 15px;\">\u201cBu festival, iki \u00fclke aras\u0131ndaki d\u00fczelen ve geli\u015fen ili\u015fkileri tabana indirme amac\u0131yla d\u00fczenlendi. \u00dcst y\u00f6netimlerde ya\u015fanan yumu\u015faman\u0131n tabana yay\u0131lmas\u0131nda bir tak\u0131m s\u0131k\u0131nt\u0131lar oldu\u011funu biliyorduk. Rusya&#8217;da halk\u0131n belirli bir k\u0131sm\u0131 T\u00fcrkiye ile Rusya ili\u015fkilerin d\u00fczeldi\u011finin fark\u0131nda de\u011fil. Bu festival ile bu sorunu a\u015fmay\u0131 hedefledik. T\u00fcrkiye&#8217;yi \u00fc\u00e7 boyutlu olarak Rusya&#8217;ya getirmek ve halkla bulu\u015fturmak istedik; genel manzaraya bakt\u0131\u011f\u0131mda, olduk\u00e7a da ba\u015far\u0131l\u0131 oldu\u011fumuzu d\u00fc\u015f\u00fcn\u00fcyorum. A\u00e7\u0131k\u00e7as\u0131 festivale bu kadar b\u00fcy\u00fck bir ilgi ve kat\u0131l\u0131m olaca\u011f\u0131n\u0131 bizler de tahmin edemedik. \u00d6n\u00fcm\u00fczdeki y\u0131llarda \u00e7\u0131tay\u0131 daha yukar\u0131lara ta\u015f\u0131yaca\u011f\u0131m\u0131za inan\u0131yorum.\u201d<\/span><br style=\"color: rgb(0, 0, 0); font-family: Tahoma, Arial, &quot;Times New Roman TUR&quot;, Verdana; font-size: 15px;\" \/><br \/>\n<br style=\"color: rgb(0, 0, 0); font-family: Tahoma, Arial, &quot;Times New Roman TUR&quot;, Verdana; font-size: 15px;\" \/><br \/>\n<span style=\"color: rgb(0, 0, 0); font-family: Tahoma, Arial, &quot;Times New Roman TUR&quot;, Verdana; font-size: 15px;\">Gelecek sene i\u00e7in \u00e7al\u0131\u015fmalar ba\u015flad\u0131<\/span><br style=\"color: rgb(0, 0, 0); font-family: Tahoma, Arial, &quot;Times New Roman TUR&quot;, Verdana; font-size: 15px;\" \/><br \/>\n<span style=\"color: rgb(0, 0, 0); font-family: Tahoma, Arial, &quot;Times New Roman TUR&quot;, Verdana; font-size: 15px;\">T\u00fcrkiye Festivali Proje Direkt\u00f6rleri Haluk \u00d6zsevim de, \u201cT\u00fcrkiye Festivali ile 150 binin \u00fczerinde Rus ziyaret\u00e7i a\u011f\u0131rlad\u0131k. Festival sadece Rus ziyaret\u00e7ileri de\u011fil, Moskova\u2019ya farkl\u0131 \u00fclkelerden turistik ama\u00e7l\u0131 gelen insanlar\u0131 da a\u011f\u0131rlad\u0131. Festival ayr\u0131ca Rusya\u2019n\u0131n \u00f6nemli medya kurulu\u015flar\u0131nda da geni\u015f yer buldu. Bu sayede T\u00fcrkiye\u2019nin tan\u0131t\u0131m\u0131n\u0131 yapt\u0131\u011f\u0131m\u0131z festival milyonlarca insana ula\u015fm\u0131\u015f oldu. T\u00fcrkiye\u2019nin k\u00fclt\u00fcrel, sanatsal, turizm ve sportif y\u00f6n\u00fcn\u00fcn de tan\u0131t\u0131ld\u0131\u011f\u0131 T\u00fcrkiye Festivali, tan\u0131t\u0131m\u0131 farkl\u0131 bir boyuta ta\u015f\u0131d\u0131. Birebir insanlara dokunmay\u0131 ama\u00e7lad\u0131\u011f\u0131m\u0131z bu etkinlik ile do\u011frudan \u00f6nemli bir tan\u0131t\u0131m ger\u00e7ekle\u015ftirdik. Gelecek sene daha geni\u015f kapsaml\u0131 bir organizasyon i\u00e7in \u015fimdiden \u00e7al\u0131\u015fmalara ba\u015flad\u0131k. Bu festivalde eme\u011fi ge\u00e7en t\u00fcm kurum ve kurulu\u015flara te\u015fekk\u00fcr ediyoruz\u201d diye konu\u015ftu.<\/span><\/p>\n","protected":false},"excerpt":{"rendered":"<p>Rusya&#8217;n\u0131n ba\u015fkenti Moskova&#8217;da d\u00fczenlenen \u201cT\u00fcrkiye Festivali\u201d 150 binin \u00fczerinde ziyaret\u00e7i a\u011f\u0131rlad\u0131. &#8220;T\u00fcrkiye Festivali&#8221;, K\u00fclt\u00fcr ve Turizm Bakanl\u0131\u011f\u0131\u2019n\u0131n deste\u011fi, T\u00fcrkiye Otelciler Federasyonu (T\u00dcROFED), T\u00fcrkiye Seyahat Acenteleri Birli\u011fi (T\u00dcRSAB), T\u00fcrkiye Turizm Yat\u0131r\u0131mc\u0131lar\u0131 &hellip; <a href=\"https:\/\/akdenizolaygazetesi.com\/?p=1407\" class=\"more-link\">Devam\u0131n\u0131 Oku&#8230;<\/a><\/p>\n","protected":false},"author":1,"featured_media":0,"comment_status":"open","ping_status":"open","sticky":false,"template":"","format":"standard","meta":[],"categories":[],"tags":[],"_links":{"self":[{"href":"https:\/\/akdenizolaygazetesi.com\/index.php?rest_route=\/wp\/v2\/posts\/1407"}],"collection":[{"href":"https:\/\/akdenizolaygazetesi.com\/index.php?rest_route=\/wp\/v2\/posts"}],"about":[{"href":"https:\/\/akdenizolaygazetesi.com\/index.php?rest_route=\/wp\/v2\/types\/post"}],"author":[{"embeddable":true,"href":"https:\/\/akdenizolaygazetesi.com\/index.php?rest_route=\/wp\/v2\/users\/1"}],"replies":[{"embeddable":true,"href":"https:\/\/akdenizolaygazetesi.com\/index.php?rest_route=%2Fwp%2Fv2%2Fcomments&post=1407"}],"version-history":[{"count":0,"href":"https:\/\/akdenizolaygazetesi.com\/index.php?rest_route=\/wp\/v2\/posts\/1407\/revisions"}],"wp:attachment":[{"href":"https:\/\/akdenizolaygazetesi.com\/index.php?rest_route=%2Fwp%2Fv2%2Fmedia&parent=1407"}],"wp:term":[{"taxonomy":"category","embeddable":true,"href":"https:\/\/akdenizolaygazetesi.com\/index.php?rest_route=%2Fwp%2Fv2%2Fcategories&post=1407"},{"taxonomy":"post_tag","embeddable":true,"href":"https:\/\/akdenizolaygazetesi.com\/index.php?rest_route=%2Fwp%2Fv2%2Ftags&post=1407"}],"curies":[{"name":"wp","href":"https:\/\/api.w.org\/{rel}","templated":true}]}}