{"id":14076,"date":"2021-09-09T10:58:02","date_gmt":"2021-09-09T07:58:02","guid":{"rendered":"http:\/\/akdenizolaygazetesi.com\/?p=14076"},"modified":"2021-09-09T10:58:02","modified_gmt":"2021-09-09T07:58:02","slug":"korkut-baskan-gultak-sayesinde-eksigimiz-kalmadi","status":"publish","type":"post","link":"https:\/\/akdenizolaygazetesi.com\/?p=14076","title":{"rendered":"Korkut; &#8220;Ba\u015fkan G\u00fcltak sayesinde eksi\u011fimiz kalmad\u0131&#8221;"},"content":{"rendered":"<p>Akdeniz Belediye Ba\u015fkan\u0131 M. Mustafa G\u00fcltak; Estonya&#8217;da yap\u0131lan \u00dcmitler Avrupa Tekvando \u015eampiyonas\u0131&#8217;nda 2. olan  Huri Korkut&#8217;u makam\u0131nda a\u011f\u0131rlad\u0131. Ba\u015fkan G\u00fcltak; &#8220;Aln\u0131n\u0131n teri ile bayra\u011f\u0131m\u0131z\u0131 defalarca g\u00f6klerde dalgaland\u0131ran Huri Korkut&#8217;u y\u00fcrekten tebrik ediyorum. \u00d6n\u00fcm\u00fczdeki y\u0131l itibar\u0131 ile k\u0131z\u0131m\u0131z\u0131 Akdeniz Belediyespor Kul\u00fcb\u00fc&#8217;n\u00fcn sporcusu olarak g\u00f6rmek istiyoruz&#8221; diye konu\u015ftu.<br \/>\nEstonya&#8217;da 24-27 A\u011fustos tarihlerinde ger\u00e7ekle\u015fen \u00dcmitler Avrupa Tekvando \u015eampiyonas\u0131&#8217;nda 73 kg&#8217;da 2. olan Huri Korkut, Akdeniz Belediye Ba\u015fkan\u0131 Mustafa G\u00fcltak&#8217;\u0131 ziyaret etti. Ziyarete tekvando antren\u00f6rleri Ahmet G\u00fcnd\u00fcz ile Sabahattin Erel de kat\u0131ld\u0131.<br \/>\nKorkut; &#8220;Ba\u015fkan G\u00fcltak sayesinde eksi\u011fimiz kalmad\u0131&#8221;<br \/>\nHuri Korkut, 2019 y\u0131l\u0131nda da Avrupa \u015eampiyonlu\u011fu elde etti\u011fini hat\u0131rlatarak, &#8220;O zaman ba\u015fkan\u0131m\u0131z\u0131n yan\u0131na geldi\u011fimde salon konusunda destek istemi\u015ftim. Sa\u011f olsun desteklerini yine esirgemedi. \u015eu an salonumuz \u00e7ok g\u00fczel bir d\u00fczeye geldi. D\u00f6rt d\u00f6rtl\u00fck antrenman yap\u0131yoruz. \u00c7ok \u015f\u00fck\u00fcr hi\u00e7bir \u015feyimiz eksik de\u011fil. Hedefim 2024 Paris Olimpiyatlar\u0131na kat\u0131l\u0131p alt\u0131n madalya kazanmakt\u0131r. Bunun i\u00e7in s\u00f6z veriyorum. Akdeniz Belediye Ba\u015fkan\u0131 Mustafa G\u00fcltak&#8217;a biz sporculara verdi\u011fi desteklerden \u00f6t\u00fcr\u00fc sonsuz te\u015fekk\u00fcrlerimi sunuyorum&#8221; dedi.<br \/>\nG\u00fcnd\u00fcz; &#8220;Mustafa G\u00fcltak salonumuzun \u00e7al\u0131\u015f\u0131labilir bir hale gelmesini sa\u011flad\u0131&#8221;<br \/>\nY\u0131ld\u0131z sporcunun antren\u00f6r\u00fc Ahmet G\u00fcnd\u00fcz ise &#8220;Salonumuzun \u015fartlar\u0131 hakikatten \u00e7ok k\u00f6t\u00fcyd\u00fc. Say\u0131n Mustafa G\u00fcltak Ba\u015fkan\u0131m\u0131z o salon i\u00e7in gerekeni yapt\u0131. S\u0131vas\u0131ndan, boyas\u0131na, soyunma odalar\u0131na kadar yenilendi. Ger\u00e7ekten \u00e7al\u0131\u015f\u0131labilir bir hale getirdi. Bundan dolay\u0131 da Huri k\u0131z\u0131m\u0131zla beraber Say\u0131n Ba\u015fkan&#8217;a te\u015fekk\u00fcr ziyaretinde bulunmak istedik. Ba\u015fkan\u0131m desteklerini s\u00fcrd\u00fcrece\u011fini s\u00f6yleyerek bizleri \u00e7ok mutlu etti. Bundan sonra da \u00e7al\u0131\u015fmalar\u0131m\u0131za ayn\u0131 h\u0131z ve azimle devam edece\u011fiz&#8221; ifadelerini kulland\u0131.<br \/>\nBa\u015fkan G\u00fcltak; &#8220;\u00d6n\u00fcnde ba\u015far\u0131 hikayelerinin olaca\u011f\u0131 \u00e7ok uzun y\u0131llar var&#8221;<br \/>\nBa\u015fkan Mustafa G\u00fcltak ise Huri Korkut&#8217;un Estonya&#8217;daki m\u00fcsabakada finalde berabere biten ma\u00e7\u0131 hakem karar\u0131 ile 2. olarak noktalad\u0131\u011f\u0131n\u0131 hat\u0131rlatarak, &#8220;Huri asl\u0131nda bir nevi Avrupa \u015eampiyonu say\u0131l\u0131r. Zaten 2019&#8217;da kendisi Avrupa \u015eampiyonu da olmu\u015ftu. Ya\u015f\u0131 hen\u00fcz 20, \u00f6n\u00fcnde ba\u015far\u0131 hikayelerinin olaca\u011f\u0131 \u00e7ok uzun y\u0131llar var. Biz kendisinden D\u00fcnya ve Olimpiyat \u015eampiyonlu\u011fu bekliyoruz. Hocalar\u0131m\u0131z bundan 1 y\u0131l \u00f6nce bize geldiklerinde \u00e7al\u0131\u015fma \u015fartlar\u0131n\u0131n \u00e7ok k\u00f6t\u00fc oldu\u011funu s\u00f6ylemi\u015flerdi. Belediyemiz imkanlar\u0131 dahilinde biz de salonu \u00e7al\u0131\u015f\u0131l\u0131r bir hale getirdik. Bu da onlar\u0131 rahatlatt\u0131. Daha konforlu bir ortamda antrenman yapmalar\u0131n\u0131 sa\u011flad\u0131&#8221; \u015feklinde konu\u015ftu.<\/p>\n<p>&#8220;Huri&#8217;yi Akdeniz Belediyespor&#8217;da g\u00f6rmek istiyoruz&#8221;<br \/>\nBa\u015fkan Mustafa G\u00fcltak; y\u0131ld\u0131z sporcunun d\u0131\u015far\u0131da farkl\u0131 bir kul\u00fcple anla\u015fmas\u0131na gerek kalmadan harekete ge\u00e7eceklerini s\u00f6zlerine ekleyerek, &#8220;Yurt i\u00e7i ya da yurt d\u0131\u015f\u0131 m\u00fcsabakalara gidece\u011fiz zaman biz ona destek olaca\u011f\u0131z. \u015eampiyonluklar\u0131nda madden ve manen desteklemeyi s\u00fcrd\u00fcrece\u011fiz. Kafas\u0131nda, &#8216;\u015fu m\u00fcsabakaya gidebilecek miyim&#8217;, &#8216;giderken destek bulabilecek miyim&#8217; gibi sorular, s\u0131k\u0131nt\u0131lar olsun istemiyoruz.  Onu b\u0131rakmak istemiyoruz. \u00d6n\u00fcm\u00fczdeki y\u0131l itibar\u0131 ile k\u0131z\u0131m\u0131z\u0131 Akdeniz Belediyesispor Kul\u00fcb\u00fc&#8217;n\u00fcn sporcusu olarak g\u00f6rmek istiyoruz. K\u0131z\u0131m\u0131z\u0131n ba\u015far\u0131s\u0131 \u00fclkemize, Akdeniz&#8217;e hay\u0131rl\u0131 u\u011furlu olsun&#8221; dedi.<br \/>\n&#8220;Sporcumuzun maddi ve manevi yan\u0131nda olaca\u011f\u0131z&#8221;<br \/>\nBa\u015fkan G\u00fcltak,  Akdeniz&#8217;de \u00f6zellikle uyu\u015fturucu ve ter\u00f6rle m\u00fccadele noktas\u0131nda sporu fazlas\u0131yla \u00f6nemsediklerine vurgu yaparak; &#8220;B\u00f6lgemizde de Huri Korkut gibi farkl\u0131 alanlarda \u00e7ok ba\u015far\u0131l\u0131 sporcular\u0131m\u0131z var. Onlar\u0131 da destekliyoruz. Onlar bizim gururumuz. Y\u00fcce bayra\u011f\u0131m\u0131z\u0131 yurt d\u0131\u015f\u0131nda dalgaland\u0131r\u0131yorlar. Bizim de en b\u00fcy\u00fck vazifelerimizden biri de onlar\u0131n maddi manevi yan\u0131nda olmakt\u0131r. Umuyorum ki 2024 Paris Olimpiyatlar\u0131na kat\u0131ld\u0131\u011f\u0131n\u0131 ve madalya ile d\u00f6nd\u00fc\u011f\u00fcn\u00fc g\u00f6r\u00fcr\u00fcz. Bu bize gurur verir. Biz de sporcumuzun yan\u0131nda olaca\u011f\u0131z. Aln\u0131n\u0131n terinden ve bayra\u011f\u0131m\u0131z\u0131 g\u00f6klere \u00e7\u0131kard\u0131\u011f\u0131ndan dolay\u0131 kendisine, ailesine ve hocalar\u0131na te\u015fekk\u00fcr ediyorum&#8221; ifadelerini kulland\u0131.<\/p>\n","protected":false},"excerpt":{"rendered":"<p>Akdeniz Belediye Ba\u015fkan\u0131 M. Mustafa G\u00fcltak; Estonya&#8217;da yap\u0131lan \u00dcmitler Avrupa Tekvando \u015eampiyonas\u0131&#8217;nda 2. olan Huri Korkut&#8217;u makam\u0131nda a\u011f\u0131rlad\u0131. Ba\u015fkan G\u00fcltak; &#8220;Aln\u0131n\u0131n teri ile bayra\u011f\u0131m\u0131z\u0131 defalarca g\u00f6klerde dalgaland\u0131ran Huri Korkut&#8217;u y\u00fcrekten &hellip; <a href=\"https:\/\/akdenizolaygazetesi.com\/?p=14076\" class=\"more-link\">Devam\u0131n\u0131 Oku&#8230;<\/a><\/p>\n","protected":false},"author":2,"featured_media":14077,"comment_status":"open","ping_status":"open","sticky":false,"template":"","format":"standard","meta":[],"categories":[3,5,10],"tags":[],"_links":{"self":[{"href":"https:\/\/akdenizolaygazetesi.com\/index.php?rest_route=\/wp\/v2\/posts\/14076"}],"collection":[{"href":"https:\/\/akdenizolaygazetesi.com\/index.php?rest_route=\/wp\/v2\/posts"}],"about":[{"href":"https:\/\/akdenizolaygazetesi.com\/index.php?rest_route=\/wp\/v2\/types\/post"}],"author":[{"embeddable":true,"href":"https:\/\/akdenizolaygazetesi.com\/index.php?rest_route=\/wp\/v2\/users\/2"}],"replies":[{"embeddable":true,"href":"https:\/\/akdenizolaygazetesi.com\/index.php?rest_route=%2Fwp%2Fv2%2Fcomments&post=14076"}],"version-history":[{"count":1,"href":"https:\/\/akdenizolaygazetesi.com\/index.php?rest_route=\/wp\/v2\/posts\/14076\/revisions"}],"predecessor-version":[{"id":14078,"href":"https:\/\/akdenizolaygazetesi.com\/index.php?rest_route=\/wp\/v2\/posts\/14076\/revisions\/14078"}],"wp:featuredmedia":[{"embeddable":true,"href":"https:\/\/akdenizolaygazetesi.com\/index.php?rest_route=\/wp\/v2\/media\/14077"}],"wp:attachment":[{"href":"https:\/\/akdenizolaygazetesi.com\/index.php?rest_route=%2Fwp%2Fv2%2Fmedia&parent=14076"}],"wp:term":[{"taxonomy":"category","embeddable":true,"href":"https:\/\/akdenizolaygazetesi.com\/index.php?rest_route=%2Fwp%2Fv2%2Fcategories&post=14076"},{"taxonomy":"post_tag","embeddable":true,"href":"https:\/\/akdenizolaygazetesi.com\/index.php?rest_route=%2Fwp%2Fv2%2Ftags&post=14076"}],"curies":[{"name":"wp","href":"https:\/\/api.w.org\/{rel}","templated":true}]}}