{"id":14082,"date":"2021-09-09T11:01:06","date_gmt":"2021-09-09T08:01:06","guid":{"rendered":"http:\/\/akdenizolaygazetesi.com\/?p=14082"},"modified":"2021-09-09T11:01:06","modified_gmt":"2021-09-09T08:01:06","slug":"meral-secer-mersinden-kadin-kooperatifinin-surdurulebilir-gida-girisimciligi-calismalarini-anlatti","status":"publish","type":"post","link":"https:\/\/akdenizolaygazetesi.com\/?p=14082","title":{"rendered":"MERAL SE\u00c7ER, MERS\u0130NDEN KADIN KOOPERAT\u0130F\u0130\u2019N\u0130N \u2018S\u00dcRD\u00dcR\u00dcLEB\u0130L\u0130R GIDA G\u0130R\u0130\u015e\u0130MC\u0130L\u0130\u011e\u0130\u2019 \u00c7ALI\u015eMALARINI ANLATTI"},"content":{"rendered":"<p>Mersin B\u00fcy\u00fck\u015fehir Belediyesi ve 7 \u00fcniversitenin payda\u015f kurumlar aras\u0131nda yer ald\u0131\u011f\u0131 \u201c\u0130novatif ve S\u00fcrd\u00fcr\u00fclebilir G\u0131da Giri\u015fimcili\u011fi Paneli\u201d Toros \u00dcniversitesi\u2019nin ev sahipli\u011finde ger\u00e7ekle\u015fti. Gastronomi, Beslenme ve G\u0131da Teknolojileri Ulusal Sempozyumu kapsam\u0131nda \u00e7evrimi\u00e7i ger\u00e7ekle\u015fen panelin moderat\u00f6rl\u00fc\u011f\u00fcn\u00fc Giri\u015fimci \u0130\u015f Kad\u0131nlar\u0131 Derne\u011fi Dan\u0131\u015fma Kurulu Ba\u015fkan\u0131 Ayferi Tu\u011fcu yapt\u0131. \u00d6n lisans, lisans, y\u00fcksek lisans ve doktora \u00f6\u011frencilerinin izleyici olarak yer ald\u0131\u011f\u0131 panelde; Mersinden Kad\u0131n Kooperatifi Ba\u015fkan\u0131 Meral Se\u00e7er, Beslenme ve Diyet Uzman\u0131 Dilara Ko\u00e7ak ile \u015eef Elif Edes Tapan konu\u015fmac\u0131 olarak yer ald\u0131.<\/p>\n<p>Tu\u011fcu: \u201cHedef; kaliteli y\u00fcksek verimlilik\u201d<\/p>\n<p>Mersin B\u00fcy\u00fck\u015fehir Belediyesi\u2019nin yan\u0131 s\u0131ra Gaziantep \u00dcniversitesi, Harran \u00dcniversitesi, Sivas Cumhuriyet \u00dcniversitesi, Ayd\u0131n Adnan Menderes \u00dcniversitesi, Akdeniz \u00dcniversitesi, \u0130zmir Katip \u00c7elebi \u00dcniversitesi ile Sakarya \u00dcniversitesi\u2019nin payda\u015f kurumlar aras\u0131nda yer ald\u0131\u011f\u0131 panelin a\u00e7\u0131l\u0131\u015f konu\u015fmas\u0131n\u0131 yapan moderat\u00f6r Ayferi Tu\u011fcu, \u201cG\u0131da g\u00fcvenli\u011fi ve g\u00fcvenilirli\u011fi Covid-19 s\u00fcrecinde bir kez daha ne kadar \u00f6nem arz etti\u011fini ispat etti. Panelimizde de bu konuyu g\u0131dada yenilik ve devaml\u0131l\u0131k ekseninden de\u011ferlendirme \u015fans\u0131 yakalam\u0131\u015f olaca\u011f\u0131z. Hedef; kaliteli y\u00fcksek verimlilik\u201d dedi.<\/p>\n<p>Se\u00e7er: \u201cG\u0131dan\u0131n s\u00fcrd\u00fcr\u00fclebilirli\u011fi bizim en ba\u015f konumuz oldu\u201d<\/p>\n<p>Panelin ilk konu\u015fmac\u0131s\u0131 olan Mersinden Kad\u0131n Kooperatifi Ba\u015fkan\u0131 Meral Se\u00e7er, kendisinin de Ziraat M\u00fchendisi oldu\u011funu belirterek, s\u00fcrd\u00fcr\u00fclebilir tar\u0131msal \u00fcretiminin \u00f6nemine vurgu yapt\u0131. Kooperatif olarak 2 y\u0131l\u0131 tamamlamak \u00fczere olduklar\u0131n\u0131 ve \u00f6nemli \u00e7al\u0131\u015fmalar y\u00fcr\u00fctt\u00fcklerini kaydeden Se\u00e7er, \u201cBiz s\u00fcrd\u00fcr\u00fclebilirli\u011fi \u00e7ok \u00f6nemsiyoruz. Bizim kooperatifin kurulu\u015f amac\u0131nda da s\u00fcrd\u00fcr\u00fclebilir olmas\u0131, yapt\u0131\u011f\u0131m\u0131z faaliyetlerin de s\u00fcrd\u00fcr\u00fclebilir olmas\u0131 \u00e7ok \u00f6nemliydi. Y\u00f6netim olarak, kooperatif olarak bu vizyonla, bu misyonla hareket ettik. Mersinden Kad\u0131n Kooperatifi olarak \u2018bu konuda neler yapabiliriz\u2019 diye d\u00fc\u015f\u00fcnd\u00fc\u011f\u00fcm\u00fczde kooperatif faaliyetleri i\u00e7erisinde tekstil, s\u00fcs bitkileri, g\u0131da ve geleneksel el i\u015flerinin ya\u015fat\u0131lmas\u0131 ve aktar\u0131lmas\u0131 gerekiyordu. Burada g\u0131dan\u0131n s\u00fcrd\u00fcr\u00fclebilirli\u011fi de bizim en ba\u015f konumuz oldu\u201d dedi.<\/p>\n<p>\u201cAmac\u0131m\u0131z, tar\u0131mda ve g\u0131dada s\u00fcrd\u00fcr\u00fclebilirli\u011fe destek vermekti\u201d<\/p>\n<p>Meral Se\u00e7er, Mersin B\u00fcy\u00fck\u015fehir Belediyesi ile Konya Bahri Da\u011fda\u015f Uluslararas\u0131 Ara\u015ft\u0131rma Enstit\u00fcs\u00fc\u2019n\u00fcn 2020 y\u0131l\u0131nda atal\u0131k sar\u0131 bu\u011fday \u00fcretiminin yayg\u0131nla\u015ft\u0131r\u0131lmas\u0131 amac\u0131yla ba\u015flatt\u0131klar\u0131 projeye Mersinden Kad\u0131n Kooperatifi\u2019nin payda\u015f olarak kat\u0131ld\u0131\u011f\u0131n\u0131 kaydetti. Bu projedeki ama\u00e7lar\u0131ndan bahseden Se\u00e7er, \u201cAmac\u0131m\u0131z, tar\u0131mda ve g\u0131dada s\u00fcrd\u00fcr\u00fclebilirli\u011fe destek vermekti. Kooperatif olarak bu payda\u015fl\u0131k s\u00fcrecinde proje sonucunda \u00e7\u0131kan bu\u011fdaylar\u0131 alarak bulgur, eri\u015fte, un gibi katma de\u011ferli \u00fcr\u00fcnler haline getirdik. Yap\u0131lan bu \u00e7al\u0131\u015fman\u0131n da ger\u00e7ekten bir kar\u015f\u0131l\u0131\u011f\u0131 oldu\u011funu g\u00f6rd\u00fck\u201d diye konu\u015ftu.<\/p>\n<p>Projeye 5 ton bu\u011fdayla ba\u015fland\u0131\u011f\u0131n\u0131 s\u00f6zlerine ekleyen Meral Se\u00e7er, \u015f\u00f6yle devam etti:<\/p>\n<p>\u201cKendi co\u011frafyas\u0131nda yeti\u015fen, ila\u00e7 kullanmadan, insan sa\u011fl\u0131\u011f\u0131na destek veren, geneti\u011fiyle oynanmam\u0131\u015f tohumlar. Bunlar\u0131n yayg\u0131nla\u015fmas\u0131 ve bunun talep edilmesi bizim i\u00e7in \u00e7ok \u00f6nemliydi. Bu y\u0131l bunu 20 tona \u00e7\u0131kartmam\u0131z da bunun bir kan\u0131t\u0131 oldu ve ger\u00e7ekten mutluluk verici.\u201d<\/p>\n<p>\u201cNohutlar\u0131 inovatif \u00fcr\u00fcnler haline \u00e7evirerek daha katma de\u011ferli \u00fcr\u00fcnler haline getirece\u011fiz\u201d<\/p>\n<p>\u0130ki kurumun ata tohumu nohut ekimi i\u00e7in benzer bir projeyi G\u00fclnar\u2019da da hayata ge\u00e7irdi\u011fini belirten Meral Se\u00e7er, \u201cMersinden Kad\u0131n Kooperatifi olarak bu projeye payda\u015f olduk ve burada hasat edilen nohutlar\u0131 kooperatif olarak ald\u0131k. Burada ata tohumu bu\u011fdaydan farkl\u0131 bir \u00e7al\u0131\u015fma yap\u0131yoruz. \u00c7\u00fcnk\u00fc bu \u00fcr\u00fcn\u00fcn daha katma de\u011ferli \u00fcr\u00fcn haline gelmesi, insanlar\u0131n ihtiyac\u0131 do\u011frultusunda alabilmesi i\u00e7in inovatif \u00fcr\u00fcnler \u00e7\u0131kartmam\u0131z gerekiyordu. Uzmanlarla birlikte bu konuda \u00e7al\u0131\u015fma yap\u0131yoruz ve sonuna geldik\u201d ifadelerine yer verdi.<\/p>\n<p>Burada yeti\u015fen nohutlar\u0131n gl\u00fctensiz oldu\u011funa da dikkat \u00e7eken Se\u00e7er, \u201cGl\u00fctensiz beslenme ihtiyac\u0131 duyan, o \u015fekilde beslenmeyi tercih eden; sa\u011fl\u0131k durumundan veya tercih sebebinden kullan\u0131lmak istenen bu \u00fcr\u00fcnleri biz inovatif \u00fcr\u00fcnler haline \u00e7evirerek daha katma de\u011ferli \u00fcr\u00fcnler haline getirece\u011fiz\u201d dedi.<\/p>\n<p>Se\u00e7er\u2019den inovatif \u00e7al\u0131\u015fmalara bir \u00f6rnek daha: \u201cG\u00fcne\u015f Enerjisi ile Kurutma Tesisi\u201d<\/p>\n<p>Do\u011fa dostu, co\u011frafi i\u015faretli ve organik tar\u0131mla \u00fcretilmi\u015f \u00fcr\u00fcnleri de\u011ferlendirmeye devam ettiklerini s\u00f6yleyen Meral Se\u00e7er, Mersinden Kad\u0131n Kooperatifi\u2019nin G\u00fcne\u015f Enerjisi ile Kurutma Tesisi\u2019nden de bahsetti. Se\u00e7er, \u015funlar\u0131 s\u00f6yledi:<\/p>\n<p>\u201cKooperatif olarak inovatif \u00e7al\u0131\u015fmalara \u00f6rnek verecek olursak; kurutma tesisimiz var. \u00dcr\u00fcnlerin kurutulmas\u0131 geleneklerimizden geliyor. Mevsiminde yeti\u015fen \u00fcr\u00fcnleri ba\u015fka mevsimde kullanmak \u00fczere atalar\u0131m\u0131z g\u00fcne\u015f \u0131\u015f\u0131\u011f\u0131nda kurutarak kullan\u0131yorlard\u0131. \u015eu anda Mersinden Kad\u0131n Kooperatifi olarak G\u00fcne\u015f Enerji Sistemiyle \u00e7al\u0131\u015fan bir kurutma tesisimiz var. Kurutmay\u0131 tamamen serada ve g\u00fcne\u015f \u0131\u015f\u0131\u011f\u0131 alt\u0131nda yap\u0131yoruz. \u0130htiya\u00e7 duyulan makinelerin \u00e7al\u0131\u015fmas\u0131 i\u00e7in gerekli olan enerjiyi de g\u00fcne\u015f enerjisinden al\u0131yoruz. Dolay\u0131s\u0131yla bu d\u00f6nemde ihtiya\u00e7 duyan, kullanmak isteyen herkesi; g\u00fcne\u015f \u0131\u015f\u0131\u011f\u0131nda kurutulmu\u015f, tamamen hijyenik ko\u015fullarda ve farkl\u0131 katma de\u011ferlere d\u00f6n\u00fc\u015ft\u00fcr\u00fclm\u00fc\u015f \u00fcr\u00fcnlerle bulu\u015fturma f\u0131rsat\u0131 bulabiliyoruz.\u201d<\/p>\n<p>\u201cYapt\u0131\u011f\u0131m\u0131z i\u015fin s\u00fcrd\u00fcr\u00fclebilir olmas\u0131 i\u00e7in kad\u0131nlar\u0131m\u0131z\u0131 kay\u0131t alt\u0131na ald\u0131k\u201d<\/p>\n<p>Panelin ilerleyen dakikalar\u0131nda Mersinden Kad\u0131n Kooperatifi\u2019nin kurulu\u015f a\u015famas\u0131n\u0131 anlatan Meral Se\u00e7er, her biri farkl\u0131 alanlarda \u00e7al\u0131\u015fma y\u00fcr\u00fcten kurucu ortaklarla birlikte kentin 13 il\u00e7esini gezerek, \u00fcretim \u00e7al\u0131\u015fmalar\u0131n\u0131 yerinde g\u00f6rd\u00fcklerini kaydetti. 2 y\u0131ll\u0131k s\u00fcrecin devam\u0131nda 13 il\u00e7eyi yeniden ziyaret edeceklerini s\u00f6yleyen Se\u00e7er, katma de\u011fere d\u00f6n\u00fc\u015ft\u00fcrd\u00fckleri \u00fcr\u00fcnlerin y\u00f6rede kendi ko\u015fullar\u0131nda yeti\u015fen \u00fcr\u00fcnlerden ortaya \u00e7\u0131kt\u0131\u011f\u0131n\u0131 vurgulad\u0131.<\/p>\n<p>Bu \u00e7al\u0131\u015fmalar s\u0131ras\u0131nda kad\u0131nlardan ald\u0131klar\u0131 \u201cbiz ne yapabiliriz\u201d sorusunun dayan\u0131\u015fmay\u0131 g\u00fc\u00e7lendirdi\u011fini belirten Meral Se\u00e7er, \u201cKad\u0131nlar\u0131 g\u00fc\u00e7lendirmek; sosyal alanda, ekonomik alanda g\u00fc\u00e7lenmelerini sa\u011flamak i\u00e7in bunlar\u0131n bir \u00f6rg\u00fctlenme \u015fekli gerekiyordu. En demokratik \u00f6rg\u00fctlenme ve \u00fcretim bi\u00e7imi kooperatif\u00e7ilikten ge\u00e7iyordu. B\u00f6yle ba\u015flad\u0131k. Kooperatif ortaklar\u0131m\u0131z\u0131n ortak noktas\u0131 g\u00f6n\u00fcll\u00fcl\u00fck esaslar\u0131n\u0131n olmas\u0131, profesyonelliklerini sunmalar\u0131 ve amat\u00f6r ruhla \u00e7al\u0131\u015fmalar\u0131. 10 ortakl\u0131y\u0131z, 305 kad\u0131nla birlikte \u00e7al\u0131\u015ft\u0131k. Yani 305 kad\u0131n bu \u00e7al\u0131\u015fmalar\u0131m\u0131za bire bir destek verdi ve emeklerinin kar\u015f\u0131l\u0131\u011f\u0131n\u0131 ald\u0131lar. Bu y\u0131l da \u015fimdiden daha fazla kad\u0131na ula\u015f\u0131ld\u0131 ve biz yapt\u0131\u011f\u0131m\u0131z i\u015fin s\u00fcrd\u00fcr\u00fclebilir olmas\u0131, devaml\u0131l\u0131\u011f\u0131n\u0131n olabilmesi i\u00e7in bu kad\u0131nlar\u0131m\u0131z\u0131 kay\u0131t alt\u0131na ald\u0131k. S\u00fcrekli irtibat halindeyiz. \u015eu konuda \u00e7ok mutluyuz; kad\u0131nlar\u0131m\u0131z geli\u015fmeye, \u00f6\u011frenmeye \u00e7ok a\u00e7\u0131klar ve yapt\u0131k\u00e7a daha mutlu olduklar\u0131n\u0131 ve \u00f6z g\u00fcvenlerinin artt\u0131\u011f\u0131n\u0131 g\u00f6r\u00fcyoruz\u201d dedi.<\/p>\n<p>\u201cToprak, hava ve su hastayken insanlara iyi beslenme \u00f6nerileri vermem m\u00fcmk\u00fcn de\u011fil\u201d<\/p>\n<p>Beslenme ve Diyet Uzman\u0131, S\u00fcrd\u00fcr\u00fclebilir Ya\u015fam Aktivisti Dilara Ko\u00e7ak ise \u2018s\u0131f\u0131r at\u0131k s\u0131f\u0131r a\u00e7l\u0131k\u2019 misyonuyla hareket etti\u011fini ve yapt\u0131\u011f\u0131 \u00e7al\u0131\u015fmalarda a\u00e7l\u0131k ile yoksulluk \u00fczerine yo\u011funla\u015ft\u0131\u011f\u0131n\u0131 belirtti. G\u0131da at\u0131klar\u0131n\u0131n de\u011ferlendirilmesi noktas\u0131nda notlar da payla\u015fan Ko\u00e7ak, \u201cBireylerin sa\u011fl\u0131\u011f\u0131 i\u00e7in bizim \u00f6ncelikle gezegenin sa\u011fl\u0131\u011f\u0131n\u0131 d\u00fc\u015f\u00fcnmemiz gerekiyor. Ben yakla\u015f\u0131k 5 y\u0131l \u00f6nce bu konuda kafa yorarken; toprak hasta diyorum, hava hasta diyorum, su hasta diyorum. Yani bunlar hastayken benim insanlara iyi beslenme \u00f6nerileri vermem m\u00fcmk\u00fcn de\u011fil. \u00c7\u00fcnk\u00fc o topraktan hasat edilen \u00fcr\u00fcn e\u011fer sa\u011fl\u0131kl\u0131 de\u011filse bunun insan sa\u011fl\u0131\u011f\u0131na da bir faydas\u0131 olmas\u0131n\u0131 bekleyemeyiz\u201d dedi.<\/p>\n<p>Son d\u00f6nemde bir g\u0131da giri\u015fimcisi oldu\u011funu vurgulayan Ko\u00e7ak, \u201cKendi markamla \u00fcr\u00fcnler \u00e7\u0131kartt\u0131m. Ama bu \u00fcr\u00fcnlerin bir misyonu var. \u2018Gelece\u011fi Besle\u2019 hareketine destek veriyorlar. \u2018Gelece\u011fi Besle\u2019 hareketi bir sosyal hareket. Bizim sanal d\u00fckkan\u0131m\u0131zda 19 \u00fcr\u00fcn\u00fcm\u00fcz var. M\u00fcmk\u00fcn oldu\u011funca bu i\u00e7erikleri kad\u0131n kooperatiflerimizden al\u0131yoruz\u201d diye konu\u015ftu.<\/p>\n<p>\u201cLimon, salataya s\u0131k\u0131lan bir \u015feyden \u00e7ok daha \u00f6tesidir\u201d<\/p>\n<p>\u201cMutlu Mutfak\u201d Markas\u0131 Kurucusu \u015eef Elif Edes Tapan da \u00f6rnekler \u00fczerinden inovatif g\u0131da \u00fcretimine dikkat \u00e7ekti. Mersin denildi\u011finde akla \u2018tantuni\u2019 geldi\u011fini kaydeden Tapan, deniz \u00fcr\u00fcnlerine yeteri kadar a\u011f\u0131rl\u0131k verilmedi\u011fini savundu. Yosunun katma de\u011fere d\u00f6n\u00fc\u015ft\u00fcr\u00fclebilmesi noktas\u0131nda olduk\u00e7a \u00f6nemli bir \u00fcr\u00fcn oldu\u011funa dikkat \u00e7eken Tapan, narenciye \u00fcr\u00fcnlerine de de\u011findi.<\/p>\n<p>Narenciye \u00fczerine festivallerin yap\u0131ld\u0131\u011f\u0131 bir kentte limon ve portakal\u0131n daha iyi de\u011ferlendirilebilece\u011fini vurgulayan Tapan, \u201cLimon salataya s\u0131k\u0131lan bir \u015feyden \u00e7ok daha \u00f6tesidir. Portakal keza \u00f6yle. \u00c7ok daha fazla kullan\u0131labilir alan\u0131 vard\u0131r. Bizim bu kadar k\u0131ymetli bir \u00fcr\u00fcn\u00fcm\u00fcz var ve kullanmay\u0131 bilmedi\u011fimizi d\u00fc\u015f\u00fcn\u00fcyorum a\u00e7\u0131k\u00e7as\u0131. Ama esas bu \u00fcr\u00fcnlerin \u00e7\u0131kt\u0131\u011f\u0131 noktalardaki ki\u015filerin \u00fcr\u00fcnleri daha iyi anlay\u0131p bunlara katma de\u011fer ilave edilmi\u015f yenilikler yapmalar\u0131 laz\u0131m\u201d dedi.<\/p>\n<p>Konu\u015fmac\u0131lar, panelin sonunda bilginin payla\u015ft\u0131k\u00e7a b\u00fcy\u00fcyece\u011fi y\u00f6n\u00fcnde vurgu yapt\u0131. Yap\u0131lan panel ve i\u015f birli\u011fi sayesinde fikirlerin payla\u015f\u0131ld\u0131\u011f\u0131n\u0131 belirten kat\u0131l\u0131mc\u0131lar, bunun ilerleyen s\u00fcre\u00e7lerin ilk ad\u0131m\u0131 oldu\u011funun mesaj\u0131n\u0131 verdi.<\/p>\n","protected":false},"excerpt":{"rendered":"<p>Mersin B\u00fcy\u00fck\u015fehir Belediyesi ve 7 \u00fcniversitenin payda\u015f kurumlar aras\u0131nda yer ald\u0131\u011f\u0131 \u201c\u0130novatif ve S\u00fcrd\u00fcr\u00fclebilir G\u0131da Giri\u015fimcili\u011fi Paneli\u201d Toros \u00dcniversitesi\u2019nin ev sahipli\u011finde ger\u00e7ekle\u015fti. Gastronomi, Beslenme ve G\u0131da Teknolojileri Ulusal Sempozyumu kapsam\u0131nda &hellip; <a href=\"https:\/\/akdenizolaygazetesi.com\/?p=14082\" class=\"more-link\">Devam\u0131n\u0131 Oku&#8230;<\/a><\/p>\n","protected":false},"author":2,"featured_media":14083,"comment_status":"open","ping_status":"open","sticky":false,"template":"","format":"standard","meta":[],"categories":[34,1,3,5],"tags":[],"_links":{"self":[{"href":"https:\/\/akdenizolaygazetesi.com\/index.php?rest_route=\/wp\/v2\/posts\/14082"}],"collection":[{"href":"https:\/\/akdenizolaygazetesi.com\/index.php?rest_route=\/wp\/v2\/posts"}],"about":[{"href":"https:\/\/akdenizolaygazetesi.com\/index.php?rest_route=\/wp\/v2\/types\/post"}],"author":[{"embeddable":true,"href":"https:\/\/akdenizolaygazetesi.com\/index.php?rest_route=\/wp\/v2\/users\/2"}],"replies":[{"embeddable":true,"href":"https:\/\/akdenizolaygazetesi.com\/index.php?rest_route=%2Fwp%2Fv2%2Fcomments&post=14082"}],"version-history":[{"count":1,"href":"https:\/\/akdenizolaygazetesi.com\/index.php?rest_route=\/wp\/v2\/posts\/14082\/revisions"}],"predecessor-version":[{"id":14084,"href":"https:\/\/akdenizolaygazetesi.com\/index.php?rest_route=\/wp\/v2\/posts\/14082\/revisions\/14084"}],"wp:featuredmedia":[{"embeddable":true,"href":"https:\/\/akdenizolaygazetesi.com\/index.php?rest_route=\/wp\/v2\/media\/14083"}],"wp:attachment":[{"href":"https:\/\/akdenizolaygazetesi.com\/index.php?rest_route=%2Fwp%2Fv2%2Fmedia&parent=14082"}],"wp:term":[{"taxonomy":"category","embeddable":true,"href":"https:\/\/akdenizolaygazetesi.com\/index.php?rest_route=%2Fwp%2Fv2%2Fcategories&post=14082"},{"taxonomy":"post_tag","embeddable":true,"href":"https:\/\/akdenizolaygazetesi.com\/index.php?rest_route=%2Fwp%2Fv2%2Ftags&post=14082"}],"curies":[{"name":"wp","href":"https:\/\/api.w.org\/{rel}","templated":true}]}}